{"id":32400,"date":"2019-05-05T08:10:46","date_gmt":"2019-05-05T12:10:46","guid":{"rendered":"https:\/\/linitiative.ca\/International\/comin-yanga-grande-emotion-a-linhumation-des-enseignants-tues\/"},"modified":"2019-05-05T08:10:46","modified_gmt":"2019-05-05T12:10:46","slug":"comin-yanga-grande-emotion-a-linhumation-des-enseignants-tues","status":"publish","type":"post","link":"https:\/\/linitiative.ca\/International\/comin-yanga-grande-emotion-a-linhumation-des-enseignants-tues\/","title":{"rendered":"COMIN-YANGA : \u00a0Grande \u00e9motion \u00e0 l\u2019inhumation des enseignants tu\u00e9s\u00a0"},"content":{"rendered":"<p><img decoding=\"async\" class=\"post_layout_5_img\" src=\"http:\/\/lepays.bf\/wp-content\/uploads\/2019\/05\/01-7.jpg\" alt=\"COMIN-YANGA : \u00a0Grande \u00e9motion \u00e0 l\u2019inhumation des enseignants tu\u00e9s\u00a0\"\/><\/p>\n<p><strong><em>Les cinq enseignants tu\u00e9s \u00e0 l\u2019\u00e9cole de Ma\u00eftagou dans la province du Koulp\u00e9logo, r\u00e9gion du Centre-Est, le 26 avril 2019, ont \u00e9t\u00e9 inhum\u00e9s le mardi 30 avril au cimeti\u00e8re municipal de Tenkodogo. Pri\u00e8res, recueillement, d\u00e9corations \u00e0 titre posthume et oraisons fun\u00e8bres ont accompagn\u00e9 les disparus jusqu\u2019\u00e0 leur derni\u00e8re demeure.<\/em><\/strong><\/p>\n<p><strong>\u00a0<\/strong><\/p>\n<p class=\"c4\"><em>C\u2019est au cimeti\u00e8re municipal de Tenkodogo que reposent d\u00e9sormais les cinq enseignants froidement assassin\u00e9s dans la cour de l\u2019\u00e9cole de Ma\u00eftagou, dans la soir\u00e9e du vendredi 26 avril 2019. Ils y ont \u00e9t\u00e9 inhum\u00e9s le mardi 30 avril 2019, accompagn\u00e9s par leurs coll\u00e8gues, amis et parents, de noir v\u00eatus, en foulard ou brassard noir. C\u2019\u00e9tait \u00e9galement en pr\u00e9sence des ministres de l\u2019Education nationale, de l\u2019alphab\u00e9tisation et de la promotion des langues nationales, Pr Stanislas Ouaro, de la S\u00e9curit\u00e9, Ouss\u00e9ni Compaor\u00e9, de la Femme, de la solidarit\u00e9 nationale, de la famille et de l\u2019action humanitaire, H\u00e9l\u00e8ne Marie Laurence Ilboudo\/ Marchal, de la Sant\u00e9, Claudine Lougu\u00e9, des autorit\u00e9s de la r\u00e9gion, des forces de d\u00e9fense et de s\u00e9curit\u00e9 et de toute la population de Tenkodogo.<\/em><\/p>\n<p class=\"c4\"><em>C\u2019est aux environs de 15 heures 30 minutes que les corps des victimes de Ma\u00eftagou sont arriv\u00e9s au cimeti\u00e8re municipal de Tenkodogo pour leur inhumation. Les photos sur les cercueils \u00e9taient indicatives sur la jeunesse des disparus et cela a \u00e9t\u00e9 confirm\u00e9 par le Directeur r\u00e9gional de l\u2019\u00e9ducation pr\u00e9scolaire, primaire et non formelle (DREPPNF) du Centre-Est, Lucien Zour\u00e9, \u00e0 travers l\u2019oraison fun\u00e8bre qu\u2019il a lue. En effet, il a affirm\u00e9 que les coll\u00e8gues assassin\u00e9s \u00e9taient les instituteurs D\u00e9sir\u00e9 Banc\u00e9, 32 ans, 7 ans de service, Dieudonn\u00e9 Sandwidi, 32 ans, 2 ans de service, et Pakiemdan Sabdano, 23 ans, 1 an de service, et deux animateurs du centre \u00e0 passerelle\u00a0: Yougbar\u00e9 Alassane, 37 ans, 2 ans de service, et Hamad Bouda, 38 ans, 3 mois d\u2019activit\u00e9s. Avant leur inhumation, un c\u00e9r\u00e9monial d\u2019hommage de toute la nation a \u00e9t\u00e9 observ\u00e9. Il a d\u00e9but\u00e9 \u00e0 la morgue du Centre hospitalier r\u00e9gional (CHR) de Tenkodogo par le recueillement sur les corps. Autorit\u00e9s gouvernementales et r\u00e9gionales, coll\u00e8gues des d\u00e9funts et les autres forces de d\u00e9fense et de s\u00e9curit\u00e9, les parents des victimes se sont tous recueillis devant les corps mis dans des cercueils recouverts du drapeau national. La douleur \u00e9tait perceptible sur tous les visages. C\u2019est dans cette atmosph\u00e8re que les communaut\u00e9s musulmane, catholique, protestante et coutumi\u00e8re ont pri\u00e9 pour le repos des \u00e2mes des cinq enseignants. Apr\u00e8s cette \u00e9tape, un long cort\u00e8ge a accompagn\u00e9 les corps \u00e0 leur derni\u00e8re demeure sis au cimeti\u00e8re municipal de Tenkodogo o\u00f9 le c\u00e9r\u00e9monial s\u2019est poursuivi avec la d\u00e9coration \u00e0 titre posthume des cinq agents de l\u2019Education nationale tomb\u00e9s dans l\u2019exercice de leur fonction. Ils ont \u00e9t\u00e9 faits chevaliers de l\u2019ordre \u00a0des palmes acad\u00e9miques. Au cours de l\u2019oraison fun\u00e8bre, le DREPPNF a qualifi\u00e9 de \u00ab\u00a0terrible trag\u00e9die\u00a0\u00bb, ce qui s\u2019est pass\u00e9 le 26 avril 2019 \u00e0 Ma\u00eftagou. \u00ab\u00a0Ils \u00e9taient \u00e0 leur poste de travail, la craie \u00e0 la main pour dispenser \u00e0 leurs fr\u00e8res et s\u0153urs, filles et fils du village de Ma\u00eftagou ce dont ces derniers avaient besoin pour contribuer plus tard \u00e0 leur propre \u00e9panouissement ainsi qu\u2019\u00e0 celui de leur milieu de vie\u00a0\u00bb, a-t-il lanc\u00e9. C\u2019est un DR qui a tent\u00e9 avec une voix remplie d\u2019\u00e9motion d\u2019apaiser les c\u0153urs des parents, coll\u00e8gues et amis des cinq d\u00e9funts. Le MENA PLN a, au nom du pr\u00e9sident du Faso, du Premier ministre et du gouvernement, pr\u00e9sent\u00e9 ses condol\u00e9ances et traduit sa solidarit\u00e9 face \u00e0 l\u2019\u00e9preuve que traverse le monde \u00e9ducatif. \u00ab\u00a0Le gouvernement continuera de travailler et de faire tous les efforts pour assurer la s\u00e9curit\u00e9 des Burkinab\u00e8 en g\u00e9n\u00e9ral et celle des encadreurs du syst\u00e8me \u00e9ducatif en particulier\u00a0\u00bb\u00a0; tel \u00e9tait l\u2019autre message dont il \u00e9tait porteur. En cette circonstance douloureuse, la Coordination nationale des syndicats de l\u2019\u00e9ducation \u00e9tait pr\u00e9sente pour rendre hommage aux combattants tomb\u00e9s. Le repr\u00e9sentant de la coordination, Souleymane Badiel, au vu des circonstances dans lesquelles les enseignants ont \u00e9t\u00e9 abattus, a demand\u00e9 la prise de mesures urgentes,\u00a0 concr\u00e8tes et fortes pour assurer la protection des personnels de l\u2019\u00e9ducation dans l\u2019exercice de leur fonction et dans les \u00e9coles \u00e9galement. Il a \u00e9galement demand\u00e9 que des mesures soient prises pour que les ayants droit de ces cinq victimes et de tous les \u00e9ducateurs tomb\u00e9s, aient le soutien de l\u2019Etat pour lequel ils ont sacrifi\u00e9 leur vie.<\/em><\/p>\n<p><strong>\u00a0<\/strong><\/p>\n<p><strong>Mahamadi NONKANE<\/strong><\/p>\n<p><strong>(Correspondant)<\/strong><\/p>\n<p><strong>\u00a0<\/strong><\/p>\n<p>Auteur: Le Pays<br \/>\n<a href=\"http:\/\/lepays.bf\/comin-yanga-grande-emotion-a-linhumation-des-enseignants-tues\/\">Cliquez ici pour lire l&rsquo;article depuis sa source.<\/a><\/p>\n","protected":false},"excerpt":{"rendered":"<p>Les cinq enseignants tu\u00e9s \u00e0 l\u2019\u00e9cole de Ma\u00eftagou dans la province du Koulp\u00e9logo, r\u00e9gion du Centre-Est, le 26 avril 2019, ont \u00e9t\u00e9 inhum\u00e9s le mardi 30 avril au cimeti\u00e8re municipal de Tenkodogo. Pri\u00e8res, recueillement, d\u00e9corations \u00e0 titre posthume et oraisons fun\u00e8bres ont accompagn\u00e9 les disparus jusqu\u2019\u00e0 leur derni\u00e8re demeure. \u00a0 C\u2019est au cimeti\u00e8re municipal de [&hellip;]<\/p>\n","protected":false},"author":1813,"featured_media":32401,"comment_status":"closed","ping_status":"closed","sticky":false,"template":"","format":"standard","meta":{"fifu_image_url":"","fifu_image_alt":"","footnotes":""},"categories":[73,81],"tags":[],"class_list":["post-32400","post","type-post","status-publish","format-standard","has-post-thumbnail","hentry","category-actualite","category-burkina-faso"],"_links":{"self":[{"href":"https:\/\/linitiative.ca\/International\/wp-json\/wp\/v2\/posts\/32400","targetHints":{"allow":["GET"]}}],"collection":[{"href":"https:\/\/linitiative.ca\/International\/wp-json\/wp\/v2\/posts"}],"about":[{"href":"https:\/\/linitiative.ca\/International\/wp-json\/wp\/v2\/types\/post"}],"author":[{"embeddable":true,"href":"https:\/\/linitiative.ca\/International\/wp-json\/wp\/v2\/users\/1813"}],"replies":[{"embeddable":true,"href":"https:\/\/linitiative.ca\/International\/wp-json\/wp\/v2\/comments?post=32400"}],"version-history":[{"count":0,"href":"https:\/\/linitiative.ca\/International\/wp-json\/wp\/v2\/posts\/32400\/revisions"}],"wp:featuredmedia":[{"embeddable":true,"href":"https:\/\/linitiative.ca\/International\/wp-json\/"}],"wp:attachment":[{"href":"https:\/\/linitiative.ca\/International\/wp-json\/wp\/v2\/media?parent=32400"}],"wp:term":[{"taxonomy":"category","embeddable":true,"href":"https:\/\/linitiative.ca\/International\/wp-json\/wp\/v2\/categories?post=32400"},{"taxonomy":"post_tag","embeddable":true,"href":"https:\/\/linitiative.ca\/International\/wp-json\/wp\/v2\/tags?post=32400"}],"curies":[{"name":"wp","href":"https:\/\/api.w.org\/{rel}","templated":true}]}}