{"id":32402,"date":"2019-05-05T08:13:50","date_gmt":"2019-05-05T12:13:50","guid":{"rendered":"https:\/\/linitiative.ca\/International\/liberte-de-la-presse-le-burkina-occupe-la-36e-place-sur-180-pays-classes\/"},"modified":"2019-05-05T08:13:50","modified_gmt":"2019-05-05T12:13:50","slug":"liberte-de-la-presse-le-burkina-occupe-la-36e-place-sur-180-pays-classes","status":"publish","type":"post","link":"https:\/\/linitiative.ca\/International\/liberte-de-la-presse-le-burkina-occupe-la-36e-place-sur-180-pays-classes\/","title":{"rendered":"LIBERTE DE LA PRESSE : Le Burkina occupe la 36e place sur 180 pays class\u00e9s"},"content":{"rendered":"<header>\n<\/header>\n<div class=\"entry-content clearfix\" readability=\"61\"><img decoding=\"async\" class=\"post_layout_5_img\" src=\"http:\/\/lepays.bf\/wp-content\/uploads\/2019\/05\/01-6.jpg\" alt=\"LIBERTE DE LA PRESSE : Le Burkina occupe la 36e place sur 180 pays class\u00e9s\"\/><\/p>\n<p class=\"c4\"><strong>En pr\u00e9lude \u00e0 la comm\u00e9moration de la Journ\u00e9e mondiale de la libert\u00e9 de la presse qui a lieu le 3 mai de chaque ann\u00e9e depuis 26 ans, le Centre national de presse Norbert Zongo (CNP-NZ) a tenu, le 2 mai 2019, un atelier sur \u00ab\u00a0l\u2019appropriation des textes de loi en mati\u00e8re de presse\u00a0\u00bb. Ce, pour am\u00e9liorer les textes en mati\u00e8re de presse.<\/strong><\/p>\n<p class=\"c4\"><em>Am\u00e9liorer les 5 lois sur la presse afin de permettre un meilleur exercice de la libert\u00e9 de la presse au Burkina Faso. C\u2019est l\u2019objectif global de l\u2019atelier organis\u00e9 par le Centre national de presse Norbert Zongo (CNP-NZ) le 2 mai dernier, pour pr\u00e9senter le m\u00e9morandum pour l\u2019am\u00e9lioration des textes de loi sur la presse au Burkina Faso. Il s\u2019agit de la loi n\u00b0 057-2015\/CNT du 4 septembre 2015 portant r\u00e9gime juridique de la presse \u00e9crite au Burkina Faso et son modificatif ; la loi n\u00b0 058-2015\/CNT du 4 septembre 2015 portant r\u00e9gime juridique de la presse en ligne et son modificatif ; la loi n\u00b0 059-2015\/CNT du 4 septembre 2015 portant r\u00e9gime juridique de la radiodiffusion sonore et t\u00e9l\u00e9visuelle au Burkina Faso et son modificatif ; la loi n\u00b0 080-2015 du 23 novembre 2015 portant r\u00e8glementation de la publicit\u00e9 au Burkina Faso ; la loi n\u00b0 051-2015\/CNT du 30 ao\u00fbt 2015 portant droit d\u2019acc\u00e8s \u00e0 l\u2019information publique et aux documents administratifs. A entendre Boureima Ou\u00e9draogo, ces lois constituent des avanc\u00e9es qu\u2019il faut saluer. Mais pour que ces avanc\u00e9es puissent changer l\u2019environnement juridique et institutionnel au niveau des m\u00e9dias, il fallait les d\u00e9barrasser d\u2019un certain nombre d\u2019insuffisances qui ont surv\u00e9cu aux diff\u00e9rentes relectures. Et c\u2019est dans ce sens que le m\u00e9morandum a \u00e9t\u00e9 \u00e9labor\u00e9 pour identifier pour chacune des lois, les diff\u00e9rents points qu\u2019il faut revoir. Le pr\u00e9sident du comit\u00e9 de pilotage a aussi confi\u00e9 que l\u2019activit\u00e9 du jour \u00ab est un atelier d\u2019information, de plaidoyer et de partage, pour mieux appr\u00e9cier la pertinence de poursuivre la relecture des diff\u00e9rentes lois en question \u00bb. Les participants \u00e0 cet atelier sont issus de plusieurs entit\u00e9s de la sc\u00e8ne politico-m\u00e9diatique. Ils ont r\u00e9fl\u00e9chi pour parfaire le document, mais surtout engager la mise en \u0153uvre des recommandations. Et c\u2019est la confrontation de leurs points de vue qui permettra de rassurer sur la pertinence des points soulev\u00e9s et la n\u00e9cessit\u00e9 d\u2019avancer sur la demande de relecture pour l\u2019am\u00e9lioration des textes, a relev\u00e9 Boureima Ou\u00e9draogo. Par ailleurs, il a inform\u00e9 que selon le classement de Reporters sans fronti\u00e8res, en mati\u00e8re de libert\u00e9 de la presse, le Burkina Faso est class\u00e9 36e sur 180 pays. Il a estim\u00e9 que c\u2019est un bon classement, mais \u00ab on peut faire mieux si on arrive \u00e0 am\u00e9liorer nos textes \u00bb. Mais, a-t-il tenu \u00e0 mentionner, \u00ab il y a une certaine dynamique collective qu\u2019il faut construire ensemble pour faire en sorte que le Burkina Faso puisse am\u00e9liorer son classement \u00e0 l\u2019\u00e9chelle internationale \u00bb.\u00a0<\/em> <em>Cette ann\u00e9e, la comm\u00e9moration du 3 mai est plac\u00e9e sous la pr\u00e9sidence du Conseil sup\u00e9rieur de la communication. Pour ce qui est de l\u2019atelier de lancement du plaidoyer relativement au m\u00e9morandum pour l\u2019am\u00e9lioration des textes de loi sur la presse au Burkina Faso, il a \u00e9t\u00e9 pr\u00e9sid\u00e9 par Abdoul Aziz Bamogo, vice-pr\u00e9sident du CSC. Celui-ci a d\u2019ailleurs fait remarquer que le m\u00e9morandum \u00ab est un travail remarquable qui va aider \u00e0 aller droit au but pour am\u00e9liorer les textes \u00bb.<\/em><\/p>\n<p><strong>Fran\u00e7oise DEMBELE<\/strong><\/p>\n<\/div>\n<p>Auteur: Le Pays<br \/>\n<a href=\"http:\/\/lepays.bf\/liberte-de-la-presse-le-burkina-occupe-la-36e-place-sur-180-pays-classes\/\">Cliquez ici pour lire l&rsquo;article depuis sa source.<\/a><\/p>\n","protected":false},"excerpt":{"rendered":"<p>En pr\u00e9lude \u00e0 la comm\u00e9moration de la Journ\u00e9e mondiale de la libert\u00e9 de la presse qui a lieu le 3 mai de chaque ann\u00e9e depuis 26 ans, le Centre national de presse Norbert Zongo (CNP-NZ) a tenu, le 2 mai 2019, un atelier sur \u00ab\u00a0l\u2019appropriation des textes de loi en mati\u00e8re de presse\u00a0\u00bb. Ce, pour [&hellip;]<\/p>\n","protected":false},"author":1813,"featured_media":32403,"comment_status":"closed","ping_status":"closed","sticky":false,"template":"","format":"standard","meta":{"fifu_image_url":"","fifu_image_alt":"","footnotes":""},"categories":[73,81],"tags":[],"class_list":["post-32402","post","type-post","status-publish","format-standard","has-post-thumbnail","hentry","category-actualite","category-burkina-faso"],"_links":{"self":[{"href":"https:\/\/linitiative.ca\/International\/wp-json\/wp\/v2\/posts\/32402","targetHints":{"allow":["GET"]}}],"collection":[{"href":"https:\/\/linitiative.ca\/International\/wp-json\/wp\/v2\/posts"}],"about":[{"href":"https:\/\/linitiative.ca\/International\/wp-json\/wp\/v2\/types\/post"}],"author":[{"embeddable":true,"href":"https:\/\/linitiative.ca\/International\/wp-json\/wp\/v2\/users\/1813"}],"replies":[{"embeddable":true,"href":"https:\/\/linitiative.ca\/International\/wp-json\/wp\/v2\/comments?post=32402"}],"version-history":[{"count":0,"href":"https:\/\/linitiative.ca\/International\/wp-json\/wp\/v2\/posts\/32402\/revisions"}],"wp:featuredmedia":[{"embeddable":true,"href":"https:\/\/linitiative.ca\/International\/wp-json\/"}],"wp:attachment":[{"href":"https:\/\/linitiative.ca\/International\/wp-json\/wp\/v2\/media?parent=32402"}],"wp:term":[{"taxonomy":"category","embeddable":true,"href":"https:\/\/linitiative.ca\/International\/wp-json\/wp\/v2\/categories?post=32402"},{"taxonomy":"post_tag","embeddable":true,"href":"https:\/\/linitiative.ca\/International\/wp-json\/wp\/v2\/tags?post=32402"}],"curies":[{"name":"wp","href":"https:\/\/api.w.org\/{rel}","templated":true}]}}