{"id":32404,"date":"2019-05-05T08:17:28","date_gmt":"2019-05-05T12:17:28","guid":{"rendered":"https:\/\/linitiative.ca\/International\/angela-merkel-aux-etudiants-burkinabe-meme-le-bac-francais-nest-pas-reconnu-en-allemagne\/"},"modified":"2019-05-05T08:17:28","modified_gmt":"2019-05-05T12:17:28","slug":"angela-merkel-aux-etudiants-burkinabe-meme-le-bac-francais-nest-pas-reconnu-en-allemagne","status":"publish","type":"post","link":"https:\/\/linitiative.ca\/International\/angela-merkel-aux-etudiants-burkinabe-meme-le-bac-francais-nest-pas-reconnu-en-allemagne\/","title":{"rendered":"ANGELA MERKEL AUX ETUDIANTS BURKINABE  : \u00ab\u00a0M\u00eame le Bac fran\u00e7ais n\u2019est pas reconnu en Allemagne\u00a0\u00bb"},"content":{"rendered":"<p><img decoding=\"async\" class=\"post_layout_5_img\" src=\"http:\/\/lepays.bf\/wp-content\/uploads\/2019\/05\/01-4.jpg\" alt=\"ANGELA MERKEL AUX ETUDIANTS BURKINABE : \u00ab\u00a0M\u00eame le Bac fran\u00e7ais n\u2019est pas reconnu en Allemagne\u00a0\u00bb\"\/><\/p>\n<p class=\"c4\"><strong><em>En visite officielle au Burkina les 1er et 2 mai, la chanceli\u00e8re Angela Merkel s\u2019est rendue au deuxi\u00e8me jour de son s\u00e9jour, hier jeudi, \u00e0 l\u2019universit\u00e9 Joseph Ki-Zerbo de Ouagadougou o\u00f9 elle a eu des \u00e9changes directs avec les \u00e9tudiants, avant de d\u00e9coller pour Gao au Mali. L\u2019enseignement, la formation professionnelle, l\u2019ins\u00e9curit\u00e9, la politique africaine de l\u2019Allemagne, le d\u00e9veloppement socio-\u00e9conomique ont \u00e9t\u00e9, entre autres, au c\u0153ur des d\u00e9bats d\u2019une cinquantaine de minutes.<\/em><\/strong><\/p>\n<p><em>Comme le pr\u00e9sident fran\u00e7ais Emmanuel Macron l\u2019avait fait le 28 novembre 2017, la chanceli\u00e8re allemande, Angela Merkel, a mis \u00e0 profit sa premi\u00e8re visite officielle au Burkina pour \u00e9changer avec des \u00e9tudiants de l\u2019universit\u00e9 Joseph Ki-Zerbo, ce jeudi 2 mai. Si ce face-\u00e0-face entre les \u00e9tudiants burkinab\u00e8 et la femme la plus puissante du monde, selon un classement du magazine Forbes, s\u2019est d\u00e9roul\u00e9 dans la salle des Actes comme pour signifier qu\u2019il ne faut y parler que du concret, le d\u00e9cor n\u2019\u00e9tait cependant pas tout \u00e0 fait bienveillant\u00a0: aucun fanion ou drapeau allemand dans ladite salle. Pour un \u00e9v\u00e9nement du genre, \u00e7a laisse un go\u00fbt d\u2019inachev\u00e9. Cela dit, contrairement au passage de Macron, le face-\u00e0-face entre Merkel et ses \u2018\u2019\u00e9tudiants\u2019\u2019 a eu du piquant. La chanceli\u00e8re intervenant apr\u00e8s la br\u00e8ve pr\u00e9sentation de l\u2019universit\u00e9 Joseph Ki-Zerbo par son pr\u00e9sident, Rabiou Ciss\u00e9, a d\u2019abord encourag\u00e9 les \u00e9tudiants \u00e0 forcer leur destin \u00e0 travers les \u00e9tudes et la formation. Passant aux questions-r\u00e9ponses avec la centaine d\u2019\u00e9tudiants tri\u00e9s sur le volet, le premier intervenant, \u00e9tudiant en langues germaniques, d\u00e9coche une fl\u00e8che envers la dirigeante de la premi\u00e8re puissance \u00e9conomique d\u2019Europe. \u00abLes terroristes nous tuent avec les armes qui sont produites en France, en Allemagne, en Russie, en Chine, etc.\u00a0; Mme la chanceli\u00e8re, que peut faire votre pays pour y mettre fin\u00a0?\u00a0\u00bb, a-t-il demand\u00e9. A cette embarrassante question, Angela Merkel r\u00e9pond que son pays est tr\u00e8s regardant sur la vente des armes qu\u2019il produit. Mais, selon elle, \u00ab\u00a0la circulation des armes dans les pays du Sahel s\u2019explique par la d\u00e9stabilisation de la Libye\u00a0\u00bb. Ne disposant pas \u00ab\u00a0de recette miracle\u00a0\u00bb pour endiguer le mal, la chanceli\u00e8re estime que \u00ab\u00a0la solution passe par la r\u00e9solution de cette crise libyenne et la formation des militaires des pays menac\u00e9s par le terrorisme\u00bb. Puis, elle dit \u00eatre en phase avec les chefs d\u2019Etat du G5 Sahel qui demandent une implication coh\u00e9rente de l\u2019Europe pour la stabilisation de la Libye d\u2019autant que ce sont les membres du Conseil de s\u00e9curit\u00e9 des Nations unies qui ont vot\u00e9 la r\u00e9solution \u00e9tablissant une zone d\u2019exclusion a\u00e9rienne qui a plong\u00e9 la Libye dans le chaos. Elle se dit aussi afflig\u00e9e par la situation qui pr\u00e9vaut dans le pays de Mouammar Kadhafi parce que n\u2019\u00e9tant pas membre permanent dudit conseil pourvu du droit de veto, l\u2019Allemagne n\u2019a pu emp\u00eacher l\u2019intervention militaire. Une autre question sur la politique d\u2019aide au d\u00e9veloppement, a permis \u00e0 la chanceli\u00e8re de d\u00e9cliner l\u2019approche de son pays vis-\u00e0-vis de l\u2019Afrique de l\u2019Ouest o\u00f9 elle dit n\u2019avoir pas de pass\u00e9 colonial, contrairement \u00e0 la France. \u00ab\u00a0On ne s\u2019int\u00e9ressait pas assez \u00e0 l\u2019Afrique de l\u2019Ouest\u00a0; nos relations \u00e9conomiques et diplomatiques sont beaucoup plus renforc\u00e9es avec l\u2019Ethiopie, l\u2019Afrique du Sud, la Namibie\u2026 Mais maintenant, nous avons d\u00e9cid\u00e9 de nous engager davantage en Afrique de l\u2019Ouest, notamment au Burkina\u00bb, a-t-elle expliqu\u00e9 avant d\u2019ajouter que son pays a une autre mani\u00e8re de coop\u00e9rer avec l\u2019Afrique. Selon ses dires, l\u2019Allemagne est en train de mettre le paquet pour rattraper le niveau de coop\u00e9ration des autres pays occidentaux, notamment la France. Dans la foul\u00e9e, la chanceli\u00e8re dit suivre de pr\u00e8s une \u00e9tude sur la question de la transformation du coton burkinab\u00e8. Sur le volet de la transformation, Angela Merkel a \u00e9galement relev\u00e9 qu\u2019il faut encourager les entreprises allemandes \u00e0 investir au Burkina.<\/em><\/p>\n<p><strong>Le Burkina doit faire davantage d\u2019efforts dans le sens de la r\u00e9conciliation<\/strong><\/p>\n<p class=\"c4\"><em>Et face \u00e0 la pr\u00e9occupation d\u2019un \u00e9tudiant en Sciences exactes et appliqu\u00e9es (SEA) qui dit \u00e9tudier beaucoup plus de th\u00e9orie que de pratique parce que les laboratoires ne disposent pas de mat\u00e9riels ad\u00e9quats, et qui a sollicit\u00e9 le soutien de l\u2019Allemagne dans ce sens, la chanceli\u00e8re a invit\u00e9 les autorit\u00e9s universitaires \u00e0 nouer des partenariats avec des universit\u00e9s de son pays qui ont beaucoup d\u2019exp\u00e9rience dans la formation des \u00e9tudiants dans la pratique \u00e0 travers les start-up qui sont en m\u00eame temps des sources de d\u00e9bouch\u00e9s. Toujours dans le domaine de la coop\u00e9ration universitaire, les \u00e9tudiants ont relev\u00e9 les difficult\u00e9s \u00e0 s\u2019inscrire dans les universit\u00e9s allemandes avec le Bac burkinab\u00e8. Sur la question, Angela Merkel a revel\u00e9 la complexit\u00e9 du syst\u00e8me \u00e9ducatif de l\u2019Allemagne, avant de souligner que \u00ab m\u00eame le Bac fran\u00e7ais n\u2019est pas reconnu en Allemagne \u00bb.\u00a0 Comme il fallait s\u2019y attendre, le \u00ab mythe de la puissance \u00bb allemande a \u00e9t\u00e9 \u00e9galement au centre des pr\u00e9occupations des \u00e9tudiants au point qu\u2019un intervenant demande \u00e0 la chanceli\u00e8re de partager ses recettes avec le Burkina. R\u00e9ponse : \u00ab Il suffit que vos dirigeants tiennent leurs promesses de campagne \u00bb, a dit Angela Merkel tout en invitant les \u00e9tudiants ainsi que la soci\u00e9t\u00e9 civile \u00e0 demander des comptes aux gouvernants. Une autre recette, selon elle, c\u2019est l\u2019initiative priv\u00e9e. Sur cette lanc\u00e9e, la chanceli\u00e8re f\u00e9d\u00e9rale dit comprendre les difficult\u00e9s des pays comme le Burkina qui consacre une part importante de son budget dans la lutte contre l\u2019ins\u00e9curit\u00e9 que dans d\u2019autres secteurs pouvant procurer des richesses. A l\u2019en croire, l\u2019Allemagne r\u00e9orientera son soutien au pays des Hommes int\u00e8gres en fonction de cette nouvelle donne. Et pour conclure les \u00e9changes, la chanceli\u00e8re a invit\u00e9 les \u00e9tudiants \u00e0 beaucoup s\u2019int\u00e9resser \u00e0 l\u2019histoire du Burkina afin de contribuer \u00e0 faire front \u00ab aux conflits intercommunautaires qui sont instrumentalis\u00e9s par des groupes terroristes \u00bb, tout en souhaitant que le Burkina fasse davantage d\u2019efforts dans le sens de la r\u00e9conciliation et de la tol\u00e9rance comme l\u2019a si bien fait son pays avec la France. Avant de s\u2019envoler pour Gao au Mali pour encourager les troupes allemandes engag\u00e9es dans la MINUSMA, la chanceli\u00e8re a sign\u00e9 dans le livre d\u2019or de l\u2019universit\u00e9, dont le contenu n\u2019a pas \u00e9t\u00e9 d\u00e9voil\u00e9.<\/em><\/p>\n<p><strong>Drissa TRAORE<\/strong><\/p>\n<p>Auteur: Le Pays<br \/>\n<a href=\"http:\/\/lepays.bf\/angela-merkel-aux-etudiants-burkinabe-meme-le-bac-francais-nest-pas-reconnu-en-allemagne\/\">Cliquez ici pour lire l&rsquo;article depuis sa source.<\/a><\/p>\n","protected":false},"excerpt":{"rendered":"<p>En visite officielle au Burkina les 1er et 2 mai, la chanceli\u00e8re Angela Merkel s\u2019est rendue au deuxi\u00e8me jour de son s\u00e9jour, hier jeudi, \u00e0 l\u2019universit\u00e9 Joseph Ki-Zerbo de Ouagadougou o\u00f9 elle a eu des \u00e9changes directs avec les \u00e9tudiants, avant de d\u00e9coller pour Gao au Mali. L\u2019enseignement, la formation professionnelle, l\u2019ins\u00e9curit\u00e9, la politique africaine [&hellip;]<\/p>\n","protected":false},"author":1813,"featured_media":32405,"comment_status":"closed","ping_status":"closed","sticky":false,"template":"","format":"standard","meta":{"fifu_image_url":"","fifu_image_alt":"","footnotes":""},"categories":[73,81],"tags":[],"class_list":["post-32404","post","type-post","status-publish","format-standard","has-post-thumbnail","hentry","category-actualite","category-burkina-faso"],"_links":{"self":[{"href":"https:\/\/linitiative.ca\/International\/wp-json\/wp\/v2\/posts\/32404","targetHints":{"allow":["GET"]}}],"collection":[{"href":"https:\/\/linitiative.ca\/International\/wp-json\/wp\/v2\/posts"}],"about":[{"href":"https:\/\/linitiative.ca\/International\/wp-json\/wp\/v2\/types\/post"}],"author":[{"embeddable":true,"href":"https:\/\/linitiative.ca\/International\/wp-json\/wp\/v2\/users\/1813"}],"replies":[{"embeddable":true,"href":"https:\/\/linitiative.ca\/International\/wp-json\/wp\/v2\/comments?post=32404"}],"version-history":[{"count":0,"href":"https:\/\/linitiative.ca\/International\/wp-json\/wp\/v2\/posts\/32404\/revisions"}],"wp:featuredmedia":[{"embeddable":true,"href":"https:\/\/linitiative.ca\/International\/wp-json\/"}],"wp:attachment":[{"href":"https:\/\/linitiative.ca\/International\/wp-json\/wp\/v2\/media?parent=32404"}],"wp:term":[{"taxonomy":"category","embeddable":true,"href":"https:\/\/linitiative.ca\/International\/wp-json\/wp\/v2\/categories?post=32404"},{"taxonomy":"post_tag","embeddable":true,"href":"https:\/\/linitiative.ca\/International\/wp-json\/wp\/v2\/tags?post=32404"}],"curies":[{"name":"wp","href":"https:\/\/api.w.org\/{rel}","templated":true}]}}