{"id":32409,"date":"2019-05-05T05:19:42","date_gmt":"2019-05-05T09:19:42","guid":{"rendered":"https:\/\/linitiative.ca\/International\/yirgou\/"},"modified":"2019-05-05T05:19:42","modified_gmt":"2019-05-05T09:19:42","slug":"yirgou","status":"publish","type":"post","link":"https:\/\/linitiative.ca\/International\/yirgou\/","title":{"rendered":"Yirgou\u00a0"},"content":{"rendered":"<div class=\"td-a-rec td-a-rec-id-content_top td_uid_30_5ccf592830f6c_rand td_block_template_1\"><img loading=\"lazy\" decoding=\"async\" class=\"aligncenter size-full wp-image-4463\" src=\"https:\/\/www.sidwaya.info\/wp-content\/uploads\/2019\/02\/FESPACO-TOUR-2019-Bannie%CC%80re-728x90-1.jpg\" alt=\"\" width=\"728\" height=\"90\"\/><\/div>\n<p>Les pr\u00e9sidents de la Commission nationale des droits humains (CNDH) et du Haut conseil pour la r\u00e9conciliation et l\u2019unit\u00e9 nationale (HCRUN) animeront une conf\u00e9rence de presse conjointe l<strong>e lundi 06 mai 2019 au si\u00e8ge de la CNDH \u00e0 10H00.<\/strong>\u00a0Cette conf\u00e9rence de presse sera l\u2019occasion de livrer les r\u00e9sultats de la mission conjointe effectu\u00e9e par ces deux institutions dans le cadre des<strong>\u00a0\u00e9v\u00e9nements malheureux de Yirgou.\u00a0<\/strong><\/p>\n<div class=\"td-a-rec td-a-rec-id-content_bottom td_uid_31_5ccf592831327_rand td_block_template_1\"><img loading=\"lazy\" decoding=\"async\" class=\"alignright size-full wp-image-1724\" src=\"https:\/\/www.sidwaya.info\/wp-content\/uploads\/2018\/12\/sidwaya-pub.jpg\" alt=\"\" width=\"720\" height=\"90\"\/><\/div>\n<p>Auteur: BS. Sidwaya<br \/>\n<a href=\"https:\/\/www.sidwaya.info\/blog\/2019\/05\/05\/yirgou\/\">Cliquez ici pour lire l&rsquo;article depuis sa source.<\/a><\/p>\n","protected":false},"excerpt":{"rendered":"<p>Les pr\u00e9sidents de la Commission nationale des droits humains (CNDH) et du Haut conseil pour la r\u00e9conciliation et l\u2019unit\u00e9 nationale (HCRUN) animeront une conf\u00e9rence de presse conjointe le lundi 06 mai 2019 au si\u00e8ge de la CNDH \u00e0 10H00.\u00a0Cette conf\u00e9rence de presse sera l\u2019occasion de livrer les r\u00e9sultats de la mission conjointe effectu\u00e9e par ces [&hellip;]<\/p>\n","protected":false},"author":1816,"featured_media":32410,"comment_status":"closed","ping_status":"closed","sticky":false,"template":"","format":"standard","meta":{"fifu_image_url":"","fifu_image_alt":"","footnotes":""},"categories":[73,81],"tags":[],"class_list":["post-32409","post","type-post","status-publish","format-standard","has-post-thumbnail","hentry","category-actualite","category-burkina-faso"],"_links":{"self":[{"href":"https:\/\/linitiative.ca\/International\/wp-json\/wp\/v2\/posts\/32409","targetHints":{"allow":["GET"]}}],"collection":[{"href":"https:\/\/linitiative.ca\/International\/wp-json\/wp\/v2\/posts"}],"about":[{"href":"https:\/\/linitiative.ca\/International\/wp-json\/wp\/v2\/types\/post"}],"author":[{"embeddable":true,"href":"https:\/\/linitiative.ca\/International\/wp-json\/wp\/v2\/users\/1816"}],"replies":[{"embeddable":true,"href":"https:\/\/linitiative.ca\/International\/wp-json\/wp\/v2\/comments?post=32409"}],"version-history":[{"count":0,"href":"https:\/\/linitiative.ca\/International\/wp-json\/wp\/v2\/posts\/32409\/revisions"}],"wp:featuredmedia":[{"embeddable":true,"href":"https:\/\/linitiative.ca\/International\/wp-json\/"}],"wp:attachment":[{"href":"https:\/\/linitiative.ca\/International\/wp-json\/wp\/v2\/media?parent=32409"}],"wp:term":[{"taxonomy":"category","embeddable":true,"href":"https:\/\/linitiative.ca\/International\/wp-json\/wp\/v2\/categories?post=32409"},{"taxonomy":"post_tag","embeddable":true,"href":"https:\/\/linitiative.ca\/International\/wp-json\/wp\/v2\/tags?post=32409"}],"curies":[{"name":"wp","href":"https:\/\/api.w.org\/{rel}","templated":true}]}}