{"id":32411,"date":"2019-05-05T06:42:54","date_gmt":"2019-05-05T10:42:54","guid":{"rendered":"https:\/\/linitiative.ca\/International\/ceni-en-cote-divoire-commissaire-elyse-ouedraogo-face-aux-burkinabe-dabidjan\/"},"modified":"2019-05-05T06:42:54","modified_gmt":"2019-05-05T10:42:54","slug":"ceni-en-cote-divoire-commissaire-elyse-ouedraogo-face-aux-burkinabe-dabidjan","status":"publish","type":"post","link":"https:\/\/linitiative.ca\/International\/ceni-en-cote-divoire-commissaire-elyse-ouedraogo-face-aux-burkinabe-dabidjan\/","title":{"rendered":"CENI en C\u00f4te d\u2019Ivoire\u00a0: Commissaire Elys\u00e9 Ou\u00e9draogo face aux  Burkinab\u00e8 d\u2019Abidjan"},"content":{"rendered":"<div class=\"td-post-featured-image\"><a href=\"https:\/\/i0.wp.com\/www.sidwaya.info\/wp-content\/uploads\/2019\/05\/ceniabij.jpg?fit=640%2C427&#038;ssl=1\" data-caption=\"\"><img loading=\"lazy\" decoding=\"async\" width=\"640\" height=\"427\" class=\"entry-thumb td-modal-image\" src=\"https:\/\/i0.wp.com\/www.sidwaya.info\/wp-content\/uploads\/2019\/05\/ceniabij.jpg?resize=640%2C427&#038;ssl=1\" srcset=\"https:\/\/i0.wp.com\/www.sidwaya.info\/wp-content\/uploads\/2019\/05\/ceniabij.jpg?w=640&#038;ssl=1 640w, https:\/\/i0.wp.com\/www.sidwaya.info\/wp-content\/uploads\/2019\/05\/ceniabij.jpg?resize=300%2C200&#038;ssl=1 300w, https:\/\/i0.wp.com\/www.sidwaya.info\/wp-content\/uploads\/2019\/05\/ceniabij.jpg?resize=630%2C420&#038;ssl=1 630w\" sizes=\"auto, (max-width: 640px) 100vw, 640px\" alt=\"\" title=\"ceniabij\"\/><\/a><\/div>\n<div class=\"td-a-rec td-a-rec-id-content_top td_uid_30_5ccf592bec963_rand td_block_template_1\"><img loading=\"lazy\" decoding=\"async\" class=\"aligncenter size-full wp-image-4463\" src=\"https:\/\/www.sidwaya.info\/wp-content\/uploads\/2019\/02\/FESPACO-TOUR-2019-Bannie%CC%80re-728x90-1.jpg\" alt=\"\" width=\"728\" height=\"90\"\/><\/div>\n<p><strong>Dans le cadre de la participation des Burkinab\u00e8 de l\u2019ext\u00e9rieur \u00e0 l\u2019\u00e9lection pr\u00e9sidentielle de 2020, une mission de la Commission \u00e9lectorale nationale ind\u00e9pendante (CENI) s\u00e9journe actuellement en C\u00f4te d\u2019Ivoire. Conduite par le commissaire Elys\u00e9 Ou\u00e9draogo, la d\u00e9l\u00e9gation a eu une s\u00e9rie des rencontres avec les Burkinab\u00e8 vivant en C\u00f4te d\u2019Ivoire, le 2 d\u00e9cembre dans la juridiction consulaire de Bouak\u00e9 (le centre de la C\u00f4te d\u2019Ivoire), ensuite le 5 d\u00e9cembre \u00e0 Soubr\u00e9 dans la partie ouest du territoire ivoirien, et enfin, le 8 d\u00e9cembre \u00e0 Abidjan, la capitale \u00e9conomique du pays de Houphou\u00ebt-Boigny.<\/strong><\/p>\n<p><strong>\u00a0<\/strong>Ce samedi 8 d\u00e9cembre 2018, l\u2019enceinte du Consulat g\u00e9n\u00e9ral du Burkina \u00e0 Abidjan a \u00e9t\u00e9 le lieu de convergence des repr\u00e9sentants des partis politiques burkinab\u00e8, des d\u00e9l\u00e9gu\u00e9s au Conseil sup\u00e9rieur des Burkinab\u00e8 de l\u2019\u00e9tranger (CSBE), des d\u00e9l\u00e9gu\u00e9s consulaires, des responsables d\u2019associations de toute ob\u00e9dience, des leaders de la communaut\u00e9 burkinab\u00e8, du personnel diplomatique et consulaire, des Burkinab\u00e8 travaillant dans les institutions internationales \u00e0 Abidjan.<\/p>\n<p>En mission \u00e0 Ouagadougou, c\u2019est le Ministre conseiller, Monsieur Jean Kl\u00e9na Ouattara qui a pr\u00e9sid\u00e9 la c\u00e9r\u00e9monie. Par un mot introductif de bienvenue \u00e0 la d\u00e9l\u00e9gation de la CENI en terre ivoirienne, Jean Kl\u00e9na Ouattara a donn\u00e9 la parole au commissaire Elys\u00e9 Ou\u00e9draogo pour livrer le message.<\/p>\n<p>Dans leur expos\u00e9, le commissaire Elys\u00e9 Ou\u00e9draogo, assist\u00e9 du Directeur de cabinet de la CENI, Alidou Zorom, a fait un tour d\u2019horizon sur les principales dispositions du nouveau Code \u00e9lectoral, adopt\u00e9 par l\u2019Assembl\u00e9e nationale le 30 juillet 2018, relatives \u00e0 la participation des Burkinab\u00e8 de l\u2019ext\u00e9rieur \u00e0 l\u2019\u00e9lection pr\u00e9sidentielle de 2020.<\/p>\n<p>Il s\u2019agit pour l\u2019essentiel que les Burkinab\u00e8 de l\u2019ext\u00e9rieur ne peuvent voter qu\u2019aux scrutins r\u00e9f\u00e9rendaires et pr\u00e9sidentiels. Pr\u00e9cision, ce droit ne pourra s\u2019exercer qu\u2019\u00e0 compter du 1er janvier 2020, ce qui signifie qu\u2019en cas de r\u00e9f\u00e9rendum pour adopter la nouvelle constitution, les Burkinab\u00e8 de l\u2019ext\u00e9rieur ne pourront pas y prendre part.<\/p>\n<p>L\u2019expos\u00e9 du commissaire Elys\u00e9 Ou\u00e9draogo \u00e9tait articul\u00e9 autour d\u2019une dizaine de points d\u2019interrogations propres \u00e0 tout Burkinab\u00e8 vivant \u00e0 l\u2019ext\u00e9rieur.<\/p>\n<p>Dans quels pays les Burkinab\u00e8 de l\u2019ext\u00e9rieur vont-ils voter ?<\/p>\n<p>La r\u00e9ponse se trouve dans l\u2019article 72 de la loi N\u00b0035-2018\/AN du 30 juillet 2018 qui stipule\u00a0: <em>\u00ab\u00a0A l\u2019\u00e9tranger, il est cr\u00e9\u00e9 un bureau de vote dans chaque ambassade et\/ou consulat g\u00e9n\u00e9ral dont la juridiction diplomatique compte au moins cinq cents\u00a0 Burkinab\u00e8 immatricul\u00e9s.\u00bb<\/em> Pour \u00eatre \u00e9ligible \u00e0 abriter les \u00e9lections \u00e0 l\u2019\u00e9tranger, <em>\u00a0<\/em>la juridiction diplomatique doit compter au moins cinq cent Burkinab\u00e8 immatricul\u00e9s. En d\u2019autres termes, l\u2019ouverture d\u2019un bureau de vote dans une juridiction diplomatique (Ambassade ou Consulat g\u00e9n\u00e9ral) n\u00e9cessite un minimum de 500 Burkinab\u00e8 immatricul\u00e9s dans ladite Ambassade ou audit Consulat g\u00e9n\u00e9ral qui abriteront en m\u00eame temps le ou les bureaux de vote.<\/p>\n<p>Qui peut voter \u00e0 l\u2019\u00e9tranger<strong>\u00a0?<\/strong><\/p>\n<p>Les articles 42, 48 et 49 du code \u00e9lectoral d\u00e9terminent clairement qui peut voter \u00e0 l\u2019\u00e9tranger. En effet,\u00a0 l\u2019article 42 indique\u00a0: \u00ab\u00a0<em>l<\/em>e <em>corps \u00e9lectoral se compose de tous les Burkinab\u00e8 des deux sexes, \u00e2g\u00e9s de dix-huit ans accomplis \u00e0 la date du scrutin, jouissant de leurs droits civiques et politiques, inscrits sur les listes \u00e9lectorales et n\u2019\u00e9tant dans aucun cas d\u2019incapacit\u00e9 pr\u00e9vu par la loi\u00a0\u00bb.<\/em> Quant \u00e0 l\u2019article 48, il pr\u00e9cise\u00a0: <em>\u00ab\u00a0\u2026.. Sont \u00e9galement inscrits sur les listes\u00a0 \u00e9lectorales, les\u00a0 Burkinab\u00e9 r\u00e9sidant \u00e0 l\u2019\u00e9tranger et <u>r\u00e9guli\u00e8rement immatricul\u00e9s \u00e0 l\u2019ambassade ou au consulat g\u00e9n\u00e9ral<\/u> dans les pays de leur r\u00e9sidence\u00a0\u00bb.<\/em><\/p>\n<p>Enfin, selon l\u2019article 49 : <em>\u00ab\u00a0Sont \u00e9galement inscrites sur la liste \u00e9lectorale, les personnes qui, ne remplissant pas les conditions d\u2019\u00e2ge et de r\u00e9sidence lors de la formation de la liste, les rempliront\u00a0 \u00e0 la date de la cl\u00f4ture de la r\u00e9vision annuelle ou exceptionnelle.\u00a0\u00bb<\/em><\/p>\n<p>En somme, il faut \u00eatre Burkinab\u00e8\u00a0; avoir 18 ans r\u00e9volus \u00e0 la date de fin de l\u2019enr\u00f4lement\u00a0; jouir de ses droits civiques et politiques\u00a0; n\u2019\u00eatre dans aucun cas d\u2019incapacit\u00e9 pr\u00e9vu par la loi\u00a0; s\u2019\u00eatre r\u00e9guli\u00e8rement immatricul\u00e9 \u00e0 l\u2019Ambassade ou au Consulat g\u00e9n\u00e9ral dans le pays de sa r\u00e9sidence et \u00eatre inscrit sur une liste \u00e9lectorale.<\/p>\n<p>Quels sont les documents d\u2019enr\u00f4lement et de votation\u00a0?<\/p>\n<p>L\u2019inscription sur le fichier \u00e9lectoral et le vote se font avec la carte nationale d\u2019identit\u00e9 burkinab\u00e8 (CNIB) ou le Passeport en cours de validit\u00e9, conf\u00e8re l\u2019article 52 qui dit\u00a0: <strong>\u00ab\u00a0<\/strong><em>Pour justifier son identit\u00e9 au niveau national ou \u00e0 l\u2019\u00e9tranger, l\u2019\u00e9lecteur produit la Carte nationale d\u2019identit\u00e9 du Burkina Faso ou le passeport ordinaire tous en cours de validit\u00e9.\u00a0\u00bb<\/em><\/p>\n<p>L\u2019article 53 d\u00e9termine\u00a0: \u00ab\u00a0<em>La carte nationale d\u2019identit\u00e9 du Burkina Faso ou le passeport ordinaire en cours de validit\u00e9 tient lieu de carte d\u2019\u00e9lecteur.\u00a0\u00bb<\/em><\/p>\n<p>Quels sont les types de scrutins ouverts au Burkinab\u00e8 vivant \u00e0 l\u2019\u00e9tranger\u00a0?<\/p>\n<p>Les Burkinab\u00e8 de l\u2019\u00e9tranger votent aux scrutins r\u00e9f\u00e9rendaires et pr\u00e9sidentiels. Cependant, l\u2019application effective de ce droit commence le 1er janvier 2020 conform\u00e9ment \u00e0 l\u2019article 265 du code \u00e9lectoral qui stipule que \u00ab\u00a0<em>Les dispositions relatives au\u00a0 vote\u00a0 des\u00a0 Burkinab\u00e8 r\u00e9sidant \u00e0\u00a0 l\u2019ext\u00e9rieur entrent en<\/em> vigueur le 1<sup>er<\/sup>janvier 2020.\u00a0\u00bb<\/p>\n<p>Quelles sont les modalit\u00e9s pratiques de vote des Burkinab\u00e8 de l\u2019\u00e9tranger\u00a0?<\/p>\n<p>R\u00e9ponse du commissaire Elys\u00e9 Ou\u00e9draogo, \u00ab\u00a0<em>la pr\u00e9sence physique est obligatoire. Il n\u2019y a pas de vote par correspondance, ni de vote \u00e9lectronique ou par procuration.<\/em>\u00a0\u00bb<\/p>\n<p>Quels sont les d\u00e9membrements de la CENI \u00e0 l\u2019\u00e9tranger\u00a0?<\/p>\n<p>L\u2019article 17 du code \u00e9lectoral pr\u00e9cise bien : <strong>\u00ab\u00a0<\/strong><em>Les d\u00e9membrements de la CENI \u00e0 l\u2019ext\u00e9rieur du pays sont : la Commission \u00e9lectorale ind\u00e9pendante d\u2019ambassade (<strong>CEIAM<\/strong>) et la Commission \u00e9lectorale ind\u00e9pendante de consulat (<strong>CEIC<\/strong>)\u00a0<\/em>\u00bb<\/p>\n<p>Quant \u00e0 la composition des CEIAM et des CEIC, l\u2019article 22 bis d\u00e9termine\u00a0: <em>\u00ab\u00a0La Commission \u00e9lectorale ind\u00e9pendante d\u2019ambassade (CEIAM) et la Commission \u00e9lectorale ind\u00e9pendante de consulat (CEIC) se composent chacune comme suit :<\/em><\/p>\n<ul>\n<li><em>une personnalit\u00e9 d\u00e9sign\u00e9e par les partis et formations politiques de la majorit\u00e9\u00a0;<\/em><\/li>\n<li><em>une personnalit\u00e9 d\u00e9sign\u00e9e par les partis et formations politiques de l\u2019opposition ;<\/em><\/li>\n<li><em>une personnalit\u00e9 repr\u00e9sentant les organisations de la soci\u00e9t\u00e9 civile reconnues par l\u2019ambassade ou le consulat g\u00e9n\u00e9ral.<\/em><\/li>\n<\/ul>\n<p><em>La structure est assist\u00e9e par le tr\u00e9sorier de l\u2019ambassade ou le percepteur du consulat g\u00e9n\u00e9ral.\u00a0\u00bb.<\/em><\/p>\n<p>Quelle est la qualit\u00e9 des membres des CEIAM et des CEIC\u00a0?<\/p>\n<p>Conform\u00e9ment \u00e0 l\u2019Article 22 bis (loi n\u00b0005-2015\/CNT du 07 avril 2015, <em>\u00ab\u00a0les membres des CEIAM et des CEIC doivent \u00eatre :<\/em><\/p>\n<ul>\n<li><em>de bonne moralit\u00e9\u00a0;<\/em><\/li>\n<li><em>Jouir de leurs droits civiques\u00a0;<\/em><\/li>\n<li><em>R\u00e9sider dans la circonscription diplomatique ou consulaire\u00a0;<\/em><\/li>\n<li><em>Etre apte \u00e0 exercer les fonctions d\u00e9volues \u00e0 la commission.\u00a0\u00bb<\/em><\/li>\n<\/ul>\n<p>Ils sont nomm\u00e9s par arr\u00eat\u00e9 du pr\u00e9sident de la CENI.<\/p>\n<p>Comment s\u2019organise le travail au sein des CEIAM et CEIC\u00a0?<\/p>\n<p>L\u2019article 22 bis de la loi n\u00b0005-2015\/CNT du 07 avril 2015 dispose que les pr\u00e9sidents des CEIAM et des CEIC fixent, par arr\u00eat\u00e9, l\u2019organisation du travail de leur commission. Ils font ampliation de tous leurs actes au pr\u00e9sident de la CENI.<\/p>\n<p>Y a-t-il des incompatibilit\u00e9s en ce qui concerne les membres des CEIAM et CEIC\u00a0? Oui, selon l\u2019article 22 bis loi n\u00b0005-2015\/CNT du 07 avril 2015, \u00ab\u00a0<em>Les membres des CEIAM et des CEIC ne sont pas \u00e9ligibles \u00e0 un poste politique pendant leur mandat<\/em>.\u00a0\u00bb<\/p>\n<p>Quels sont les membres dirigeants des CEIAM et CEIC\u00a0?<\/p>\n<p>L\u2019article 23 bis de la loi n\u00b0 005-2015\/CNT du 7 avril 2015 indique que \u00ab\u00a0<em>la Commission \u00e9lectorale ind\u00e9pendante d\u2019ambassade (CEIAM) et la Commission \u00e9lectorale ind\u00e9pendante de consulat (CEIC) sont dirig\u00e9es chacune par un bureau compos\u00e9 comme suit :<\/em><\/p>\n<ul>\n<li><em>Un pr\u00e9sident<\/em><\/li>\n<li><em>Deux rapporteurs\u2026<\/em>.\u00bb<\/li>\n<\/ul>\n<p>Plus loin, l\u2019article 32 de cette m\u00eame loi n\u00b0005-2015\/CNT du 7 avril 2015 fait obligation de serment. En effet, avant leur entr\u00e9e en fonction, les membres des CEIAM et des CEIC pr\u00eatent un serment identique \u00e0 celui des membres des autres d\u00e9membrements de la CENI. Ce serment des membres des CEIAM et CEIC est fait par \u00e9crit et adress\u00e9 au premier pr\u00e9sident de la Cour d\u2019appel de Ouagadougou. <em>\u00ab Je jure d\u2019exercer mes fonctions en toute int\u00e9grit\u00e9, objectivit\u00e9 et probit\u00e9, en m\u2019abstenant de tout comportement susceptible de nuire \u00e0 la totale transparence\u00a0 dans\u00a0 l\u2019organisation, la supervision des op\u00e9rations \u00e9lectorales et r\u00e9f\u00e9rendaires et en accomplissant conform\u00e9ment \u00e0 la loi, avec loyaut\u00e9, honneur et patriotisme les t\u00e2ches li\u00e9es \u00e0 mes fonctions \u00bb.<\/em><\/p>\n<p>Les membres des CEIAM et des CEIC sont mis en activit\u00e9 par arr\u00eat\u00e9 du pr\u00e9sident de la CENI, selon l\u2019article 17 de la loi n\u00b00035-2018\/AN du 30 juillet 2018.<\/p>\n<p>L\u2019article 34 de la loi n\u00b0 005-2015\/CNT du 7 avril 2015 note que ces d\u00e9membrements sont plac\u00e9s sous l\u2019autorit\u00e9 du pr\u00e9sident de la CENI qui peut mettre fin au mandat d\u2019un membre de CEIAM et de CEIC en cas de violation par lui des obligations de son serment d\u00fbment constat\u00e9e.<\/p>\n<p>L\u2019article 34 de la loi n\u00b0 005-2015\/CNT du 7 avril 2015 dispose que le mandat des CEIAM\/CEIC prend fin avec la proclamation des r\u00e9sultats d\u00e9finitifs de leur circonscription \u00e9lectorale respective.<\/p>\n<p>La repr\u00e9sentation diplomatique a annonc\u00e9 que des missions de l\u2019Office national d\u2019identification (ONI) viendront en 2019 \u00e0 l\u2019Ambassade et dans les Consulats g\u00e9n\u00e9raux du Burkina en vue de d\u00e9livrer les documents de votation (carte nationale d\u2019identit\u00e9 burkinab\u00e8 ou \u00a0passeport ordinaire burkinab\u00e8) aux Burkinab\u00e8 vivant \u00e0 l\u2019ext\u00e9rieur. C\u2019est \u00e0 l\u2019issue de cette op\u00e9ration de d\u00e9livrance des documents de votation que la CENI fera le recensement des Burkinab\u00e8 de l\u2019ext\u00e9rieur dans l\u2019optique de constituer un fichier \u00e9lectoral.<\/p>\n<p>Au terme d\u2019un brillant expos\u00e9, le commissaire Elys\u00e9 Ou\u00e9draogo a indiqu\u00e9 \u00e0 l\u2019assistance que la CENI est ind\u00e9pendante du Gouvernement, de la majorit\u00e9 pr\u00e9sidentielle, de l\u2019opposition et de la soci\u00e9t\u00e9 civile. La CENI a pour mission d\u2019organiser des \u00e9lections libres, transparentes et sans contestation, en application de la loi, \u00e0 savoir, le code \u00e9lectoral. Il a manifest\u00e9 sa disponibilit\u00e9 \u00e0 r\u00e9pondre \u00e0 toutes les questions qui rel\u00e8vent de sa comp\u00e9tence, et afficher sa volont\u00e9 de noter les questions, les contributions et les suggestions \u00e0 transmettre \u00e0 qui de droit.<\/p>\n<p>Comme il fallait s\u2019y attendre, certains intervenants se sont focalis\u00e9s sur l\u2019exig\u00fcit\u00e9 des lieux de vote en C\u00f4te d\u2019Ivoire, la mise \u00e0 l\u2019\u00e9cart des cartes consulaires biom\u00e9triques. D\u2019autres ont souhait\u00e9 un audit du fichier \u00e9lectoral par une structure ind\u00e9pendante \u00e0 la suite du recensement, le chronogramme complet du processus, etc.<\/p>\n<p>Outre le commissaire Elys\u00e9 Ou\u00e9draogo, la d\u00e9l\u00e9gation \u00e9tait compos\u00e9e de \u00a0Monsieur Alidou Zorom, Directeur de cabinet du pr\u00e9sident de la CENI, de Monsieur Abdoul Djallile Koanda, agent au cabinet et de Madame Linda Balima, agent au service des archives de la CENI.<\/p>\n<p>Au terme de sa mission, la d\u00e9l\u00e9gation est rassur\u00e9e que les Burkinab\u00e8 r\u00e9sidant en C\u00f4te d\u2019Ivoire sont inform\u00e9s des principales dispositions du nouveau code \u00e9lectoral et des principales \u00e9tapes du processus \u00e9lectoral.<\/p>\n<p class=\"c1\"><strong><em>Issouf Zabsonr\u00e9<\/em><\/strong><\/p>\n<p class=\"c1\"><strong><em>Attach\u00e9 de presse<\/em><\/strong><\/p>\n<p class=\"c1\"><strong><em>Ambassade du Burkina<\/em><\/strong><\/p>\n<p class=\"c1\"><strong><em>C\u00f4te d\u2019Ivoire<\/em><\/strong><\/p>\n<div class=\"td-a-rec td-a-rec-id-content_bottom td_uid_31_5ccf592becbcd_rand td_block_template_1\"><img loading=\"lazy\" decoding=\"async\" class=\"alignright size-full wp-image-1724\" src=\"https:\/\/www.sidwaya.info\/wp-content\/uploads\/2018\/12\/sidwaya-pub.jpg\" alt=\"\" width=\"720\" height=\"90\"\/><\/div>\n<p>Auteur: BS. Sidwaya<br \/>\n<a href=\"https:\/\/www.sidwaya.info\/blog\/2019\/05\/05\/mission-dinformation-de-la-ceni-en-cote-divoire-face-a-face-entre-le-commissaire-elyse-ouedraogo-et-les-burkinabe-dabidjan\/\">Cliquez ici pour lire l&rsquo;article depuis sa source.<\/a><\/p>\n","protected":false},"excerpt":{"rendered":"<p>Dans le cadre de la participation des Burkinab\u00e8 de l\u2019ext\u00e9rieur \u00e0 l\u2019\u00e9lection pr\u00e9sidentielle de 2020, une mission de la Commission \u00e9lectorale nationale ind\u00e9pendante (CENI) s\u00e9journe actuellement en C\u00f4te d\u2019Ivoire. Conduite par le commissaire Elys\u00e9 Ou\u00e9draogo, la d\u00e9l\u00e9gation a eu une s\u00e9rie des rencontres avec les Burkinab\u00e8 vivant en C\u00f4te d\u2019Ivoire, le 2 d\u00e9cembre dans la [&hellip;]<\/p>\n","protected":false},"author":1816,"featured_media":0,"comment_status":"closed","ping_status":"closed","sticky":false,"template":"","format":"standard","meta":{"fifu_image_url":"","fifu_image_alt":"","footnotes":""},"categories":[73,81],"tags":[],"class_list":["post-32411","post","type-post","status-publish","format-standard","hentry","category-actualite","category-burkina-faso"],"_links":{"self":[{"href":"https:\/\/linitiative.ca\/International\/wp-json\/wp\/v2\/posts\/32411","targetHints":{"allow":["GET"]}}],"collection":[{"href":"https:\/\/linitiative.ca\/International\/wp-json\/wp\/v2\/posts"}],"about":[{"href":"https:\/\/linitiative.ca\/International\/wp-json\/wp\/v2\/types\/post"}],"author":[{"embeddable":true,"href":"https:\/\/linitiative.ca\/International\/wp-json\/wp\/v2\/users\/1816"}],"replies":[{"embeddable":true,"href":"https:\/\/linitiative.ca\/International\/wp-json\/wp\/v2\/comments?post=32411"}],"version-history":[{"count":0,"href":"https:\/\/linitiative.ca\/International\/wp-json\/wp\/v2\/posts\/32411\/revisions"}],"wp:attachment":[{"href":"https:\/\/linitiative.ca\/International\/wp-json\/wp\/v2\/media?parent=32411"}],"wp:term":[{"taxonomy":"category","embeddable":true,"href":"https:\/\/linitiative.ca\/International\/wp-json\/wp\/v2\/categories?post=32411"},{"taxonomy":"post_tag","embeddable":true,"href":"https:\/\/linitiative.ca\/International\/wp-json\/wp\/v2\/tags?post=32411"}],"curies":[{"name":"wp","href":"https:\/\/api.w.org\/{rel}","templated":true}]}}