{"id":32416,"date":"2019-05-05T17:19:52","date_gmt":"2019-05-05T21:19:52","guid":{"rendered":"https:\/\/linitiative.ca\/International\/centenaire-du-burkina-faso\/"},"modified":"2019-05-05T17:19:52","modified_gmt":"2019-05-05T21:19:52","slug":"centenaire-du-burkina-faso","status":"publish","type":"post","link":"https:\/\/linitiative.ca\/International\/centenaire-du-burkina-faso\/","title":{"rendered":"Centenaire du Burkina Faso"},"content":{"rendered":"<div class=\"td-post-featured-image\"><a href=\"https:\/\/i1.wp.com\/www.sidwaya.info\/wp-content\/uploads\/2019\/05\/Sidwayaaa.jpg?fit=787%2C548&#038;ssl=1\" data-caption=\"\"><img loading=\"lazy\" decoding=\"async\" width=\"696\" height=\"485\" class=\"entry-thumb td-modal-image\" src=\"https:\/\/i1.wp.com\/www.sidwaya.info\/wp-content\/uploads\/2019\/05\/Sidwayaaa.jpg?resize=696%2C485&#038;ssl=1\" srcset=\"https:\/\/i1.wp.com\/www.sidwaya.info\/wp-content\/uploads\/2019\/05\/Sidwayaaa.jpg?w=787&#038;ssl=1 787w, https:\/\/i1.wp.com\/www.sidwaya.info\/wp-content\/uploads\/2019\/05\/Sidwayaaa.jpg?resize=300%2C209&#038;ssl=1 300w, https:\/\/i1.wp.com\/www.sidwaya.info\/wp-content\/uploads\/2019\/05\/Sidwayaaa.jpg?resize=768%2C535&#038;ssl=1 768w, https:\/\/i1.wp.com\/www.sidwaya.info\/wp-content\/uploads\/2019\/05\/Sidwayaaa.jpg?resize=100%2C70&#038;ssl=1 100w, https:\/\/i1.wp.com\/www.sidwaya.info\/wp-content\/uploads\/2019\/05\/Sidwayaaa.jpg?resize=696%2C485&#038;ssl=1 696w, https:\/\/i1.wp.com\/www.sidwaya.info\/wp-content\/uploads\/2019\/05\/Sidwayaaa.jpg?resize=603%2C420&#038;ssl=1 603w\" sizes=\"auto, (max-width: 696px) 100vw, 696px\" alt=\"\" title=\"Sidwayaaa\"\/><\/a><\/div>\n<div class=\"td-a-rec td-a-rec-id-content_top td_uid_30_5ccf593bbe6f8_rand td_block_template_1\"><img loading=\"lazy\" decoding=\"async\" class=\"aligncenter size-full wp-image-4463\" src=\"https:\/\/www.sidwaya.info\/wp-content\/uploads\/2019\/02\/FESPACO-TOUR-2019-Bannie%CC%80re-728x90-1.jpg\" alt=\"\" width=\"728\" height=\"90\"\/><\/div>\n<p><strong>Les activit\u00e9s comm\u00e9moratrices du centenaire de la cr\u00e9ation de la Haute-Volta, actuelle Burkina Faso, se sont poursuivies, le samedi 4 mai 2019, \u00e0 Manga dans le Centre-Sud, autour d\u2019une conf\u00e9rence plac\u00e9e sous le th\u00e8me\u00a0:\u00a0\u00abDe la cr\u00e9ation de la Haute-Volta \u00e0 la construction de l\u2019Etat-Nation burkinab\u00e8\u00a0: le\u00e7ons et d\u00e9fis\u00bb.<\/strong><\/p>\n<p>Apr\u00e8s le top de d\u00e9part donn\u00e9 en avril 2019 \u00e0 Kaya, r\u00e9gion du Centre-Nord, Manga, chef-lieu de la r\u00e9gion du Centre-Sud, a abrit\u00e9 la deuxi\u00e8me conf\u00e9rence r\u00e9gionale entrant dans le cadre de la comm\u00e9moration du centenaire de la cr\u00e9ation de la Haute-Volta, actuelle Burkina Faso, le samedi 4 mai 2019. L\u2019activit\u00e9 a r\u00e9uni un parterre d\u2019invit\u00e9s, d\u2019autorit\u00e9s administratives, coutumi\u00e8res et religieuses locales et de nombreux repr\u00e9sentants des diff\u00e9rentes couches de la soci\u00e9t\u00e9. Le point d\u2019orgue de la rencontre a \u00e9t\u00e9 les communications. La premi\u00e8re dont le th\u00e8me est : \u00abLes temps forts de la p\u00e9riode coloniale\u00bb, a \u00e9t\u00e9 pr\u00e9sent\u00e9e par le Pr Moustapha Gomgnimbou. Dans son expos\u00e9, il a abord\u00e9 les grands tournants de l\u2019histoire du Burkina Faso depuis la ru\u00e9e des Europ\u00e9ens (Allemands, Anglais et Fran\u00e7ais) vers le territoire apr\u00e8s la Conf\u00e9rence de Berlin de 1884 jusqu\u2019\u00e0 l\u2019ind\u00e9pendance du pays (5 ao\u00fbt 1960), en passant par les conqu\u00eates, les r\u00e9sistances, l\u2019installation de l\u2019administration fran\u00e7aise, la cr\u00e9ation de la colonie de la Haute-Volta (1er mars 1919), sa dislocation (1932) et sa reconstitution (1947). Durant ces diff\u00e9rentes \u00e9tapes, a indiqu\u00e9 le Pr Gomgnimbou, des fils de la r\u00e9gion du Centre-Sud, en l\u2019occurrence ceux de la cour royale de Guiba, ont \u00e9t\u00e9 impliqu\u00e9s, au premier chef. Ce, en raison des liens familiaux qu\u2019ils partagent avec les chefs du royaume mossi de Ouagadougou, eux-m\u00eames figures de proue dans l\u2019histoire du pays.<\/p>\n<p>Tirer des le\u00e7ons du pass\u00e9<\/p>\n<p>La seconde communication a \u00e9t\u00e9 livr\u00e9e par le Pr Albert Ou\u00e9draogo sur le th\u00e8me\u00a0: \u00abCulture et coh\u00e9sion sociale\u00bb. En substance, il a rappel\u00e9 que le riche patrimoine culturel et les valeurs traditionnelles qui caract\u00e9risent les soci\u00e9t\u00e9s burkinab\u00e8 constituent des m\u00e9canismes pour la pr\u00e9servation de la paix et de la coh\u00e9sion sociale. Il a cit\u00e9, entre autres, la parent\u00e9 \u00e0 plaisanterie, les langues, le mariage, les religions, le respect de la vie humaine, la tol\u00e9rance et l\u2019entraide. Pour le Pr Ou\u00e9draogo, il est difficile d\u2019\u00e9difier un Etat p\u00e9renne en faisant fi de ces valeurs endog\u00e8nes. C\u2019est pourquoi, il a dit regretter que celles-ci soient aujourd\u2019hui en d\u00e9liquescence et que des tares comme l\u2019incivisme, l\u2019intol\u00e9rance, l\u2019individualisme et la d\u00e9pravation des m\u0153urs gagnent partout du terrain. Aussi, le conf\u00e9rencier a invit\u00e9 son auditoire \u00e0 retourner aux sources pour construire ensemble un pays fort et prosp\u00e8re. Les participants ont fait montre d\u2019un grand int\u00e9r\u00eat pour les questions \u00e9voqu\u00e9es. Leurs interventions ont port\u00e9 principalement sur les m\u00e9canismes de valorisation de l\u2019h\u00e9ritage culturel, la place de la femme dans la soci\u00e9t\u00e9 traditionnelle, le courage et la combativit\u00e9 des anciens. Le gouverneur de la r\u00e9gion du Centre-Sud, Casimir S\u00e9gu\u00e9da, qui a pr\u00e9sid\u00e9 la rencontre, s\u2019est f\u00e9licit\u00e9 du bon d\u00e9roulement des \u00e9changes. Citant le ministre de l\u2019Administration territoriale, de la D\u00e9centralisation et de la Coh\u00e9sion sociale, Sim\u00e9on Sawadogo, il avait, \u00e0 l\u2019ouverture de la s\u00e9ance, indiqu\u00e9 que l\u2019un des objectifs des conf\u00e9rences r\u00e9gionales \u00e9tait de permettre \u00e0 un grand nombre de Burkinab\u00e8 de faire une introspection profonde, afin de s\u2019approprier le pass\u00e9 pour une meilleure compr\u00e9hension du pr\u00e9sent et se projeter dans l\u2019avenir avec des rep\u00e8res s\u00fbrs. Il est question aussi, avait-t-il soulign\u00e9, d\u2019amener les Burkinab\u00e8 \u00e0 prendre conscience que cet anniversaire du centenaire du pays donne plus de devoirs en termes de civisme et de patriotisme pour relever les d\u00e9fis de la s\u00e9curit\u00e9, de la d\u00e9mographie et de la culture.<\/p>\n<p>Mamady ZANGO<br \/>mzango18@gmail.com<\/p>\n<div class=\"td-a-rec td-a-rec-id-content_bottom td_uid_31_5ccf593bbe973_rand td_block_template_1\"><img loading=\"lazy\" decoding=\"async\" class=\"alignright size-full wp-image-1724\" src=\"https:\/\/www.sidwaya.info\/wp-content\/uploads\/2018\/12\/sidwaya-pub.jpg\" alt=\"\" width=\"720\" height=\"90\"\/><\/div>\n<p>Auteur: BM. Sidwaya<br \/>\n<a href=\"https:\/\/www.sidwaya.info\/blog\/2019\/05\/05\/centenaire-du-burkina-faso\/\">Cliquez ici pour lire l&rsquo;article depuis sa source.<\/a><\/p>\n","protected":false},"excerpt":{"rendered":"<p>Les activit\u00e9s comm\u00e9moratrices du centenaire de la cr\u00e9ation de la Haute-Volta, actuelle Burkina Faso, se sont poursuivies, le samedi 4 mai 2019, \u00e0 Manga dans le Centre-Sud, autour d\u2019une conf\u00e9rence plac\u00e9e sous le th\u00e8me\u00a0:\u00a0\u00abDe la cr\u00e9ation de la Haute-Volta \u00e0 la construction de l\u2019Etat-Nation burkinab\u00e8\u00a0: le\u00e7ons et d\u00e9fis\u00bb. Apr\u00e8s le top de d\u00e9part donn\u00e9 en [&hellip;]<\/p>\n","protected":false},"author":1816,"featured_media":0,"comment_status":"closed","ping_status":"closed","sticky":false,"template":"","format":"standard","meta":{"fifu_image_url":"","fifu_image_alt":"","footnotes":""},"categories":[73,81],"tags":[],"class_list":["post-32416","post","type-post","status-publish","format-standard","hentry","category-actualite","category-burkina-faso"],"_links":{"self":[{"href":"https:\/\/linitiative.ca\/International\/wp-json\/wp\/v2\/posts\/32416","targetHints":{"allow":["GET"]}}],"collection":[{"href":"https:\/\/linitiative.ca\/International\/wp-json\/wp\/v2\/posts"}],"about":[{"href":"https:\/\/linitiative.ca\/International\/wp-json\/wp\/v2\/types\/post"}],"author":[{"embeddable":true,"href":"https:\/\/linitiative.ca\/International\/wp-json\/wp\/v2\/users\/1816"}],"replies":[{"embeddable":true,"href":"https:\/\/linitiative.ca\/International\/wp-json\/wp\/v2\/comments?post=32416"}],"version-history":[{"count":0,"href":"https:\/\/linitiative.ca\/International\/wp-json\/wp\/v2\/posts\/32416\/revisions"}],"wp:attachment":[{"href":"https:\/\/linitiative.ca\/International\/wp-json\/wp\/v2\/media?parent=32416"}],"wp:term":[{"taxonomy":"category","embeddable":true,"href":"https:\/\/linitiative.ca\/International\/wp-json\/wp\/v2\/categories?post=32416"},{"taxonomy":"post_tag","embeddable":true,"href":"https:\/\/linitiative.ca\/International\/wp-json\/wp\/v2\/tags?post=32416"}],"curies":[{"name":"wp","href":"https:\/\/api.w.org\/{rel}","templated":true}]}}