{"id":32417,"date":"2019-05-05T17:27:02","date_gmt":"2019-05-05T21:27:02","guid":{"rendered":"https:\/\/linitiative.ca\/International\/oumarou-idani-des-terroristes-exploitaient-des-mines-dor-a-lest\/"},"modified":"2019-05-05T17:27:02","modified_gmt":"2019-05-05T21:27:02","slug":"oumarou-idani-des-terroristes-exploitaient-des-mines-dor-a-lest","status":"publish","type":"post","link":"https:\/\/linitiative.ca\/International\/oumarou-idani-des-terroristes-exploitaient-des-mines-dor-a-lest\/","title":{"rendered":"Oumarou Idani \u00abDes terroristes exploitaient des mines d\u2019or \u00e0 l\u2019Est\u00bb"},"content":{"rendered":"<div class=\"td-post-featured-image\"><a href=\"https:\/\/i0.wp.com\/www.sidwaya.info\/wp-content\/uploads\/2019\/05\/idani06.jpg?fit=787%2C525&#038;ssl=1\" data-caption=\"\"><img loading=\"lazy\" decoding=\"async\" width=\"696\" height=\"464\" class=\"entry-thumb td-modal-image\" src=\"https:\/\/i0.wp.com\/www.sidwaya.info\/wp-content\/uploads\/2019\/05\/idani06.jpg?resize=696%2C464&#038;ssl=1\" srcset=\"https:\/\/i0.wp.com\/www.sidwaya.info\/wp-content\/uploads\/2019\/05\/idani06.jpg?w=787&#038;ssl=1 787w, https:\/\/i0.wp.com\/www.sidwaya.info\/wp-content\/uploads\/2019\/05\/idani06.jpg?resize=300%2C200&#038;ssl=1 300w, https:\/\/i0.wp.com\/www.sidwaya.info\/wp-content\/uploads\/2019\/05\/idani06.jpg?resize=768%2C512&#038;ssl=1 768w, https:\/\/i0.wp.com\/www.sidwaya.info\/wp-content\/uploads\/2019\/05\/idani06.jpg?resize=696%2C464&#038;ssl=1 696w, https:\/\/i0.wp.com\/www.sidwaya.info\/wp-content\/uploads\/2019\/05\/idani06.jpg?resize=630%2C420&#038;ssl=1 630w\" sizes=\"auto, (max-width: 696px) 100vw, 696px\" alt=\"\" title=\"idani06\"\/><\/a><\/div>\n<div class=\"td-a-rec td-a-rec-id-content_top td_uid_30_5ccf593ee80d8_rand td_block_template_1\"><img loading=\"lazy\" decoding=\"async\" class=\"aligncenter size-full wp-image-4463\" src=\"https:\/\/www.sidwaya.info\/wp-content\/uploads\/2019\/02\/FESPACO-TOUR-2019-Bannie%CC%80re-728x90-1.jpg\" alt=\"\" width=\"728\" height=\"90\"\/><\/div>\n<p><strong>Le ministre des Mines et des Carri\u00e8res, Oumarou Idani, a anim\u00e9 une conf\u00e9rence de presse, le vendredi 3 mai 2019 \u00e0 Ouagadougou, sur le bilan et les perspectives de son d\u00e9partement.<\/strong><\/p>\n<p>Le ministre des Mines et des Carri\u00e8res, Oumarou Idani, \u00e0 la t\u00eate du d\u00e9partement depuis le 20 f\u00e9vrier 2017, a marqu\u00e9 une halte pour informer l\u2019opinion publique nationale et internationale sur les r\u00e9formes entreprises ainsi que le bilan et les perspectives du d\u00e9partement. C\u2019\u00e9tait au cours d\u2019une conf\u00e9rence de presse, tenue le vendredi 3 mai 2019, \u00e0 Ouagadougou. Selon le ministre, sur le plan des r\u00e9formes politiques, le d\u00e9partement s\u2019est dot\u00e9, pour la p\u00e9riode 2017-2026, d\u2019une strat\u00e9gie des mines et des carri\u00e8res en vue de d\u00e9velopper un secteur minier comp\u00e9titif \u00e0 forte valeur ajout\u00e9e et cr\u00e9ateur d\u2019emplois d\u00e9cents. En mati\u00e8re de r\u00e9formes l\u00e9gislatives et r\u00e8glementaires, a-t-il ajout\u00e9, 16 d\u00e9crets et 18 arr\u00eat\u00e9s ont \u00e9t\u00e9 adopt\u00e9s pour permettre l\u2019application du Code minier et deux nouvelles lois adopt\u00e9es respectivement en 2017 et 2018. Il s\u2019agit de la loi portant organisation de la commercialisation de l\u2019or et autres substances pr\u00e9cieuses et celle portant fixation du r\u00e9gime des substances explosives \u00e0 usage civil. Les r\u00e9formes institutionnelles, selon lui, se sont men\u00e9es de pair avec le renforcement de la Brigade nationale anti-fraude de l\u2019or (BNAF) et l\u2019op\u00e9rationnalisation de l\u2019Agence nationale d\u2019encadrement des exploitations mini\u00e8res artisanales (ANEEMAS), qui travaillent toutes les deux \u00e0 faire de l\u2019artisanat minier, un sous-secteur porteur de d\u00e9veloppement. Il y a eu \u00e9galement, a poursuivi M. Idani, l\u2019op\u00e9rationnalisation de quatre fonds miniers. A cet effet, il a signifi\u00e9 que le Fonds minier de d\u00e9veloppement local (FMDL) conna\u00eet un niveau d\u2019op\u00e9rationnalisation tr\u00e8s avanc\u00e9e, car son alimentation est effective pour l\u2019ann\u00e9e 2018. A la date du 28 mars 2019, a-t-il soutenu, les soci\u00e9t\u00e9s mini\u00e8res ont proc\u00e9d\u00e9 au paiement effectif de 1\u00a0819\u00a0813\u00a0956 F CFA et l\u2019Etat a donn\u00e9 une contribution de 2 milliards F CFA. A l\u2019\u00e9couler, le fonds de r\u00e9habilitation et de fermeture des mines industrielles est \u00e9galement aliment\u00e9 par les compagnies mini\u00e8res \u00e0 hauteur de 34\u00a0518\u00a0175\u00a0639 F CFA \u00e0 la date du 2 mai 2019 et les textes d\u2019administration et de gestion y relatifs ont \u00e9t\u00e9 adopt\u00e9s. Le fonds de r\u00e9habilitation et de s\u00e9curisation des sites miniers artisanaux et de lutte contre l\u2019usage des produits chimiques prohib\u00e9s est aussi en cours d\u2019op\u00e9rationnalisation, a fait savoir le ministre. Ne trouvez-vous pas que la mise en \u0153uvre du FMDL conna\u00eet des difficult\u00e9s au regard des plaintes des maires des communes mini\u00e8res\u00a0? A cette question des journalistes, le ministre a rassur\u00e9\u00a0 que le dispositif de gestion du fonds est op\u00e9rationnel aussi bien au niveau national que local et\u00a0dans les jours \u00e0 venir, il sera proc\u00e9d\u00e9, conform\u00e9ment \u00e0 la r\u00e8glementation, \u00e0 une r\u00e9partition du fonds et au versement des montants dus aux communes d\u00e9j\u00e0 invit\u00e9es \u00e0 disposer de comptes sp\u00e9ciaux \u2018\u2019FMDL\u2019\u2019. \u00abNous avons expliqu\u00e9 aux soci\u00e9t\u00e9s mini\u00e8res que le FMDL n\u2019est pas un nouvel imp\u00f4t et apr\u00e8s les discussions nous sommes parvenus \u00e0 la conclusion que les compagnies mini\u00e8res anciennes qui avaient leur convention avant l\u2019instauration dudit fonds vont y contribuer \u00e0 hauteur de 1% de leurs chiffres d\u2019affaires. Des conventions s\u00e9par\u00e9es seront sign\u00e9es \u00e0 cet effet\u00bb, a expliqu\u00e9 M. Idani.<\/p>\n<p>Plus de 52 tonnes d\u2019or produites en 2018<\/p>\n<p>La production de l\u2019or et de zinc, a-t-il f\u00e9licit\u00e9, a consid\u00e9rablement augment\u00e9, passant pour le m\u00e9tal jaune de 32 tonnes en 2014 \u00e0 52,622 tonnes en 2018 et l\u2019ambition du d\u00e9partement est de franchir la barre symbolique des 60 tonnes en 2019 avec notamment l\u2019entr\u00e9e en production des mines d\u2019or de Niankorodougou, de Bou\u00e9r\u00e9 Dohoun, de Samtenga et la construction des mines de Sanbrado et de Bombor\u00e9. La production du zinc pour l\u2019ann\u00e9e 2018, elle, a-t-il notifi\u00e9, s\u2019\u00e9tablit \u00e0 165\u00a0000 tonnes et conna\u00eet une l\u00e9g\u00e8re progression de 0,5% par rapport \u00e0 2017. En ce qui concerne les retomb\u00e9es du secteur minier sur le plan \u00e9conomique et social, M. Idani a mentionn\u00e9 266 milliards F CFA de contribution aux recettes budg\u00e9taires, 1\u00a0540 milliards F CFA de recettes d\u2019exportation et une contribution de 11,4% \u00e0 la formation du PIB. Le sous-secteur industriel a engendr\u00e9 \u00e9galement, a-t-il rench\u00e9ri, 9\u00a0200 emplois directs et 26\u00a0100 emplois indirects en fin 2018 et le sous-secteur artisanal est une source principale de revenus pour 1\u00a0500\u00a0000 personnes. En termes de perspective, le ministre a signal\u00e9 la diversification de la production en commen\u00e7ant par le mangan\u00e8se et surtout apr\u00e8s la victoire remport\u00e9e par l\u2019Etat burkinab\u00e8 dans le proc\u00e8s en arbitrage face au groupe TIMIS, ex-op\u00e9rateur de la mine de Tambao. \u00abNous avons de bons indices pour le plomb, le fer, le titane, le diamant, le cuivre, le vanadium, le nickel, l\u2019uranium et le lithium\u00bb, a-t-il relev\u00e9. La question s\u00e9curitaire ne joue-t-elle pas sur la production mini\u00e8re\u00a0? Sur ce sujet, le ministre a reconnu que l\u2019ins\u00e9curit\u00e9 perturbe la production mini\u00e8re. \u00abDes terroristes exploitaient des mines d\u2019or \u00e0 l\u2019Est. Mais \u00e0 ce jour, ils ont \u00e9t\u00e9 d\u00e9mantel\u00e9s. Nous avons agi sur deux axes. Premi\u00e8rement, il y a des dispositions prises avec l\u2019ensemble des acteurs nationaux pour trouver des solutions adapt\u00e9es \u00e0 la protection des sites miniers, mais la difficult\u00e9 majeure est la s\u00e9curisation des voies d\u2019acc\u00e8s de ces sites. Le deuxi\u00e8me axe est que nous avons d\u00e9cid\u00e9 de communiquer \u00e0 l\u2019international pour rassurer les partenaires que le Burkina Faso est fr\u00e9quentable\u00bb, a-t-il expliqu\u00e9.<\/p>\n<p>Kowoma Marc DOH<\/p>\n<div class=\"td-a-rec td-a-rec-id-content_bottom td_uid_31_5ccf593ee831a_rand td_block_template_1\"><img loading=\"lazy\" decoding=\"async\" class=\"alignright size-full wp-image-1724\" src=\"https:\/\/www.sidwaya.info\/wp-content\/uploads\/2018\/12\/sidwaya-pub.jpg\" alt=\"\" width=\"720\" height=\"90\"\/><\/div>\n<p>Auteur: BM. Sidwaya<br \/>\n<a href=\"https:\/\/www.sidwaya.info\/blog\/2019\/05\/05\/oumarou-idani-des-terroristes-exploitaient-des-mines-dor-a-lest\/\">Cliquez ici pour lire l&rsquo;article depuis sa source.<\/a><\/p>\n","protected":false},"excerpt":{"rendered":"<p>Le ministre des Mines et des Carri\u00e8res, Oumarou Idani, a anim\u00e9 une conf\u00e9rence de presse, le vendredi 3 mai 2019 \u00e0 Ouagadougou, sur le bilan et les perspectives de son d\u00e9partement. Le ministre des Mines et des Carri\u00e8res, Oumarou Idani, \u00e0 la t\u00eate du d\u00e9partement depuis le 20 f\u00e9vrier 2017, a marqu\u00e9 une halte pour [&hellip;]<\/p>\n","protected":false},"author":1816,"featured_media":0,"comment_status":"closed","ping_status":"closed","sticky":false,"template":"","format":"standard","meta":{"fifu_image_url":"","fifu_image_alt":"","footnotes":""},"categories":[73,81],"tags":[],"class_list":["post-32417","post","type-post","status-publish","format-standard","hentry","category-actualite","category-burkina-faso"],"_links":{"self":[{"href":"https:\/\/linitiative.ca\/International\/wp-json\/wp\/v2\/posts\/32417","targetHints":{"allow":["GET"]}}],"collection":[{"href":"https:\/\/linitiative.ca\/International\/wp-json\/wp\/v2\/posts"}],"about":[{"href":"https:\/\/linitiative.ca\/International\/wp-json\/wp\/v2\/types\/post"}],"author":[{"embeddable":true,"href":"https:\/\/linitiative.ca\/International\/wp-json\/wp\/v2\/users\/1816"}],"replies":[{"embeddable":true,"href":"https:\/\/linitiative.ca\/International\/wp-json\/wp\/v2\/comments?post=32417"}],"version-history":[{"count":0,"href":"https:\/\/linitiative.ca\/International\/wp-json\/wp\/v2\/posts\/32417\/revisions"}],"wp:attachment":[{"href":"https:\/\/linitiative.ca\/International\/wp-json\/wp\/v2\/media?parent=32417"}],"wp:term":[{"taxonomy":"category","embeddable":true,"href":"https:\/\/linitiative.ca\/International\/wp-json\/wp\/v2\/categories?post=32417"},{"taxonomy":"post_tag","embeddable":true,"href":"https:\/\/linitiative.ca\/International\/wp-json\/wp\/v2\/tags?post=32417"}],"curies":[{"name":"wp","href":"https:\/\/api.w.org\/{rel}","templated":true}]}}