{"id":32418,"date":"2019-05-05T17:35:58","date_gmt":"2019-05-05T21:35:58","guid":{"rendered":"https:\/\/linitiative.ca\/International\/lever-toute-equivoque\/"},"modified":"2019-05-05T17:35:58","modified_gmt":"2019-05-05T21:35:58","slug":"lever-toute-equivoque","status":"publish","type":"post","link":"https:\/\/linitiative.ca\/International\/lever-toute-equivoque\/","title":{"rendered":"Lever toute \u00e9quivoque"},"content":{"rendered":"<div class=\"td-post-featured-image\"><a href=\"https:\/\/i2.wp.com\/www.sidwaya.info\/wp-content\/uploads\/2019\/05\/dgsid006.jpg?fit=787%2C1180&#038;ssl=1\" data-caption=\"\"><img loading=\"lazy\" decoding=\"async\" width=\"696\" height=\"1044\" class=\"entry-thumb td-modal-image\" src=\"https:\/\/i2.wp.com\/www.sidwaya.info\/wp-content\/uploads\/2019\/05\/dgsid006.jpg?resize=696%2C1044&#038;ssl=1\" srcset=\"https:\/\/i2.wp.com\/www.sidwaya.info\/wp-content\/uploads\/2019\/05\/dgsid006.jpg?w=787&#038;ssl=1 787w, https:\/\/i2.wp.com\/www.sidwaya.info\/wp-content\/uploads\/2019\/05\/dgsid006.jpg?resize=200%2C300&#038;ssl=1 200w, https:\/\/i2.wp.com\/www.sidwaya.info\/wp-content\/uploads\/2019\/05\/dgsid006.jpg?resize=768%2C1152&#038;ssl=1 768w, https:\/\/i2.wp.com\/www.sidwaya.info\/wp-content\/uploads\/2019\/05\/dgsid006.jpg?resize=683%2C1024&#038;ssl=1 683w, https:\/\/i2.wp.com\/www.sidwaya.info\/wp-content\/uploads\/2019\/05\/dgsid006.jpg?resize=696%2C1044&#038;ssl=1 696w, https:\/\/i2.wp.com\/www.sidwaya.info\/wp-content\/uploads\/2019\/05\/dgsid006.jpg?resize=280%2C420&#038;ssl=1 280w\" sizes=\"auto, (max-width: 696px) 100vw, 696px\" alt=\"\" title=\"dgsid006\"\/><\/a><\/div>\n<div class=\"td-a-rec td-a-rec-id-content_top td_uid_30_5ccf5941dd6c8_rand td_block_template_1\"><img loading=\"lazy\" decoding=\"async\" class=\"aligncenter size-full wp-image-4463\" src=\"https:\/\/www.sidwaya.info\/wp-content\/uploads\/2019\/02\/FESPACO-TOUR-2019-Bannie%CC%80re-728x90-1.jpg\" alt=\"\" width=\"728\" height=\"90\"\/><\/div>\n<p>Le gouvernement a r\u00e9affirm\u00e9, le samedi 4 mai 2019, la poursuite du processus de rationalisation du syst\u00e8me de r\u00e9mun\u00e9ration des agents de la Fonction publique. Cette annonce a de quoi rassurer l\u2019ensemble des acteurs qui ont souscrit \u00e0 cette volont\u00e9 affich\u00e9e de trouver une solution p\u00e9renne \u00e0 la question de la r\u00e9mun\u00e9ration des fonctionnaires afin d\u2019en finir avec le pi\u00e8ge sans fin des \u00abcas par cas\u00bb entam\u00e9 avec le corps de la magistrature en 2016. En effet, l\u2019accord entre le gouvernement et la Coordination des syndicats du minist\u00e8re de l\u2019Economie, des Finances et du D\u00e9veloppement (CS-MINEFID), sign\u00e9 \u00e0 la suite d\u2019un mouvement sans nom qui a paralys\u00e9 l\u2019\u00e9conomie nationale, est per\u00e7u par certaines organisations syndicales comme \u00abune trahison\u00bb de l\u2019esprit de la conf\u00e9rence des forces vives de la nation sur le syst\u00e8me de r\u00e9mun\u00e9ration des travailleurs tenue en juin 2018. Pourtant, \u00e0 y voir de pr\u00e8s, le gouvernement ne s\u2019est pas \u00e9cart\u00e9 de ce consensus qui d\u00e9coule de l\u2019op\u00e9rationnalisation de la mise \u00e0 plat. L\u2019attitude des syndicats \u00abtrahis\u00bb proc\u00e8derait plut\u00f4t d\u2019une incompr\u00e9hension dans ce dossier sensible. D\u2019o\u00f9 la n\u00e9cessit\u00e9 de lever toute \u00e9quivoque, pour permettre au processus de se poursuivre normalement. D\u2019un certain point de vue, l\u2019accord avec la CS-MINEFID semble tout droit sorti des manches du gouvernement, alors qu\u2019il fait partie de la batterie de mesures d\u2019accompagnement prescrites par la rencontre. C\u2019est donc sur les recommandations de la Conf\u00e9rence que se fonde l\u2019accord avec la CS-MINEFID. Il s\u2019agit notamment des suggestions relatives \u00e0 la suppression du fonds commun, \u00e0 l\u2019instauration d\u2019une prime de motivation correspondant \u00e0 25% de la masse salariale ainsi que d\u2019une mesure d\u2019accompagnement pr\u00e9vues par la loi de Finances, gestion 2019. Pour les cat\u00e9gories P, A et I par exemple, les 900 mille F CFA sont l\u2019addition<br \/>de la prime de motivation (\u00a0350 000) et la mesure d\u2019accompagnement (550\u00a0000), limit\u00e9e dans le temps, et devant permettre d\u2019honorer les pr\u00eats sur fonds communs. Il est difficile alors de trouver dans cet accord avec les financiers, \u00abun cas par cas\u00bb pr\u00e9judiciable \u00e0 la suite du processus de mise \u00e0 plat. C\u2019est d\u2019ailleurs les dispositions de la Conf\u00e9rence qui permettent aujourd\u2019hui \u00e0 l\u2019Etat de poursuivre les n\u00e9gociations avec les travailleurs de l\u2019Education nationale, de la Sant\u00e9 (Fonction publique hospitali\u00e8re), de la Police nationale, de la Garde de s\u00e9curit\u00e9 p\u00e9nitentiaire (GSP) ainsi que les greffiers, sans que cela ne puisse porter pr\u00e9judice \u00e0 la suite des r\u00e9formes des r\u00e9mun\u00e9rations. On pourrait tout au plus d\u00e9plorer le timing d\u2019un accord qui aurait pu intervenir d\u00e8s janvier 2019 et un d\u00e9ficit de communication avec les syndicats ayant pris part \u00e0 la conf\u00e9rence. Ce qui a donn\u00e9 l\u2019impression d\u2019un deal qui n\u2019en est pas un avec les financiers. Et c\u2019est peut-\u00eatre tirant le\u00e7on de cette donne que le gouvernement s\u2019est engag\u00e9, au sortir du s\u00e9minaire consacr\u00e9 aux travaux des techniciens sur la r\u00e9mun\u00e9ration des agents publics, pour de larges concertations avec les partenaires sociaux et les leaders traditionnels et religieux, en vue de recueillir leurs observations. La conf\u00e9rence de restitution, initialement pr\u00e9vue pour le 30 avril dernier et report\u00e9e sine die, pourrait donc intervenir sous de meilleurs auspices. Le temps de s\u2019accorder sur certains points m\u00e9ritant d\u2019\u00eatre d\u00e9battus, afin de lever les doutes, car, ne dit-on pas que le diable se trouve dans les d\u00e9tails\u00a0? Mais, face \u00e0 l\u2019encha\u00eenement de pr\u00e9avis de gr\u00e8ves, il y a lieu de faire comprendre que le cap de la mise \u00e0 plat est bien maintenu, et qu\u2019il ne faut surtout pas se tromper de mot d\u2019ordre ou de combat, au risque de tuer la poule aux \u0153ufs d\u2019or.<\/p>\n<p>Par Mahamadi TIEGNA<br \/>mahamaditiegna@yahoo.fr<\/p>\n<div class=\"td-a-rec td-a-rec-id-content_bottom td_uid_31_5ccf5941dd92f_rand td_block_template_1\"><img loading=\"lazy\" decoding=\"async\" class=\"alignright size-full wp-image-1724\" src=\"https:\/\/www.sidwaya.info\/wp-content\/uploads\/2018\/12\/sidwaya-pub.jpg\" alt=\"\" width=\"720\" height=\"90\"\/><\/div>\n<p>Auteur: BM. Sidwaya<br \/>\n<a href=\"https:\/\/www.sidwaya.info\/blog\/2019\/05\/05\/lever-toute-equivoque\/\">Cliquez ici pour lire l&rsquo;article depuis sa source.<\/a><\/p>\n","protected":false},"excerpt":{"rendered":"<p>Le gouvernement a r\u00e9affirm\u00e9, le samedi 4 mai 2019, la poursuite du processus de rationalisation du syst\u00e8me de r\u00e9mun\u00e9ration des agents de la Fonction publique. Cette annonce a de quoi rassurer l\u2019ensemble des acteurs qui ont souscrit \u00e0 cette volont\u00e9 affich\u00e9e de trouver une solution p\u00e9renne \u00e0 la question de la r\u00e9mun\u00e9ration des fonctionnaires afin [&hellip;]<\/p>\n","protected":false},"author":1816,"featured_media":0,"comment_status":"closed","ping_status":"closed","sticky":false,"template":"","format":"standard","meta":{"fifu_image_url":"","fifu_image_alt":"","footnotes":""},"categories":[73,81],"tags":[],"class_list":["post-32418","post","type-post","status-publish","format-standard","hentry","category-actualite","category-burkina-faso"],"_links":{"self":[{"href":"https:\/\/linitiative.ca\/International\/wp-json\/wp\/v2\/posts\/32418","targetHints":{"allow":["GET"]}}],"collection":[{"href":"https:\/\/linitiative.ca\/International\/wp-json\/wp\/v2\/posts"}],"about":[{"href":"https:\/\/linitiative.ca\/International\/wp-json\/wp\/v2\/types\/post"}],"author":[{"embeddable":true,"href":"https:\/\/linitiative.ca\/International\/wp-json\/wp\/v2\/users\/1816"}],"replies":[{"embeddable":true,"href":"https:\/\/linitiative.ca\/International\/wp-json\/wp\/v2\/comments?post=32418"}],"version-history":[{"count":0,"href":"https:\/\/linitiative.ca\/International\/wp-json\/wp\/v2\/posts\/32418\/revisions"}],"wp:attachment":[{"href":"https:\/\/linitiative.ca\/International\/wp-json\/wp\/v2\/media?parent=32418"}],"wp:term":[{"taxonomy":"category","embeddable":true,"href":"https:\/\/linitiative.ca\/International\/wp-json\/wp\/v2\/categories?post=32418"},{"taxonomy":"post_tag","embeddable":true,"href":"https:\/\/linitiative.ca\/International\/wp-json\/wp\/v2\/tags?post=32418"}],"curies":[{"name":"wp","href":"https:\/\/api.w.org\/{rel}","templated":true}]}}