{"id":32424,"date":"2019-05-05T16:18:05","date_gmt":"2019-05-05T20:18:05","guid":{"rendered":"https:\/\/linitiative.ca\/International\/le-jeune-du-mois-de-ramadan-commence-en-cote-divoire-lundi-officiel\/"},"modified":"2019-05-05T16:18:05","modified_gmt":"2019-05-05T20:18:05","slug":"le-jeune-du-mois-de-ramadan-commence-en-cote-divoire-lundi-officiel","status":"publish","type":"post","link":"https:\/\/linitiative.ca\/International\/le-jeune-du-mois-de-ramadan-commence-en-cote-divoire-lundi-officiel\/","title":{"rendered":"Le je\u00fbne du mois de Ramadan commence en C\u00f4te d\u2019Ivoire, lundi (Officiel)"},"content":{"rendered":"<div readability=\"32\">\n<p>Publi\u00e9 le 05.05.2019 \u00e0 21h18 par APA News<\/p>\n<\/div>\n<div readability=\"56\">\n<p>Le je\u00fbne du mois de Ramadan commence, lundi, en C\u00f4te d\u2019Ivoire o\u00f9 le croissant lunaire a \u00e9t\u00e9 observ\u00e9 dimanche soir \u00e0 Bondoukou, ville situ\u00e9e dans le Nord-Est du pays.Dans une d\u00e9claration conjointe, le Conseil sup\u00e9rieur des Imams en C\u00f4te d\u2019Ivoire (COSIM) et le Conseil des Imams sunnites de C\u00f4te d\u2019Ivoire (CODIS), ont annonc\u00e9 que le croissant lunaire marquant le d\u00e9but du je\u00fbne du mois de Ramadan a \u00e9t\u00e9 observ\u00e9 \u00e0 Bondoukou dans le quartier Manlagasso par l\u2019Imam Cho\u00efb Tour\u00e9 et ses fid\u00e8les.<\/p>\n<p>Par cons\u00e9quent, ont-ils ajout\u00e9 dans la d\u00e9claration lue par l\u2019Imam S\u00e9kou Sylla que \u00ab le Ramadan commencera en C\u00f4te d\u2019Ivoire demain lundi 06 mai 2019 \u00bb.<\/p>\n<p>Le jeune du Ramadan est le quatri\u00e8me pilier de l\u2019Islam durant lequel les musulmans restent \u00e0 jeun de l\u2019aube jusqu\u2019au coucher du soleil tous les jours pendant 29 ou 30 jours de m\u00eame qu\u2019ils s\u2019abstiennent d\u2019avoir des rapports sexuels avec leur \u00e9poux ou \u00e9pouse dans la journ\u00e9e.<\/p>\n<p><ins data-revive-zoneid=\"9\" data-revive-id=\"10111e19d28d19d031742ee3b0b33eb0\"\/> <\/p>\n<p>Ce mois \u00ab b\u00e9ni \u00bb de l\u2019Islam qui a vu la r\u00e9v\u00e9lation du Saint Coran au Proph\u00e8te Mohammed (Paix et salut d\u2019Allah sur Lui) et 9\u00e8me mois lunaire est \u00e9galement accueilli en tant que p\u00e9riode de grande g\u00e9n\u00e9rosit\u00e9, de solidarit\u00e9 et de partage.<\/p>\n<p>Il constitue aussi une p\u00e9riode de grande consommation o\u00f9 de nombreuses publicit\u00e9s de produits autour du Ramadan sont visibles \u00e0 travers le pays.<\/p>\n<\/div>\n<p>Auteur: APA News<br \/>\n<a href=\"https:\/\/www.journalducameroun.com\/fr\/le-jeune-du-mois-de-ramadan-commence-en-cote-divoire-lundi-officiel\/\">Cliquez ici pour lire l&rsquo;article depuis sa source.<\/a><\/p>\n","protected":false},"excerpt":{"rendered":"<p>Publi\u00e9 le 05.05.2019 \u00e0 21h18 par APA News Le je\u00fbne du mois de Ramadan commence, lundi, en C\u00f4te d\u2019Ivoire o\u00f9 le croissant lunaire a \u00e9t\u00e9 observ\u00e9 dimanche soir \u00e0 Bondoukou, ville situ\u00e9e dans le Nord-Est du pays.Dans une d\u00e9claration conjointe, le Conseil sup\u00e9rieur des Imams en C\u00f4te d\u2019Ivoire (COSIM) et le Conseil des Imams sunnites [&hellip;]<\/p>\n","protected":false},"author":1965,"featured_media":0,"comment_status":"closed","ping_status":"closed","sticky":false,"template":"","format":"standard","meta":{"fifu_image_url":"","fifu_image_alt":"","footnotes":""},"categories":[73,82],"tags":[],"class_list":["post-32424","post","type-post","status-publish","format-standard","hentry","category-actualite","category-cameroun"],"_links":{"self":[{"href":"https:\/\/linitiative.ca\/International\/wp-json\/wp\/v2\/posts\/32424","targetHints":{"allow":["GET"]}}],"collection":[{"href":"https:\/\/linitiative.ca\/International\/wp-json\/wp\/v2\/posts"}],"about":[{"href":"https:\/\/linitiative.ca\/International\/wp-json\/wp\/v2\/types\/post"}],"author":[{"embeddable":true,"href":"https:\/\/linitiative.ca\/International\/wp-json\/wp\/v2\/users\/1965"}],"replies":[{"embeddable":true,"href":"https:\/\/linitiative.ca\/International\/wp-json\/wp\/v2\/comments?post=32424"}],"version-history":[{"count":0,"href":"https:\/\/linitiative.ca\/International\/wp-json\/wp\/v2\/posts\/32424\/revisions"}],"wp:attachment":[{"href":"https:\/\/linitiative.ca\/International\/wp-json\/wp\/v2\/media?parent=32424"}],"wp:term":[{"taxonomy":"category","embeddable":true,"href":"https:\/\/linitiative.ca\/International\/wp-json\/wp\/v2\/categories?post=32424"},{"taxonomy":"post_tag","embeddable":true,"href":"https:\/\/linitiative.ca\/International\/wp-json\/wp\/v2\/tags?post=32424"}],"curies":[{"name":"wp","href":"https:\/\/api.w.org\/{rel}","templated":true}]}}