{"id":32427,"date":"2019-05-05T17:50:01","date_gmt":"2019-05-05T21:50:01","guid":{"rendered":"https:\/\/linitiative.ca\/International\/benin-le-corps-du-guide-des-touristes-francais-identifie-la-these-de-lenlevement-se-precise\/"},"modified":"2019-05-05T17:50:01","modified_gmt":"2019-05-05T21:50:01","slug":"benin-le-corps-du-guide-des-touristes-francais-identifie-la-these-de-lenlevement-se-precise","status":"publish","type":"post","link":"https:\/\/linitiative.ca\/International\/benin-le-corps-du-guide-des-touristes-francais-identifie-la-these-de-lenlevement-se-precise\/","title":{"rendered":"B\u00e9nin: le corps du guide des touristes fran\u00e7ais identifi\u00e9, la \u00ab\u00a0th\u00e8se de l\u2019enl\u00e8vement se pr\u00e9cise\u00a0\u00bb"},"content":{"rendered":"<p>Le corps retrouv\u00e9 dans un parc national du B\u00e9nin, o\u00f9 deux touristes fran\u00e7ais ont disparu, est bien celui de leur guide, ont confirm\u00e9 dimanche les gouvernements b\u00e9ninois et fran\u00e7ais, renfor\u00e7ant les craintes d\u2019un enl\u00e8vement dans ce pays jusque-l\u00e0 \u00e9pargn\u00e9 par l\u2019ins\u00e9curit\u00e9 en Afrique de l\u2019Ouest.<\/p>\n<p>\u00ab\u00a0Les r\u00e9sultats des examens effectu\u00e9s sur le corps sans vie retrouv\u00e9 le samedi 4 mai dans le parc national de la Pendjari permettent d\u2019affirmer que ce corps est celui du guide b\u00e9ninois des deux touristes fran\u00e7ais dont la recherche se poursuit\u00a0\u00bb, \u00e9crit le minist\u00e8re b\u00e9ninois de l\u2019Int\u00e9rieur dans un communiqu\u00e9.<\/p>\n<p>Les recherches \u00ab\u00a0ont conduit \u00e0 la d\u00e9couverte du corps du guide b\u00e9ninois\u00a0\u00bb et \u00ab\u00a0se poursuivent activement afin de retrouver nos deux compatriotes\u00a0\u00bb, rench\u00e9rit le minist\u00e8re fran\u00e7ais des Affaires \u00e9trang\u00e8res dans un communiqu\u00e9 distinct.<\/p>\n<p>Selon une source gouvernementale b\u00e9ninoise interrog\u00e9e par l\u2019AFP, une grande incertitude r\u00e8gne toujours quant au sort des deux touristes fran\u00e7ais disparus depuis mercredi, \u00ab\u00a0deux enseignants venus passer une dizaine de jours en vacances au B\u00e9nin\u00a0\u00bb.<\/p>\n<p>L\u2019homme retrouv\u00e9 mort \u00ab\u00a0\u00e9tait un guide professionnel bien connu au B\u00e9nin. Hier matin (samedi) lorsque les gens du parc l\u2019ont d\u00e9couvert, ils l\u2019ont reconnu malgr\u00e9 l\u2019\u00e9tat tr\u00e8s ab\u00eem\u00e9 du corps. Un m\u00e9decin l\u00e9giste qui l\u2019a ensuite examin\u00e9 a estim\u00e9 que c\u2019\u00e9tait lui \u00e0 99%\u00a0\u00bb, a poursuivi cette source.<\/p>\n<p>Le pantalon retrouv\u00e9 sur le cadavre a \u00e9t\u00e9 pr\u00e9sent\u00e9 \u00e0 sa famille, qui a confirm\u00e9 qu\u2019il s\u2019agissait bien de celui du guide b\u00e9ninois Fiacre Gb\u00e9dji.<\/p>\n<p>\u00ab\u00a0La th\u00e8se d\u2019un enl\u00e8vement se pr\u00e9cise\u00a0\u00bb pour les deux touristes fran\u00e7ais, dont le v\u00e9hicule a \u00e9t\u00e9 retrouv\u00e9 dans l\u2019est du Burkina Faso, a confi\u00e9 \u00e0 l\u2019AFP une source s\u00e9curitaire de la r\u00e9gion. \u00ab\u00a0Un Toyota 4 Runner qui transportait les deux touristes fran\u00e7ais et leur guide a \u00e9t\u00e9 retrouv\u00e9 sans les occupants\u00a0\u00bb, a-t-elle d\u00e9taill\u00e9.<\/p>\n<p>Les deux touristes \u00ab\u00a0ont peut-\u00eatre d\u00e9j\u00e0 pass\u00e9 la fronti\u00e8re avec le Mali\u00a0\u00bb, base arri\u00e8re de nombreux groupes jihadistes, a affirm\u00e9 cette source proche du gouvernement b\u00e9ninois.<\/p>\n<p>Ils ont disparu mercredi soir et \u00ab\u00a0sont probablement d\u00e9j\u00e0 tr\u00e8s loin\u00a0\u00bb, selon une source s\u00e9curitaire \u00e0 Cotonou.<\/p>\n<p>Les deux enseignants avaient visit\u00e9 plusieurs sites dans le sud du pays, dont Abomey et Ouidah, et devaient s\u2019envoler dimanche soir pour Paris.<\/p>\n<p>\u2013 D\u00e9gradation s\u00e9curitaire \u2013<\/p>\n<p>La Pendjari, avec ses 4.700 km2, est l\u2019un des trois parcs de l\u2019ensemble WAP (W, Arly et Pendjari) qui s\u2019\u00e9tend sur le B\u00e9nin, le Burkina Faso et le Niger, et l\u2019un des derniers sanctuaires de la vie sauvage en Afrique de l\u2019Ouest.<\/p>\n<p>Il fait partie des grands projets de r\u00e9habilitation engag\u00e9s par le B\u00e9nin pour son d\u00e9veloppement \u00e9conomique depuis l\u2019arriv\u00e9e au pouvoir du pr\u00e9sident Patrice Talon, en avril 2016.<\/p>\n<p><ins data-revive-zoneid=\"9\" data-revive-id=\"10111e19d28d19d031742ee3b0b33eb0\"\/> <\/p>\n<p>Les investisseurs se sont engag\u00e9s \u00e0 investir 26 millions de dollars (dont 6 millions par le gouvernement b\u00e9ninois) en dix ans pour faire revivre ce parc, ab\u00eem\u00e9 par des d\u00e9cennies de n\u00e9gligence.<\/p>\n<p>Mais sa situation g\u00e9ographique, limitrophe avec le Burkina Faso, \u00e9tait une menace constante, d\u00e9sormais r\u00e9elle: le pays voisin est confront\u00e9 \u00e0 une d\u00e9gradation de la situation s\u00e9curitaire sur son sol depuis 3 ans, avec une acc\u00e9l\u00e9ration alarmante ces derniers mois.<\/p>\n<p>Le B\u00e9nin \u00e9tait consid\u00e9r\u00e9 comme un \u00eelot de stabilit\u00e9 en Afrique de l\u2019Ouest, une r\u00e9gion o\u00f9 op\u00e8rent de nombreux groupes jihadistes li\u00e9s \u00e0 Al-Qa\u00efda et \u00e0 l\u2019organisation Etat islamique (EI). Mais les parcs sont des zones tr\u00e8s difficiles \u00e0 surveiller, malgr\u00e9 un renforcement des \u00e9quipes de surveillance, entra\u00een\u00e9es militairement depuis que African Park a repris la gestion de la Pendjari.<\/p>\n<p>\u00ab\u00a0Il vous arrive de rencontrer des gens \u00e0 pied dans le parc, mais vous ne savez pas o\u00f9 ils vont ni d\u2019o\u00f9 ils viennent\u00a0\u00bb, explique \u00e0 l\u2019AFP Robert Ok\u00e9, un guide du parc.<\/p>\n<p>\u2013 Multiplication des fronts \u2013<\/p>\n<p>\u00ab\u00a0J\u2019ai un groupe de touristes qui venait le 15 mai\u00a0\u00bb, se d\u00e9sole le guide. \u00ab\u00a0Ils ont d\u00fb annuler. Ils venaient pour six jours dans le parc\u00a0\u00bb.<\/p>\n<p>L\u2019exploitation du parc est l\u2019une des seules sources de revenus dans cette r\u00e9gion recul\u00e9e du B\u00e9nin, \u00e0 plus de 10 heures de route de la capitale \u00e9conomique, Cotonou.<\/p>\n<p>La zone avait r\u00e9cemment \u00e9t\u00e9 plac\u00e9e comme \u00ab\u00a0formellement d\u00e9conseill\u00e9e\u00a0\u00bb par le Quai d\u2019Orsay, \u00ab\u00a0compte tenu de la pr\u00e9sence de groupes arm\u00e9s terroristes et du risque d\u2019enl\u00e8vement\u00a0\u00bb.<\/p>\n<p>Selon des experts et des sources s\u00e9curitaires, le nord des pays c\u00f4tiers de l\u2019Afrique de l\u2019Ouest, comme le Togo et le B\u00e9nin, est devenu vuln\u00e9rable ces derniers mois face \u00e0 la strat\u00e9gie d\u2019expansion et de multiplication des fronts adopt\u00e9e par les groupes arm\u00e9s.<\/p>\n<p>Dans le parc du W, \u00e0 cheval sur le B\u00e9nin, le Niger et le Burkina, \u00ab\u00a0des combattants originaires du Mali auraient men\u00e9 d\u00e8s 2014-2015 une reconnaissance\u00a0\u00bb jusqu\u2019au B\u00e9nin, selon un rapport publi\u00e9 en mars par l\u2019institut de recherche Thomas More.<\/p>\n<p>Au Burkina, 90% des attaques ne sont pas revendiqu\u00e9es. Elles ont \u00e9t\u00e9 pour la plupart attribu\u00e9es \u00e0 Ansaroul Islam, au Groupe de soutien \u00e0 l\u2019islam et aux musulmans (GSIM) ou \u00e0 l\u2019Etat islamique dans le grand Sahara (EIGS), mais une dizaine d\u2019autres groupes, \u00ab\u00a0plus petits et sans doute moins structur\u00e9s\u00a0\u00bb sont \u00e9galement actifs, selon International Crisis Group (ICG).<\/p>\n<p>Auteur: AFP<br \/>\n<a href=\"https:\/\/www.journalducameroun.com\/fr\/benin-le-corps-du-guide-des-touristes-francais-identifie-la-these-de-lenlevement-se-precise\/\">Cliquez ici pour lire l&rsquo;article depuis sa source.<\/a><\/p>\n","protected":false},"excerpt":{"rendered":"<p>Le corps retrouv\u00e9 dans un parc national du B\u00e9nin, o\u00f9 deux touristes fran\u00e7ais ont disparu, est bien celui de leur guide, ont confirm\u00e9 dimanche les gouvernements b\u00e9ninois et fran\u00e7ais, renfor\u00e7ant les craintes d\u2019un enl\u00e8vement dans ce pays jusque-l\u00e0 \u00e9pargn\u00e9 par l\u2019ins\u00e9curit\u00e9 en Afrique de l\u2019Ouest. \u00ab\u00a0Les r\u00e9sultats des examens effectu\u00e9s sur le corps sans vie [&hellip;]<\/p>\n","protected":false},"author":1965,"featured_media":0,"comment_status":"closed","ping_status":"closed","sticky":false,"template":"","format":"standard","meta":{"fifu_image_url":"","fifu_image_alt":"","footnotes":""},"categories":[73,82],"tags":[],"class_list":["post-32427","post","type-post","status-publish","format-standard","hentry","category-actualite","category-cameroun"],"_links":{"self":[{"href":"https:\/\/linitiative.ca\/International\/wp-json\/wp\/v2\/posts\/32427","targetHints":{"allow":["GET"]}}],"collection":[{"href":"https:\/\/linitiative.ca\/International\/wp-json\/wp\/v2\/posts"}],"about":[{"href":"https:\/\/linitiative.ca\/International\/wp-json\/wp\/v2\/types\/post"}],"author":[{"embeddable":true,"href":"https:\/\/linitiative.ca\/International\/wp-json\/wp\/v2\/users\/1965"}],"replies":[{"embeddable":true,"href":"https:\/\/linitiative.ca\/International\/wp-json\/wp\/v2\/comments?post=32427"}],"version-history":[{"count":0,"href":"https:\/\/linitiative.ca\/International\/wp-json\/wp\/v2\/posts\/32427\/revisions"}],"wp:attachment":[{"href":"https:\/\/linitiative.ca\/International\/wp-json\/wp\/v2\/media?parent=32427"}],"wp:term":[{"taxonomy":"category","embeddable":true,"href":"https:\/\/linitiative.ca\/International\/wp-json\/wp\/v2\/categories?post=32427"},{"taxonomy":"post_tag","embeddable":true,"href":"https:\/\/linitiative.ca\/International\/wp-json\/wp\/v2\/tags?post=32427"}],"curies":[{"name":"wp","href":"https:\/\/api.w.org\/{rel}","templated":true}]}}