{"id":32452,"date":"2019-05-06T08:00:48","date_gmt":"2019-05-06T12:00:48","guid":{"rendered":"https:\/\/linitiative.ca\/International\/la-bcp-initie-un-programme-de-rachat-de-ses-propres-actions\/"},"modified":"2019-05-06T08:00:48","modified_gmt":"2019-05-06T12:00:48","slug":"la-bcp-initie-un-programme-de-rachat-de-ses-propres-actions","status":"publish","type":"post","link":"https:\/\/linitiative.ca\/International\/la-bcp-initie-un-programme-de-rachat-de-ses-propres-actions\/","title":{"rendered":"La BCP initie un programme  de rachat de ses propres actions"},"content":{"rendered":"<p><img decoding=\"async\" class=\"post_layout_5_img\" src=\"http:\/\/aujourdhui.ma\/wp-content\/uploads\/2017\/04\/Siege-BCP.jpg?x29840\" alt=\"La BCP initie un programme de rachat de ses propres actions\"\/><\/p>\n<p class=\"p1\"><span class=\"c4\"><strong><span class=\"s1\"><em>L\u2019AMMC a vis\u00e9 sa note d\u2019information<\/em><\/span><\/strong><\/span> <span id=\"more-310597\"\/><\/p>\n<p class=\"p1\"><span class=\"s1\">L\u2019Autorit\u00e9 marocaine du march\u00e9 des capitaux (AMMC) a vis\u00e9 en date du 3 mai 2019 une note d\u2019information relative \u00e0 un programme de rachat par la Banque centrale populaire (BCP) de ses propres actions. Cette op\u00e9ration propos\u00e9e par le conseil d\u2019administration de la banque intervient dans la perspective de r\u00e9gulariser le cours du titre.<\/span><\/p>\n<p class=\"p1\"><span class=\"s1\"><em>\u00abCes interventions se feront sur le march\u00e9 central de la Bourse de Casablanca \u00e0 contre-tendance, en cas de variation excessive du cours sur le march\u00e9 que ce soit \u00e0 la hausse comme \u00e0 la baisse. Cet objectif sera r\u00e9alis\u00e9 sans pour autant fausser le bon fonctionnement du march\u00e9\u00bb,<\/em> peut-on lire du dossier de pr\u00e9sentation dudit programme qui devrait se d\u00e9rouler du 8 juillet 2019 au 7 janvier 2021. En revenant aux caract\u00e9ristiques de cette op\u00e9ration, le programme devrait porter sur un nombre maximum d\u2019actions \u00e0 d\u00e9tenir de 9.112.733 actions, soit 5% du capital.<\/span><\/p>\n<p class=\"p1\"><span class=\"s1\">Le prix minimum d\u2019achat est fix\u00e9 \u00e0 351 dirhams au moment o\u00f9 le prix minimum de vente est de 189 dirhams. Il est \u00e0 noter que ce programme de rachat qui sera soumis \u00e0 l\u2019autorisation de l\u2019assembl\u00e9e g\u00e9n\u00e9rale ordinaire de la BCP le 21 mai consiste \u00e0 intervenir sur le march\u00e9 central par l\u2019\u00e9mission d\u2019ordres d\u2019achat et\/ou de vente. L\u2019objectif \u00e9tant de r\u00e9duire les variations excessives du cours de l\u2019action. Tel que d\u00e9fini par la BCP, le programme devrait intervenir principalement lorsque la volatilit\u00e9 du titre s\u2019\u00e9carte significativement de sa volatilit\u00e9 historique. <em>\u00abLe rachat d\u2019actions propres intervient \u00e9galement en cas de liquidit\u00e9 du titre s\u2019\u00e9cartant significativement des niveaux habituels, emp\u00eachant la formation normale du cours sur le march\u00e9\u00bb<\/em>, apprend-on de la BCP.<\/span><\/p>\n<p class=\"p1\"><span class=\"s1\">A travers ce programme, le Groupe bancaire indique ne pas vouloir constituer un stock de titres afin de proc\u00e9der ult\u00e9rieurement \u00e0 une op\u00e9ration financi\u00e8re ou \u00e0 une allocation aux salari\u00e9s. De m\u00eame, ce programme ne vise pas l\u2019annulation post\u00e9rieure des titres rachet\u00e9s. Le Groupe bancaire ne recherche ni un r\u00e9sultat financier ni entend le soutien du cours en s\u2019opposant \u00e0 une tendance forte du march\u00e9. Il est \u00e0 noter qu\u2019un contrat de liquidit\u00e9 sera adoss\u00e9 au pr\u00e9sent programme de rachat et ce conform\u00e9ment \u00e0 la circulaire de l\u2019AMMC.<\/span><\/p>\n<p class=\"p1\"><span class=\"s1\">Des modalit\u00e9s sont \u00e0 suivre dans ce sens. A cet effet, le contrat de liquidit\u00e9 devra porter sur 20% du programme de rachat, soit 1.822.547 actions. Il doit \u00eatre g\u00e9r\u00e9 dans un compte distinct. De m\u00eame, le compte titres affect\u00e9 au contrat de liquidit\u00e9 doit imp\u00e9rativement \u00eatre sold\u00e9 au plus tard \u00e0 la fin du programme de rachat.<\/span><\/p>\n<p>Auteur: Kawtar Tali<br \/>\n<a href=\"http:\/\/aujourdhui.ma\/economie\/la-bcp-initie-un-programme-de-rachat-de-ses-propres-actions\">Cliquez ici pour lire l&rsquo;article depuis sa source.<\/a><\/p>\n","protected":false},"excerpt":{"rendered":"<p>L\u2019AMMC a vis\u00e9 sa note d\u2019information L\u2019Autorit\u00e9 marocaine du march\u00e9 des capitaux (AMMC) a vis\u00e9 en date du 3 mai 2019 une note d\u2019information relative \u00e0 un programme de rachat par la Banque centrale populaire (BCP) de ses propres actions. Cette op\u00e9ration propos\u00e9e par le conseil d\u2019administration de la banque intervient dans la perspective de [&hellip;]<\/p>\n","protected":false},"author":1759,"featured_media":0,"comment_status":"closed","ping_status":"closed","sticky":false,"template":"","format":"standard","meta":{"fifu_image_url":"","fifu_image_alt":"","footnotes":""},"categories":[73,54],"tags":[],"class_list":["post-32452","post","type-post","status-publish","format-standard","hentry","category-actualite","category-maroc"],"_links":{"self":[{"href":"https:\/\/linitiative.ca\/International\/wp-json\/wp\/v2\/posts\/32452","targetHints":{"allow":["GET"]}}],"collection":[{"href":"https:\/\/linitiative.ca\/International\/wp-json\/wp\/v2\/posts"}],"about":[{"href":"https:\/\/linitiative.ca\/International\/wp-json\/wp\/v2\/types\/post"}],"author":[{"embeddable":true,"href":"https:\/\/linitiative.ca\/International\/wp-json\/wp\/v2\/users\/1759"}],"replies":[{"embeddable":true,"href":"https:\/\/linitiative.ca\/International\/wp-json\/wp\/v2\/comments?post=32452"}],"version-history":[{"count":0,"href":"https:\/\/linitiative.ca\/International\/wp-json\/wp\/v2\/posts\/32452\/revisions"}],"wp:attachment":[{"href":"https:\/\/linitiative.ca\/International\/wp-json\/wp\/v2\/media?parent=32452"}],"wp:term":[{"taxonomy":"category","embeddable":true,"href":"https:\/\/linitiative.ca\/International\/wp-json\/wp\/v2\/categories?post=32452"},{"taxonomy":"post_tag","embeddable":true,"href":"https:\/\/linitiative.ca\/International\/wp-json\/wp\/v2\/tags?post=32452"}],"curies":[{"name":"wp","href":"https:\/\/api.w.org\/{rel}","templated":true}]}}