{"id":32457,"date":"2019-05-06T10:00:26","date_gmt":"2019-05-06T14:00:26","guid":{"rendered":"https:\/\/linitiative.ca\/International\/amzazi-syndicats-une-reunion-sous-haute-tension\/"},"modified":"2019-05-06T10:00:26","modified_gmt":"2019-05-06T14:00:26","slug":"amzazi-syndicats-une-reunion-sous-haute-tension","status":"publish","type":"post","link":"https:\/\/linitiative.ca\/International\/amzazi-syndicats-une-reunion-sous-haute-tension\/","title":{"rendered":"Amzazi-syndicats : Une r\u00e9union sous haute tension"},"content":{"rendered":"<p><img decoding=\"async\" class=\"post_layout_5_img\" src=\"http:\/\/aujourdhui.ma\/wp-content\/uploads\/2019\/05\/Said-Amzazi.jpg?x29840\" alt=\"Amzazi-syndicats : Une r\u00e9union sous haute tension\"\/><\/p>\n<p class=\"p2\"><span class=\"s1\"><span class=\"c4\"><strong>Le ministre de l\u2019\u00e9ducation nationale, de la formation professionnelle, de l\u2019enseignement sup\u00e9rieur et de la recherche scientifique, Said Amzazi, reprend le dialogue avec les syndicats.<\/strong><\/span><\/span> <span id=\"more-310577\"\/><\/p>\n<p class=\"p2\"><span class=\"s1\">Il a ainsi propos\u00e9 la date du 10 mai pour la prochaine r\u00e9union avec les syndicats de l\u2019enseignement les plus repr\u00e9sentatifs et les repr\u00e9sentants des enseignants-cadres des Acad\u00e9mies r\u00e9gionales de l\u2019\u00e9ducation et de la formation (Aref). Il faut rappeler que le minist\u00e8re avait clairement fait savoir auparavant que le dialogue ne sera possible que si les cadres des acad\u00e9mies r\u00e9gionales regagnaient leurs lieux de travail.<\/span><\/p>\n<p class=\"p2\"><span class=\"s1\">Ainsi, apr\u00e8s plusieurs semaines de contestations, les enseignants gr\u00e9vistes avaient fini par regagner les classes le lundi 29 avril. L\u2019objectif de cette prochaine r\u00e9union est de <em>\u00abcr\u00e9er un climat de s\u00e9r\u00e9nit\u00e9 pour les familles et les \u00e9l\u00e8ves et entamer le rattrapage du temps scolaire, qui \u00e9tait l\u2019une de nos priorit\u00e9s\u00bb,<\/em> a d\u00e9clar\u00e9 le ministre. Ce dialogue \u00absera certainement fructueux et responsable et contribuera au d\u00e9veloppement de cette relation de confiance et de bonne foi entre le minist\u00e8re et les enseignants-cadres des Aref\u00bb.<\/span><\/p>\n<p class=\"p2\"><span class=\"s1\">Malgr\u00e9 cette annonce du ministre, les cinq syndicats les plus repr\u00e9sentatifs (UMT, UGTM, CDT, FDT, UNTM) ont d\u00e9cid\u00e9 de reprendre les mouvements de protestations. Les syndicats ont d\u00e9cid\u00e9 d\u2019organiser une gr\u00e8ve nationale de 48 h les 13 et 14 mai. A ceci s\u2019ajoutent \u00e9galement des marches nocturnes de protestation avec des bougies chaque samedi, apr\u00e8s les pri\u00e8res des Tarawih. Les syndicats ont aussi d\u00e9cid\u00e9 d\u2019organiser des sit-in \u00e0 l\u2019int\u00e9rieur des acad\u00e9mies r\u00e9gionales, avec port d\u2019un brassard noir. Les syndicats en question r\u00e9clament entre autres du gouvernement l\u2019op\u00e9rationnalisation d\u2019une promesse datant de 2009, concernant le versement d\u2019une indemnit\u00e9 entre 500 et 700 dirhams pour les fonctionnaires affect\u00e9s dans les r\u00e9gions lointaines et enclav\u00e9es.<\/span><\/p>\n<p class=\"p2\"><span class=\"s1\">Par ailleurs, ils se sont aussi prononc\u00e9s pour le retrait de la loi-cadre de l\u2019enseignement adopt\u00e9e par le Conseil des ministres du 20 ao\u00fbt 2018. Signalons que le climat de tension est toujours pr\u00e9sent. Les enseignants gr\u00e9vistes ont certes repris les cours, mais ils continuent toujours de porter des brassards noirs en guise de protestation contre le recrutement par les Acad\u00e9mies r\u00e9gionales de l\u2019\u00e9ducation et de la formation.<\/span><\/p>\n<p class=\"p2\"><span class=\"s1\">Ces derniers continuent de revendiquer l\u2019int\u00e9gration dans la fonction publique. De son c\u00f4t\u00e9, le ministre a r\u00e9affirm\u00e9 encore jeudi dernier avoir tenu ses promesses \u00e0 travers la suspension de toutes les mesures administratives \u00e0 l\u2019encontre des enseignants-cadres des Acad\u00e9mies r\u00e9gionales de l\u2019\u00e9ducation et de la formation. Ces mesures portent sur la suspension des proc\u00e9dures administratives contre certains enseignants des acad\u00e9mies, le versement des salaires gel\u00e9s, le r\u00e9examen de la situation des enseignants suspendus ainsi que le report du concours de qualification professionnelle pour permettre aux concern\u00e9s de mieux se pr\u00e9parer.<\/span><\/p>\n<p>Auteur: Laila Zerrour<br \/>\n<a href=\"http:\/\/aujourdhui.ma\/societe\/amzazi-syndicats-une-reunion-sous-haute-tension\">Cliquez ici pour lire l&rsquo;article depuis sa source.<\/a><\/p>\n","protected":false},"excerpt":{"rendered":"<p>Le ministre de l\u2019\u00e9ducation nationale, de la formation professionnelle, de l\u2019enseignement sup\u00e9rieur et de la recherche scientifique, Said Amzazi, reprend le dialogue avec les syndicats. Il a ainsi propos\u00e9 la date du 10 mai pour la prochaine r\u00e9union avec les syndicats de l\u2019enseignement les plus repr\u00e9sentatifs et les repr\u00e9sentants des enseignants-cadres des Acad\u00e9mies r\u00e9gionales de [&hellip;]<\/p>\n","protected":false},"author":1759,"featured_media":0,"comment_status":"closed","ping_status":"closed","sticky":false,"template":"","format":"standard","meta":{"fifu_image_url":"","fifu_image_alt":"","footnotes":""},"categories":[73,54],"tags":[],"class_list":["post-32457","post","type-post","status-publish","format-standard","hentry","category-actualite","category-maroc"],"_links":{"self":[{"href":"https:\/\/linitiative.ca\/International\/wp-json\/wp\/v2\/posts\/32457","targetHints":{"allow":["GET"]}}],"collection":[{"href":"https:\/\/linitiative.ca\/International\/wp-json\/wp\/v2\/posts"}],"about":[{"href":"https:\/\/linitiative.ca\/International\/wp-json\/wp\/v2\/types\/post"}],"author":[{"embeddable":true,"href":"https:\/\/linitiative.ca\/International\/wp-json\/wp\/v2\/users\/1759"}],"replies":[{"embeddable":true,"href":"https:\/\/linitiative.ca\/International\/wp-json\/wp\/v2\/comments?post=32457"}],"version-history":[{"count":0,"href":"https:\/\/linitiative.ca\/International\/wp-json\/wp\/v2\/posts\/32457\/revisions"}],"wp:attachment":[{"href":"https:\/\/linitiative.ca\/International\/wp-json\/wp\/v2\/media?parent=32457"}],"wp:term":[{"taxonomy":"category","embeddable":true,"href":"https:\/\/linitiative.ca\/International\/wp-json\/wp\/v2\/categories?post=32457"},{"taxonomy":"post_tag","embeddable":true,"href":"https:\/\/linitiative.ca\/International\/wp-json\/wp\/v2\/tags?post=32457"}],"curies":[{"name":"wp","href":"https:\/\/api.w.org\/{rel}","templated":true}]}}