{"id":32459,"date":"2019-05-06T11:24:00","date_gmt":"2019-05-06T15:24:00","guid":{"rendered":"https:\/\/linitiative.ca\/International\/les-nuits-du-ramadan-une-vingtaine-de-groupes-pour-egayer-votre-mois-spirituel\/"},"modified":"2019-05-06T11:24:00","modified_gmt":"2019-05-06T15:24:00","slug":"les-nuits-du-ramadan-une-vingtaine-de-groupes-pour-egayer-votre-mois-spirituel","status":"publish","type":"post","link":"https:\/\/linitiative.ca\/International\/les-nuits-du-ramadan-une-vingtaine-de-groupes-pour-egayer-votre-mois-spirituel\/","title":{"rendered":"Les Nuits du Ramadan : Une vingtaine de groupes pour \u00e9gayer votre mois spirituel"},"content":{"rendered":"<p><img decoding=\"async\" class=\"post_layout_5_img\" src=\"http:\/\/aujourdhui.ma\/wp-content\/uploads\/2019\/05\/Les-Nuits-du-Ramadan-Elida-Almeida-et-Aziz-Sahmaoui-et-Hassan-Boussou-et-Djam-Nuits-du-Ramadan.jpg?x29840\" alt=\"Les Nuits du Ramadan : Une vingtaine de groupes pour \u00e9gayer votre mois spirituel\"\/><\/p>\n<p class=\"p1\"><span class=\"s1 c4\"><strong>13\u00e8mes Nuits du Ramadan initi\u00e9es par l\u2019Institut fran\u00e7ais du Maroc<\/strong><\/span><span id=\"more-310621\"\/><\/p>\n<div class=\"base-box mom_box_sc_custom mom_box_sc clear c5\" readability=\"8\">\n<p class=\"p1\"><strong><span class=\"s1\"><em>Le nombre de concerts est mont\u00e9 cette ann\u00e9e en puissance par rapport \u00e0 l\u2019ann\u00e9e pr\u00e9c\u00e9dente marqu\u00e9e par\u00a0<\/em><\/span><span class=\"s1\"><em>16 soir\u00e9es seulement.<\/em><\/span><\/strong><\/p>\n<\/div>\n<p class=\"p1\"><span class=\"s1\">Les Nuits du Ramadan, d\u00e9j\u00e0 une tradition chez l\u2019Institut fran\u00e7ais (IF) du Maroc, apportent un mois sacr\u00e9 apr\u00e8s l\u2019autre leur lot de surprises. Un effet cr\u00e9\u00e9 cette ann\u00e9e par le choix des artistes lors de cette 13\u00e8me \u00e9dition pr\u00e9vue du 9 au 14 mai. <em>\u00abLes musiciens invit\u00e9s sont issus de divers univers\u00bb,<\/em> pr\u00e9cise, jeudi \u00e0 Casablanca, Cl\u00e9lia Chevrier Kola\u010dko, directrice g\u00e9n\u00e9rale de l\u2019IF du Maroc, lors d\u2019une conf\u00e9rence de presse consacr\u00e9e \u00e0 la pr\u00e9sentation de cet \u00e9v\u00e9nement.<\/span><\/p>\n<p class=\"p1\"><span class=\"s1\">Cette ann\u00e9e, ce sont, selon ses dires, 19 concerts qui seront anim\u00e9s, lors de cette manifestation, par 5 groupes diff\u00e9rents issus du Maroc, de pays africains et de Bretagne (France) entre autres. Il s\u2019agit, en d\u00e9tail, de la Camerounaise Lornoar, qui se produira le 9 mai en soir\u00e9e \u00e0 Tanger, le 10 mai \u00e0 K\u00e9nitra, le 11 mai \u00e0 Casablanca et le 12 mai \u00e0 Marrakech. De son c\u00f4t\u00e9, l\u2019Alg\u00e9rien Djam donnera un concert le 9 mai \u00e0 K\u00e9nitra, le 10 mai \u00e0 T\u00e9touan, le 11 mai \u00e0 El Jadida et le 12 mai \u00e0 Mekn\u00e8s. A son tour, la Cap-Verdienne Elida Almeida est pr\u00e9vue dans le programme des Nuits du Ramadan. Elle interpr\u00e9tera ses rythmes cubains le 9 mai \u00e0 T\u00e9touan, le 10 mai \u00e0 Casablanca, le 11 mai \u00e0 Rabat et le 14 mai \u00e0 Agadir. Quant \u00e0 Aziz Sahmaoui et Hassan Boussou, ils fusionneront leurs musiques en style Gnaoua le temps de concerts pr\u00e9vus le 9 mai \u00e0 Oujda, le 10 mai \u00e0 F\u00e8s, le 11 mai \u00e0 Mekn\u00e8s, le 12 mai \u00e0 Essaouira et le 14 mai \u00e0 Agadir.<\/span><\/p>\n<p class=\"p1\"><span class=\"s1\">Le programme de cette manifestation comprend aussi la prestation du groupe \u00ab La fanfare couche-tard\u00bb. <em>\u00abC\u2019est notre coup de c\u0153ur. C\u2019est un groupe qui joue beaucoup de cuivre\u00bb,<\/em> s\u2019exprime Anne-Marie Thuillier, directrice de l\u2019IF d\u2019El Jadida. L\u00e0 o\u00f9 l\u2019\u00e9v\u00e9nement a vu le jour pour la premi\u00e8re fois avant de s\u2019\u00e9tendre \u00e0 d\u2019autres villes. Mme Thuillier, qui pr\u00e9cise que le nombre de concerts est mont\u00e9 cette ann\u00e9e en puissance par rapport \u00e0 l\u2019ann\u00e9e pr\u00e9c\u00e9dente marqu\u00e9e par 16 soir\u00e9es seulement, indique \u00e9galement que cette manifestation a drain\u00e9 lors de l\u2019\u00e9dition pr\u00e9c\u00e9dente plus de 21.000 spectateurs.<\/span><\/p>\n<p class=\"p1\"><span class=\"s1\"><em>\u00abCette ann\u00e9e, ce sont 35 artistes qui se produiront sur sc\u00e8ne\u00bb,<\/em> ajoute-t-elle. A propos des groupes, elle pr\u00e9cise que des crit\u00e8res ont pr\u00e9destin\u00e9 leur s\u00e9lection. <em>\u00abCe sont des groupes que nous avons vus en concert lors de festivals et non en vid\u00e9os\u00bb,<\/em> tranche-t-elle en rappelant que des groupes locaux se produiront en avant-premi\u00e8re des concerts de K\u00e9nitra et Mekn\u00e8s. Tout comme Mme Thuillier, Abderrahmane Ares, directeur provincial de la culture \u00e0 El Jadida, qui contribue \u00e9galement \u00e0 l\u2019organisation de l\u2019\u00e9v\u00e9nement, s\u2019exprime sur le changement du lieu des concerts dans cette ville. <em>\u00abLes soir\u00e9es \u00e9taient organis\u00e9es en plein air. Cette ann\u00e9e, elles se tiendront au th\u00e9\u00e2tre Afifi. C\u2019est handicapant !\u00bb,<\/em> commente-t-il. <span class=\"Apple-converted-space\">\u00a0 \u00a0 \u00a0 \u00a0<\/span><\/span><\/p>\n<p>Auteur: Salima Guisser<br \/>\n<a href=\"http:\/\/aujourdhui.ma\/culture\/musique\/les-nuits-du-ramadan-une-vingtaine-de-groupes-pour-egayer-votre-mois-spirituel\">Cliquez ici pour lire l&rsquo;article depuis sa source.<\/a><\/p>\n","protected":false},"excerpt":{"rendered":"<p>13\u00e8mes Nuits du Ramadan initi\u00e9es par l\u2019Institut fran\u00e7ais du Maroc Le nombre de concerts est mont\u00e9 cette ann\u00e9e en puissance par rapport \u00e0 l\u2019ann\u00e9e pr\u00e9c\u00e9dente marqu\u00e9e par\u00a016 soir\u00e9es seulement. Les Nuits du Ramadan, d\u00e9j\u00e0 une tradition chez l\u2019Institut fran\u00e7ais (IF) du Maroc, apportent un mois sacr\u00e9 apr\u00e8s l\u2019autre leur lot de surprises. Un effet cr\u00e9\u00e9 [&hellip;]<\/p>\n","protected":false},"author":1759,"featured_media":0,"comment_status":"closed","ping_status":"closed","sticky":false,"template":"","format":"standard","meta":{"fifu_image_url":"","fifu_image_alt":"","footnotes":""},"categories":[73,54],"tags":[],"class_list":["post-32459","post","type-post","status-publish","format-standard","hentry","category-actualite","category-maroc"],"_links":{"self":[{"href":"https:\/\/linitiative.ca\/International\/wp-json\/wp\/v2\/posts\/32459","targetHints":{"allow":["GET"]}}],"collection":[{"href":"https:\/\/linitiative.ca\/International\/wp-json\/wp\/v2\/posts"}],"about":[{"href":"https:\/\/linitiative.ca\/International\/wp-json\/wp\/v2\/types\/post"}],"author":[{"embeddable":true,"href":"https:\/\/linitiative.ca\/International\/wp-json\/wp\/v2\/users\/1759"}],"replies":[{"embeddable":true,"href":"https:\/\/linitiative.ca\/International\/wp-json\/wp\/v2\/comments?post=32459"}],"version-history":[{"count":0,"href":"https:\/\/linitiative.ca\/International\/wp-json\/wp\/v2\/posts\/32459\/revisions"}],"wp:attachment":[{"href":"https:\/\/linitiative.ca\/International\/wp-json\/wp\/v2\/media?parent=32459"}],"wp:term":[{"taxonomy":"category","embeddable":true,"href":"https:\/\/linitiative.ca\/International\/wp-json\/wp\/v2\/categories?post=32459"},{"taxonomy":"post_tag","embeddable":true,"href":"https:\/\/linitiative.ca\/International\/wp-json\/wp\/v2\/tags?post=32459"}],"curies":[{"name":"wp","href":"https:\/\/api.w.org\/{rel}","templated":true}]}}