{"id":32466,"date":"2019-05-06T04:06:38","date_gmt":"2019-05-06T08:06:38","guid":{"rendered":"https:\/\/linitiative.ca\/International\/week-end-sombre-pour-le-football-tunisien-css-et-ess-echouent-a-un-pas-de-la-coupe-de-la-caf\/"},"modified":"2019-05-06T04:06:38","modified_gmt":"2019-05-06T08:06:38","slug":"week-end-sombre-pour-le-football-tunisien-css-et-ess-echouent-a-un-pas-de-la-coupe-de-la-caf","status":"publish","type":"post","link":"https:\/\/linitiative.ca\/International\/week-end-sombre-pour-le-football-tunisien-css-et-ess-echouent-a-un-pas-de-la-coupe-de-la-caf\/","title":{"rendered":"Week-end sombre pour le football tunisien : CSS et ESS \u00e9chouent \u00e0 un pas de la coupe de la CAF"},"content":{"rendered":"<p>Tous les Tunisiens auraient aim\u00e9 voir une finale tunisienne \u00e0 la coupe de la Conf\u00e9d\u00e9ration africaine de football, mais le destin en a voulu autrement, puisque les deux \u00e9quipes tunisiennes qui avaient jou\u00e9s les demi-finales ont \u00e9chou\u00e9 \u00e0 un pas de la cons\u00e9cration.<\/p>\n<p>Le Club sportif sfaxien (CSS) a \u00e9t\u00e9 \u00e9limin\u00e9 de la coupe de la Conf\u00e9d\u00e9ration africaine de football (\u00e9dition 2018-2019), apr\u00e8s sa d\u00e9faite devant la formation marocaine de Renaissance sportive de Berkane (3-0), en demi-finale retour de la comp\u00e9tition disput\u00e9e dimanche \u00e0 Berkane (Maroc).<\/p>\n<p>Les buts marocains ont \u00e9t\u00e9 inscrits par Laba Kodjo (8e S.P.), Omar Namsaoui (19e) et Issoufou Dayo (31e).<\/p>\n<p>Au match-aller disput\u00e9 le dimanche p\u00e9c\u00e9dent, au stade Taieb Mhiri \u00e0 Sfax, le CS Sfaxien s\u2019\u00e9tait impos\u00e9 (2-0).<\/p>\n<p>La rencontre retour a \u00e9t\u00e9 entach\u00e9e d\u2019actes antisportifs avec des exactions \u00e0 la pelle de la part des responsables de Berkane au Maroc, \u00e0 tel point que la f\u00e9d\u00e9ration tunisienne de football a indiqu\u00e9, dimanche , dans un communiqu\u00e9, qu\u2019elle a protest\u00e9 aupr\u00e8s de la Conf\u00e9d\u00e9ration Africaine de Football et de la F\u00e9d\u00e9ration Royale Marocaine de football contre le harc\u00e8lement et les provocations subis par la d\u00e9l\u00e9gation du CS Sfaxien au Maroc.<\/p>\n<p>\u00ab La FTF a \u00e9galement appel\u00e9 les deux instances \u00e0 intervenir afin de faciliter la mission de la d\u00e9l\u00e9gation du CS Sfaxien et ne pas l\u2019exposer \u00e0 des provocations qui sont \u00e9tranges aux clubs marocains \u00bb, ajoute la m\u00eame source.<\/p>\n<p>L\u2019instance f\u00e9d\u00e9rale a par ailleurs pr\u00e9cis\u00e9 qu\u2019elle a \u00ab inform\u00e9 le minist\u00e8re des Affaires \u00e9trang\u00e8res de ces d\u00e9passements qui nuisent \u00e0 la r\u00e9putation et aux relations entre les deux pays, afin de prendre les mesures n\u00e9cessaires \u00bb.<\/p>\n<p>La f\u00e9d\u00e9ration a rappel\u00e9 que \u00ab le membre f\u00e9d\u00e9ral Moez Mestiri s\u2019est rendu avec l\u2019\u00e9quipe sfaxienne au Maroc pour aplanir toutes les difficult\u00e9s rencontr\u00e9es et fournir l\u2019aide n\u00e9cessaire \u00bb.<\/p>\n<p>Pour sa part, l\u2019Etoile sportive du Sahel (ESS) a \u00e9t\u00e9 \u00e9limin\u00e9e de la coupe de la Conf\u00e9d\u00e9ration africaine de football en faisant match nul avec l\u2019\u00e9quipe \u00e9gyptienne de Zamalek (0-0), en demi-finale retour disput\u00e9e dimanche au stade olympique de Sousse.<\/p>\n<p>Zamalek est qualifi\u00e9 gr\u00e2ce \u00e0 son avantage de 1 but \u00e0 0 acquis au match aller, jou\u00e9 dimanche dernier \u00e0 Alexandrie.<\/p>\n<p class=\"dpsp-share-text\">Partager c&rsquo;est aimer!<\/p>\n<div class=\"wp-post-author-wrap wp-post-author-shortcode left\">\n<h3 class=\"awpa-title\"\/>\n<div class=\"wp-post-author\">\n<div class=\"awpa-img awpa-author-block square\"><a href=\"http:\/\/lexpertjournal.net\/fr\/author\/expert\/\"><img loading=\"lazy\" decoding=\"async\" alt=\"\" src=\"http:\/\/2.gravatar.com\/avatar\/56d99be2a6f97af88ccb49fada637fcd?s=150&#038;d=mm&#038;r=g\" srcset=\"http:\/\/2.gravatar.com\/avatar\/56d99be2a6f97af88ccb49fada637fcd?s=300&#038;d=mm&#038;r=g 2x\" class=\"avatar avatar-150 photo\" height=\"150\" width=\"150\"\/><\/a><\/div>\n<\/div>\n<\/div>\n<p>Auteur: L&rsquo;expert<br \/>\n<a href=\"http:\/\/lexpertjournal.net\/fr\/2019\/05\/06\/week-end-sombre-pour-le-football-tunisien-css-et-ess-echouent-a-un-pas-de-la-coupe-de-la-caf\/\">Cliquez ici pour lire l&rsquo;article depuis sa source.<\/a><\/p>\n","protected":false},"excerpt":{"rendered":"<p>Tous les Tunisiens auraient aim\u00e9 voir une finale tunisienne \u00e0 la coupe de la Conf\u00e9d\u00e9ration africaine de football, mais le destin en a voulu autrement, puisque les deux \u00e9quipes tunisiennes qui avaient jou\u00e9s les demi-finales ont \u00e9chou\u00e9 \u00e0 un pas de la cons\u00e9cration. Le Club sportif sfaxien (CSS) a \u00e9t\u00e9 \u00e9limin\u00e9 de la coupe de [&hellip;]<\/p>\n","protected":false},"author":1775,"featured_media":0,"comment_status":"closed","ping_status":"closed","sticky":false,"template":"","format":"standard","meta":{"fifu_image_url":"","fifu_image_alt":"","footnotes":""},"categories":[78,55],"tags":[],"class_list":["post-32466","post","type-post","status-publish","format-standard","hentry","category-economie","category-tunisie"],"_links":{"self":[{"href":"https:\/\/linitiative.ca\/International\/wp-json\/wp\/v2\/posts\/32466","targetHints":{"allow":["GET"]}}],"collection":[{"href":"https:\/\/linitiative.ca\/International\/wp-json\/wp\/v2\/posts"}],"about":[{"href":"https:\/\/linitiative.ca\/International\/wp-json\/wp\/v2\/types\/post"}],"author":[{"embeddable":true,"href":"https:\/\/linitiative.ca\/International\/wp-json\/wp\/v2\/users\/1775"}],"replies":[{"embeddable":true,"href":"https:\/\/linitiative.ca\/International\/wp-json\/wp\/v2\/comments?post=32466"}],"version-history":[{"count":0,"href":"https:\/\/linitiative.ca\/International\/wp-json\/wp\/v2\/posts\/32466\/revisions"}],"wp:attachment":[{"href":"https:\/\/linitiative.ca\/International\/wp-json\/wp\/v2\/media?parent=32466"}],"wp:term":[{"taxonomy":"category","embeddable":true,"href":"https:\/\/linitiative.ca\/International\/wp-json\/wp\/v2\/categories?post=32466"},{"taxonomy":"post_tag","embeddable":true,"href":"https:\/\/linitiative.ca\/International\/wp-json\/wp\/v2\/tags?post=32466"}],"curies":[{"name":"wp","href":"https:\/\/api.w.org\/{rel}","templated":true}]}}