{"id":32467,"date":"2019-05-06T04:11:55","date_gmt":"2019-05-06T08:11:55","guid":{"rendered":"https:\/\/linitiative.ca\/International\/aujourdhui-premier-jour-du-mois-saint-bon-ramadhan-a-tous\/"},"modified":"2019-05-06T04:11:55","modified_gmt":"2019-05-06T08:11:55","slug":"aujourdhui-premier-jour-du-mois-saint-bon-ramadhan-a-tous","status":"publish","type":"post","link":"https:\/\/linitiative.ca\/International\/aujourdhui-premier-jour-du-mois-saint-bon-ramadhan-a-tous\/","title":{"rendered":"Aujourd\u2019hui, premier jour du mois saint : Bon Ramadhan \u00e0 tous"},"content":{"rendered":"<p>Le lundi 6 mai est le premier jour du mois de Ramadan de l\u2019ann\u00e9e 1440 de l\u2019h\u00e9gire, a annonc\u00e9 le Mufti de la R\u00e9publique Cheikh Othman Battikh.<\/p>\n<p>Selon le Mufti de la R\u00e9publique, au cr\u00e9puscule de la journ\u00e9e de dimanche 5 mai 2019, il a \u00e9t\u00e9 possible d\u2019observer le croissant lunaire dans l\u2019ensemble du territoire tunisien. Par cons\u00e9quent, le lundi 6 mai 2019 est le premier jour du mois de Ramadhan.<\/p>\n<p>Ce n\u2019est pas possible ce qui arrive et, hier, pour la premi\u00e8re fois dans l\u2019Histoire, l\u2019observation du croissant lunaire a eu lieu le 30 chaabane. Par cons\u00e9quent, et comme il n\u2019y a pas de mois de 31 jours, dans le calendrier de l\u2019H\u00e9gire, cela n\u2019aurait pas pu \u00eatre autrement.<\/p>\n<p>Toutefois, meilleurs souhaits pour le peuple tunisien avec l\u2019espoir que la crise \u00e9conomique dans lequel il se d\u00e9bat s\u2019ach\u00e8ve rapidement et qu\u2019il verra son avenir s\u2019am\u00e9liorer.<\/p>\n<p>Bonne Ramadhan \u00e0 tous.<\/p>\n<p>Faouzi Snoussi<\/p>\n<p class=\"dpsp-share-text\">Partager c&rsquo;est aimer!<\/p>\n<div class=\"wp-post-author-wrap wp-post-author-shortcode left\">\n<h3 class=\"awpa-title\"\/>\n<div class=\"wp-post-author\">\n<div class=\"awpa-img awpa-author-block square\"><a href=\"http:\/\/lexpertjournal.net\/fr\/author\/expert\/\"><img loading=\"lazy\" decoding=\"async\" alt=\"\" src=\"http:\/\/2.gravatar.com\/avatar\/56d99be2a6f97af88ccb49fada637fcd?s=150&#038;d=mm&#038;r=g\" srcset=\"http:\/\/2.gravatar.com\/avatar\/56d99be2a6f97af88ccb49fada637fcd?s=300&#038;d=mm&#038;r=g 2x\" class=\"avatar avatar-150 photo\" height=\"150\" width=\"150\"\/><\/a><\/div>\n<\/div>\n<\/div>\n<p>Auteur: L&rsquo;expert<br \/>\n<a href=\"http:\/\/lexpertjournal.net\/fr\/2019\/05\/06\/aujourdhui-premier-jour-du-mois-saint-bon-ramadhan-a-tous\/\">Cliquez ici pour lire l&rsquo;article depuis sa source.<\/a><\/p>\n","protected":false},"excerpt":{"rendered":"<p>Le lundi 6 mai est le premier jour du mois de Ramadan de l\u2019ann\u00e9e 1440 de l\u2019h\u00e9gire, a annonc\u00e9 le Mufti de la R\u00e9publique Cheikh Othman Battikh. Selon le Mufti de la R\u00e9publique, au cr\u00e9puscule de la journ\u00e9e de dimanche 5 mai 2019, il a \u00e9t\u00e9 possible d\u2019observer le croissant lunaire dans l\u2019ensemble du territoire [&hellip;]<\/p>\n","protected":false},"author":1775,"featured_media":0,"comment_status":"closed","ping_status":"closed","sticky":false,"template":"","format":"standard","meta":{"fifu_image_url":"","fifu_image_alt":"","footnotes":""},"categories":[78,55],"tags":[],"class_list":["post-32467","post","type-post","status-publish","format-standard","hentry","category-economie","category-tunisie"],"_links":{"self":[{"href":"https:\/\/linitiative.ca\/International\/wp-json\/wp\/v2\/posts\/32467","targetHints":{"allow":["GET"]}}],"collection":[{"href":"https:\/\/linitiative.ca\/International\/wp-json\/wp\/v2\/posts"}],"about":[{"href":"https:\/\/linitiative.ca\/International\/wp-json\/wp\/v2\/types\/post"}],"author":[{"embeddable":true,"href":"https:\/\/linitiative.ca\/International\/wp-json\/wp\/v2\/users\/1775"}],"replies":[{"embeddable":true,"href":"https:\/\/linitiative.ca\/International\/wp-json\/wp\/v2\/comments?post=32467"}],"version-history":[{"count":0,"href":"https:\/\/linitiative.ca\/International\/wp-json\/wp\/v2\/posts\/32467\/revisions"}],"wp:attachment":[{"href":"https:\/\/linitiative.ca\/International\/wp-json\/wp\/v2\/media?parent=32467"}],"wp:term":[{"taxonomy":"category","embeddable":true,"href":"https:\/\/linitiative.ca\/International\/wp-json\/wp\/v2\/categories?post=32467"},{"taxonomy":"post_tag","embeddable":true,"href":"https:\/\/linitiative.ca\/International\/wp-json\/wp\/v2\/tags?post=32467"}],"curies":[{"name":"wp","href":"https:\/\/api.w.org\/{rel}","templated":true}]}}