{"id":32468,"date":"2019-05-06T06:24:56","date_gmt":"2019-05-06T10:24:56","guid":{"rendered":"https:\/\/linitiative.ca\/International\/football-trois-matchs-de-suspension-en-championnat-pour-kylian-mbappe\/"},"modified":"2019-05-06T06:24:56","modified_gmt":"2019-05-06T10:24:56","slug":"football-trois-matchs-de-suspension-en-championnat-pour-kylian-mbappe","status":"publish","type":"post","link":"https:\/\/linitiative.ca\/International\/football-trois-matchs-de-suspension-en-championnat-pour-kylian-mbappe\/","title":{"rendered":"Football : trois matchs de suspension en championnat pour Kylian Mbapp\u00e9"},"content":{"rendered":"<p>L\u2019attaquant du PSG est sanctionn\u00e9 pour un tacle dangereux lors de la finale de la Coupe de France contre Rennes. Une proc\u00e9dure disciplinaire est par ailleurs ouverte \u00e0 l\u2019encontre de Neymar.<\/p>\n<p>Trois matchs de suspension. La d\u00e9cision est tomb\u00e9e vendredi 3\u00a0mai. La commission de discipline de la F\u00e9d\u00e9ration fran\u00e7aise de football (FFF) a sanctionn\u00e9 Kylian Mbapp\u00e9 pour une faute qu\u2019il avait commise lors de la\u00a0<a href=\"https:\/\/www.lemonde.fr\/football\/live\/2019\/04\/27\/rennes-psg-suivez-en-direct-la-finale-de-la-coupe-de-france_5455782_1616938.html\">finale de la Coupe de France perdue par le Paris-Saint-Germain face \u00e0 Rennes<\/a>, samedi 27\u00a0avril.<\/p>\n<p>L\u2019attaquant vedette du PSG avait effectu\u00e9, \u00e0 la 118<sup>e<\/sup>\u00a0minute alors que le score \u00e9tait de deux partout, un tacle dangereux \u2013 une \u00ab\u00a0semelle\u00a0\u00bb \u00e0 hauteur du genou \u2013 sur le d\u00e9fenseur rennais Damien Da Silva. Cela lui avait valu un carton rouge, synonyme d\u2019expulsion imm\u00e9diate.<a href=\"https:\/\/twitter.com\/francetvsport\/status\/1122254983733366786\"\/><\/p>\n<p><em>\u00ab\u00a0R\u00e9unie le jeudi\u00a02\u00a0mai\u00a02019, la Commission f\u00e9d\u00e9rale de discipline, \u00e0 la suite de la finale de la Coupe de France entre le Stade Rennais et le Paris-Saint-Germain, le samedi 27\u00a0avril au Stade de France, a sanctionn\u00e9 Kylian Mbapp\u00e9 de trois matchs de suspension ferme\u00a0\u00bb,\u00a0<\/em><a href=\"https:\/\/www.fff.fr\/actualites\/185237-communique-de-la-commission-de-discipline?themePath=la-fff\/\">a fait savoir la FFF dans un communiqu\u00e9<\/a>.<\/p>\n<p>Pour ce type de\u00a0<em>\u00ab\u00a0faute grossi\u00e8re\u00a0\u00bb<\/em>, le bar\u00e8me disciplinaire de la FFF, organisme de tutelle de la Coupe, est clair\u00a0: une\u00a0<em>\u00ab\u00a0violation des lois du jeu commise par un joueur en raison de son imprudence et\/ou de son exc\u00e8s d\u2019engagement pouvant entra\u00eener la mise en danger de l\u2019int\u00e9grit\u00e9 physique de l\u2019adversaire\u00a0\u00bb\u00a0<\/em>se traduit par une sanction plancher de trois matchs de suspension selon l\u2019article\u00a03. La sanction peut m\u00eame \u00eatre port\u00e9e \u00e0 quatre matchs si la commission de discipline estime que la faute montre une forme de\u00a0<em>\u00ab\u00a0brutalit\u00e9\u00a0\u00bb<\/em>.<\/p>\n<p>Le PSG devra donc se passer de Kylian Mbapp\u00e9 lors des deux prochaines rencontres que le club disputera\u00a0: le meilleur buteur de L1 (avec 30 buts) a en effet d\u00e9j\u00e0 \u00e9t\u00e9 automatiquement suspendu lors du match contre Montpellier le 30\u00a0avril. La sanction s\u2019appliquera d\u00e8s ce week-end pour le match contre Nice, samedi, puis pour le match contre Angers le 11\u00a0mai. Mbapp\u00e9 devrait \u00eatre disponible pour les deux derni\u00e8res journ\u00e9es de championnat, face \u00e0 Dijon et Reims, les week-ends des 18 et 25\u00a0mai.<\/p>\n<h2>\u00ab\u00a0Ce n\u2019est pas lui\u00a0\u00bb<\/h2>\n<p><em>\u00ab\u00a0Le carton rouge \u00e0 la fin, ce n\u2019est pas lui\u00a0\u00bb,\u00a0<\/em>avait plaid\u00e9 l\u2019entra\u00eeneur des Parisiens, Thomas Tuchel, invoquant des circonstances att\u00e9nuantes apr\u00e8s le match\u00a0contre Rennes pour essayer d\u2019expliquer le geste de l\u2019attaquant\u00a0:\u00a0<em>\u00ab\u00a0Il a eu quelques probl\u00e8mes musculaires\u00a0<\/em>[\u00e0 la veille du match]<em>, il a arr\u00eat\u00e9 l\u2019entra\u00eenement plus t\u00f4t et pass\u00e9 des tests \u00e0 l\u2019h\u00f4pital. Peut-\u00eatre que c\u2019\u00e9tait dans sa t\u00eate.\u00a0\u00bb<\/em><\/p>\n<p>Kylian Mbapp\u00e9 est toutefois un r\u00e9cidiviste. C\u2019est la deuxi\u00e8me fois cette saison qu\u2019il est suspendu\u00a0: le champion du monde de 20\u00a0ans avait d\u00e9j\u00e0 \u00e9t\u00e9 sanctionn\u00e9 en septembre\u00a02018\u00a0<a href=\"https:\/\/www.lemonde.fr\/ligue-1\/article\/2018\/09\/05\/football-kylian-mbappe-suspendu-trois-matchs-pour-un-carton-rouge_5350826_1616940.html\">pour une dur\u00e9e de trois matchs pour s\u2019\u00eatre fait justice lui-m\u00eame face \u00e0 un joueur de N\u00eemes<\/a>\u00a0en championnat.<\/p>\n<p>Au total, Mbapp\u00e9 pr\u00e9sente trois cartons rouges dans son casier disciplinaire. Le premier datait d\u2019une rencontre de Coupe de la Ligue, en janvier\u00a02018, d\u00e9j\u00e0 face \u00e0 Rennes.<\/p>\n<h2>Proc\u00e9dure ouverte pour Neymar<\/h2>\n<p>L\u2019instance disciplinaire de la FFF a par ailleurs annonc\u00e9 avoir \u00ab\u00a0<em>ouvert une proc\u00e9dure \u00e0 l\u2019encontre de Neymar\u00a0\u00bb<\/em>, l\u2019autre attaquant vedette du PSG. Celui-ci doit r\u00e9pondre d\u2019un coup port\u00e9 \u00e0 un supporteur rennais \u00e0 l\u2019issue de la finale de la Coupe de France.<\/p>\n<p>Alors qu\u2019il gravissait les trav\u00e9es du Stade de France pour aller chercher la m\u00e9daille du finaliste, le joueur br\u00e9silien avait \u00e9t\u00e9 \u00ab\u00a0chambr\u00e9\u00a0\u00bb par un spectateur \u2013\u00a0<em>\u00ab\u00a0Oh, va apprendre \u00e0 jouer au foot, toi\u00a0!\u00a0\u00bb<\/em>\u00a0\u2013 \u00e0 qui il avait r\u00e9pondu par un coup au visage.<\/p>\n<p><em>\u00ab\u00a0Est-ce que j\u2019ai mal agi\u00a0? Oui. Mais personne ne peut rester indiff\u00e9rent\u00a0\u00bb<\/em>, avait reconnu par la suite le joueur sur Instagram.<\/p>\n<p>La FFF n\u2019a pas donn\u00e9 d\u2019indication quant au calendrier de la proc\u00e9dure visant Neymar. Ce dernier, s\u2019il est seulement reconnu coupable de\u00a0<em>\u00ab\u00a0comportement excessif\/d\u00e9plac\u00e9 (\u2026) hors rencontre\u00a0\u00bb<\/em>, pourrait \u00eatre sanctionn\u00e9 de deux matchs de suspension dans les comp\u00e9titions fran\u00e7aises.<\/p>\n<p>Mais si l\u2019instance disciplinaire y voit un\u00a0<em>\u00ab\u00a0comportement intimidant\/mena\u00e7ant\u00a0\u00bb<\/em>, hors rencontre, alors il encourt six matchs de suspension. Et m\u00eame dix matchs dans le cas o\u00f9 serait retenu un\u00a0<em>\u00ab\u00a0acte de brutalit\u00e9\/coup\u00a0\u00bb<\/em>, hors rencontre.<\/p>\n<p>Dans un autre dossier, pour avoir insult\u00e9 sur les r\u00e9seaux sociaux le corps arbitral en Ligue des champions, l\u2019UEFA a inflig\u00e9 \u00e0 Neymar trois matchs de suspension pour la prochaine C1.<\/p>\n<p><em>le monde<\/em><\/p>\n<p class=\"dpsp-share-text\">Partager c&rsquo;est aimer!<\/p>\n<div class=\"wp-post-author-wrap wp-post-author-shortcode left\">\n<h3 class=\"awpa-title\"\/>\n<div class=\"wp-post-author\">\n<div class=\"awpa-img awpa-author-block square\"><a href=\"http:\/\/lexpertjournal.net\/fr\/author\/expert\/\"><img loading=\"lazy\" decoding=\"async\" alt=\"\" src=\"http:\/\/2.gravatar.com\/avatar\/56d99be2a6f97af88ccb49fada637fcd?s=150&#038;d=mm&#038;r=g\" srcset=\"http:\/\/2.gravatar.com\/avatar\/56d99be2a6f97af88ccb49fada637fcd?s=300&#038;d=mm&#038;r=g 2x\" class=\"avatar avatar-150 photo\" height=\"150\" width=\"150\"\/><\/a><\/div>\n<\/div>\n<\/div>\n<p>Auteur: L&rsquo;expert<br \/>\n<a href=\"http:\/\/lexpertjournal.net\/fr\/2019\/05\/06\/football-trois-matchs-de-suspension-en-championnat-pour-kylian-mbappe\/\">Cliquez ici pour lire l&rsquo;article depuis sa source.<\/a><\/p>\n","protected":false},"excerpt":{"rendered":"<p>L\u2019attaquant du PSG est sanctionn\u00e9 pour un tacle dangereux lors de la finale de la Coupe de France contre Rennes. Une proc\u00e9dure disciplinaire est par ailleurs ouverte \u00e0 l\u2019encontre de Neymar. Trois matchs de suspension. La d\u00e9cision est tomb\u00e9e vendredi 3\u00a0mai. La commission de discipline de la F\u00e9d\u00e9ration fran\u00e7aise de football (FFF) a sanctionn\u00e9 Kylian [&hellip;]<\/p>\n","protected":false},"author":1775,"featured_media":0,"comment_status":"closed","ping_status":"closed","sticky":false,"template":"","format":"standard","meta":{"fifu_image_url":"","fifu_image_alt":"","footnotes":""},"categories":[78,55],"tags":[],"class_list":["post-32468","post","type-post","status-publish","format-standard","hentry","category-economie","category-tunisie"],"_links":{"self":[{"href":"https:\/\/linitiative.ca\/International\/wp-json\/wp\/v2\/posts\/32468","targetHints":{"allow":["GET"]}}],"collection":[{"href":"https:\/\/linitiative.ca\/International\/wp-json\/wp\/v2\/posts"}],"about":[{"href":"https:\/\/linitiative.ca\/International\/wp-json\/wp\/v2\/types\/post"}],"author":[{"embeddable":true,"href":"https:\/\/linitiative.ca\/International\/wp-json\/wp\/v2\/users\/1775"}],"replies":[{"embeddable":true,"href":"https:\/\/linitiative.ca\/International\/wp-json\/wp\/v2\/comments?post=32468"}],"version-history":[{"count":0,"href":"https:\/\/linitiative.ca\/International\/wp-json\/wp\/v2\/posts\/32468\/revisions"}],"wp:attachment":[{"href":"https:\/\/linitiative.ca\/International\/wp-json\/wp\/v2\/media?parent=32468"}],"wp:term":[{"taxonomy":"category","embeddable":true,"href":"https:\/\/linitiative.ca\/International\/wp-json\/wp\/v2\/categories?post=32468"},{"taxonomy":"post_tag","embeddable":true,"href":"https:\/\/linitiative.ca\/International\/wp-json\/wp\/v2\/tags?post=32468"}],"curies":[{"name":"wp","href":"https:\/\/api.w.org\/{rel}","templated":true}]}}