{"id":32489,"date":"2019-05-06T10:30:00","date_gmt":"2019-05-06T14:30:00","guid":{"rendered":"https:\/\/linitiative.ca\/International\/lexigence-du-depart-du-systeme-ne-saurait-etre-criminalisee\/"},"modified":"2019-05-06T10:30:00","modified_gmt":"2019-05-06T14:30:00","slug":"lexigence-du-depart-du-systeme-ne-saurait-etre-criminalisee","status":"publish","type":"post","link":"https:\/\/linitiative.ca\/International\/lexigence-du-depart-du-systeme-ne-saurait-etre-criminalisee\/","title":{"rendered":"\u00abL\u2019exigence du d\u00e9part du syst\u00e8me ne saurait \u00eatre criminalis\u00e9e\u00bb"},"content":{"rendered":"<div id=\"originalText\" readability=\"91\">\n<p>Le parti des travailleurs (PT) a consid\u00e9r\u00e9, aujourd\u2019hui lundi, que les derni\u00e8res arrestations ont plut\u00f4t \u00abune connotation politique\u00bb, \u00a0notamment \u00aben rapport avec le d\u00e9part du syst\u00e8me\u00bb, faisant ainsi allusion \u00e0 la mise sous mandat d\u00e9p\u00f4t, hier dimanche, des deux ex-responsables du renseignement alg\u00e9rien, Mohamed Medi\u00e8ne, et Athmane Tartag, ainsi que Sa\u00efd Bouteflika, fr\u00e8re cadet du pr\u00e9sident d\u00e9chu.\u00a0 \u00a0\u00a0<\/p>\n<p>\u00abEn effet, la majorit\u00e9 du peuple exige le d\u00e9part de tout le syst\u00e8me d\u2019abord pour, ensuite, dans le cadre d\u2019une justice ind\u00e9pendante, juger tous les responsables et hommes d\u2019affaires concern\u00e9s, pour pr\u00e9cis\u00e9ment \u00e9viter les r\u00e8glements de compte, la s\u00e9lectivit\u00e9 des d\u00e9cisions, en p\u00e9riode r\u00e9volutionnaire et alors que le d\u00e9mant\u00e8lement du syst\u00e8me n\u2019est pas parachev\u00e9\u00bb, lit-on dans un communiqu\u00e9 qui a sanctionn\u00e9 la r\u00e9union du Secr\u00e9tariat du bureau politique du parti, en session hebdomadaire, et rendu public cet apr\u00e8s-midi.<\/p>\n<p>Le PT n\u2019a pas \u00e9galement manqu\u00e9 de relever que ces arrestations ont \u00e9t\u00e9 \u00abimm\u00e9diatement suivie par le premier discours du chef de l\u2019Etat par int\u00e9rim, \u00e0 la nation\u00bb.<\/p>\n<p>\u00abEn v\u00e9rit\u00e9, le discours du chef de l\u2019Etat par int\u00e9rim, sonne comme une fin de non-recevoir aux aspirations de l\u2019\u00e9crasante majorit\u00e9 qui veut se lib\u00e9rer du carcan du syst\u00e8me d\u00e9compos\u00e9 et du r\u00e9gime pr\u00e9sidentialiste autoritaire et anti-d\u00e9mocratique et de sa constitution dans laquelle les partisans du maintien du statuquo veulent l\u2019enfermer telle une camisole de force\u00bb, lit-on toujours dans le m\u00eame communiqu\u00e9.<\/p>\n<p>Ainsi donc, le parti des travailleurs estime que \u00abMr Bensalah, sur un ton martial et contre l\u2019avis de l\u2019\u00e9crasante majorit\u00e9, annonce le maintien de l\u2019\u00e9lection pr\u00e9sidentielle du 04 juillet prochain, confisquant le droit du peuple de trancher sur la nature du r\u00e9gime et donc des institutions \u00e0 mettre en place\u00bb.<\/p>\n<p>Et de conclure\u00a0: \u00abSi, comme tout le monde le clame, les institutions ill\u00e9gitimes comprises, qui s\u2019appuient pour cela sur la constitution du m\u00eame syst\u00e8me rejet\u00e9 par l\u2019\u00e9crasante majorit\u00e9, la volont\u00e9 populaire doit \u00eatre respect\u00e9e, alors l\u2019exigence du d\u00e9part du syst\u00e8me est l\u00e9gitime car c\u2019est l\u2019essence m\u00eame de la d\u00e9mocratie et ne saurait donc \u00eatre criminalis\u00e9e\u00bb.<\/p>\n<p class=\"c10\"><strong>R\u00e9daction Web<\/strong><\/p>\n<\/div>\n<div id=\"text_core\" readability=\"91\">\n<p>Le parti des travailleurs (PT) a consid\u00e9r\u00e9, aujourd\u2019hui lundi, que les derni\u00e8res arrestations ont plut\u00f4t \u00abune connotation politique\u00bb, \u00a0notamment \u00aben rapport avec le d\u00e9part du syst\u00e8me\u00bb, faisant ainsi allusion \u00e0 la mise sous mandat d\u00e9p\u00f4t, hier dimanche, des deux ex-responsables du renseignement alg\u00e9rien, Mohamed Medi\u00e8ne, et Athmane Tartag, ainsi que Sa\u00efd Bouteflika, fr\u00e8re cadet du pr\u00e9sident d\u00e9chu.\u00a0 \u00a0\u00a0<\/p>\n<p>\u00abEn effet, la majorit\u00e9 du peuple exige le d\u00e9part de tout le syst\u00e8me d\u2019abord pour, ensuite, dans le cadre d\u2019une justice ind\u00e9pendante, juger tous les responsables et hommes d\u2019affaires concern\u00e9s, pour pr\u00e9cis\u00e9ment \u00e9viter les r\u00e8glements de compte, la s\u00e9lectivit\u00e9 des d\u00e9cisions, en p\u00e9riode r\u00e9volutionnaire et alors que le d\u00e9mant\u00e8lement du syst\u00e8me n\u2019est pas parachev\u00e9\u00bb, lit-on dans un communiqu\u00e9 qui a sanctionn\u00e9 la r\u00e9union du Secr\u00e9tariat du bureau politique du parti, en session hebdomadaire, et rendu public cet apr\u00e8s-midi.<\/p>\n<p>Le PT n\u2019a pas \u00e9galement manqu\u00e9 de relever que ces arrestations ont \u00e9t\u00e9 \u00abimm\u00e9diatement suivie par le premier discours du chef de l\u2019Etat par int\u00e9rim, \u00e0 la nation\u00bb.<\/p>\n<p>\u00abEn v\u00e9rit\u00e9, le discours du chef de l\u2019Etat par int\u00e9rim, sonne comme une fin de non-recevoir aux aspirations de l\u2019\u00e9crasante majorit\u00e9 qui veut se lib\u00e9rer du carcan du syst\u00e8me d\u00e9compos\u00e9 et du r\u00e9gime pr\u00e9sidentialiste autoritaire et anti-d\u00e9mocratique et de sa constitution dans laquelle les partisans du maintien du statuquo veulent l\u2019enfermer telle une camisole de force\u00bb, lit-on toujours dans le m\u00eame communiqu\u00e9.<\/p>\n<p>Ainsi donc, le parti des travailleurs estime que \u00abMr Bensalah, sur un ton martial et contre l\u2019avis de l\u2019\u00e9crasante majorit\u00e9, annonce le maintien de l\u2019\u00e9lection pr\u00e9sidentielle du 04 juillet prochain, confisquant le droit du peuple de trancher sur la nature du r\u00e9gime et donc des institutions \u00e0 mettre en place\u00bb.<\/p>\n<p>Et de conclure\u00a0: \u00abSi, comme tout le monde le clame, les institutions ill\u00e9gitimes comprises, qui s\u2019appuient pour cela sur la constitution du m\u00eame syst\u00e8me rejet\u00e9 par l\u2019\u00e9crasante majorit\u00e9, la volont\u00e9 populaire doit \u00eatre respect\u00e9e, alors l\u2019exigence du d\u00e9part du syst\u00e8me est l\u00e9gitime car c\u2019est l\u2019essence m\u00eame de la d\u00e9mocratie et ne saurait donc \u00eatre criminalis\u00e9e\u00bb.<\/p>\n<p class=\"c10\"><strong>R\u00e9daction Web<\/strong><\/p>\n<\/div>\n<p>Auteur:<br \/>\n<a href=\"https:\/\/www.liberte-algerie.com\/actualite\/lexigence-du-depart-du-systeme-ne-saurait-etre-criminalisee-315293\">Cliquez ici pour lire l&rsquo;article depuis sa source.<\/a><\/p>\n","protected":false},"excerpt":{"rendered":"<p>Le parti des travailleurs (PT) a consid\u00e9r\u00e9, aujourd\u2019hui lundi, que les derni\u00e8res arrestations ont plut\u00f4t \u00abune connotation politique\u00bb, \u00a0notamment \u00aben rapport avec le d\u00e9part du syst\u00e8me\u00bb, faisant ainsi allusion \u00e0 la mise sous mandat d\u00e9p\u00f4t, hier dimanche, des deux ex-responsables du renseignement alg\u00e9rien, Mohamed Medi\u00e8ne, et Athmane Tartag, ainsi que Sa\u00efd Bouteflika, fr\u00e8re cadet du [&hellip;]<\/p>\n","protected":false},"author":1742,"featured_media":0,"comment_status":"closed","ping_status":"closed","sticky":false,"template":"","format":"standard","meta":{"fifu_image_url":"","fifu_image_alt":"","footnotes":""},"categories":[73,53],"tags":[],"class_list":["post-32489","post","type-post","status-publish","format-standard","hentry","category-actualite","category-algerie"],"_links":{"self":[{"href":"https:\/\/linitiative.ca\/International\/wp-json\/wp\/v2\/posts\/32489","targetHints":{"allow":["GET"]}}],"collection":[{"href":"https:\/\/linitiative.ca\/International\/wp-json\/wp\/v2\/posts"}],"about":[{"href":"https:\/\/linitiative.ca\/International\/wp-json\/wp\/v2\/types\/post"}],"author":[{"embeddable":true,"href":"https:\/\/linitiative.ca\/International\/wp-json\/wp\/v2\/users\/1742"}],"replies":[{"embeddable":true,"href":"https:\/\/linitiative.ca\/International\/wp-json\/wp\/v2\/comments?post=32489"}],"version-history":[{"count":0,"href":"https:\/\/linitiative.ca\/International\/wp-json\/wp\/v2\/posts\/32489\/revisions"}],"wp:attachment":[{"href":"https:\/\/linitiative.ca\/International\/wp-json\/wp\/v2\/media?parent=32489"}],"wp:term":[{"taxonomy":"category","embeddable":true,"href":"https:\/\/linitiative.ca\/International\/wp-json\/wp\/v2\/categories?post=32489"},{"taxonomy":"post_tag","embeddable":true,"href":"https:\/\/linitiative.ca\/International\/wp-json\/wp\/v2\/tags?post=32489"}],"curies":[{"name":"wp","href":"https:\/\/api.w.org\/{rel}","templated":true}]}}