{"id":32492,"date":"2019-05-06T11:22:00","date_gmt":"2019-05-06T15:22:00","guid":{"rendered":"https:\/\/linitiative.ca\/International\/les-dates-avancees-au-19-mai\/"},"modified":"2019-05-06T11:22:00","modified_gmt":"2019-05-06T15:22:00","slug":"les-dates-avancees-au-19-mai","status":"publish","type":"post","link":"https:\/\/linitiative.ca\/International\/les-dates-avancees-au-19-mai\/","title":{"rendered":"Les dates avanc\u00e9es au 19 mai"},"content":{"rendered":"<div id=\"originalText\" readability=\"61\">\n<p>Le minist\u00e8re de l&rsquo;\u00c9ducation nationale a annonc\u00e9, dimanche, un r\u00e9am\u00e9nagement du calendrier des examens du troisi\u00e8me trimestre pour l&rsquo;ann\u00e9e scolaire \u00a02018-2019, en pr\u00e9cisant que les compositions auront lieu \u00a0le 19 mai alors que les examens de rattrapage sont fix\u00e9s pour les 23 et 24 juin, pour les trois cycles confondus (primaire, moyen et secondaire).<\/p>\n<p>En effet, selon le nouveau calendrier publi\u00e9 sur la page Facebook du minist\u00e8re de l\u2019\u00e9ducation nationale, toutes les compositions d\u00e9buteront le 19 mai pour les \u00e9l\u00e8ves des diff\u00e9rentes ann\u00e9es des cycles primaire, moyen et secondaire, contrairement aux \u00e9l\u00e8ves des classes de fin de cycles (5AP et 4AM)dont les examens se d\u00e9rouleront \u00e0 partir des 14, 15 et 16 mai, et ceux des classes des terminales (3AS) qui passeront les compositions du troisi\u00e8me trimestre du 12 au 16 mai.<\/p>\n<p>Contact\u00e9, le pr\u00e9sident du syndicat national autonome des professeurs d\u2019enseignement primaire (Snapep), Mohamed Lamine Hamidet, a expliqu\u00e9 \u00e0 libert\u00e9 que \u00abcet am\u00e9nagement du calendrier des examens, d\u00e9cid\u00e9 par le minist\u00e8re de l\u2019\u00c9ducation Nationale, vise \u00e0 unifier les dates des compositions du troisi\u00e8me trimestre pour les trois paliers\u00bb.<\/p>\n<p><img decoding=\"async\" alt=\"\" src=\"\/data\/upload\/58870287_1191071737720734_8793482768718757888_n%281%29.jpg\"\/><\/p>\n<p class=\"c10\"><strong>A.R.<\/strong><\/p>\n<\/div>\n<div id=\"text_core\" readability=\"61\">\n<p>Le minist\u00e8re de l&rsquo;\u00c9ducation nationale a annonc\u00e9, dimanche, un r\u00e9am\u00e9nagement du calendrier des examens du troisi\u00e8me trimestre pour l&rsquo;ann\u00e9e scolaire \u00a02018-2019, en pr\u00e9cisant que les compositions auront lieu \u00a0le 19 mai alors que les examens de rattrapage sont fix\u00e9s pour les 23 et 24 juin, pour les trois cycles confondus (primaire, moyen et secondaire).<\/p>\n<p>En effet, selon le nouveau calendrier publi\u00e9 sur la page Facebook du minist\u00e8re de l\u2019\u00e9ducation nationale, toutes les compositions d\u00e9buteront le 19 mai pour les \u00e9l\u00e8ves des diff\u00e9rentes ann\u00e9es des cycles primaire, moyen et secondaire, contrairement aux \u00e9l\u00e8ves des classes de fin de cycles (5AP et 4AM)dont les examens se d\u00e9rouleront \u00e0 partir des 14, 15 et 16 mai, et ceux des classes des terminales (3AS) qui passeront les compositions du troisi\u00e8me trimestre du 12 au 16 mai.<\/p>\n<p>Contact\u00e9, le pr\u00e9sident du syndicat national autonome des professeurs d\u2019enseignement primaire (Snapep), Mohamed Lamine Hamidet, a expliqu\u00e9 \u00e0 libert\u00e9 que \u00abcet am\u00e9nagement du calendrier des examens, d\u00e9cid\u00e9 par le minist\u00e8re de l\u2019\u00c9ducation Nationale, vise \u00e0 unifier les dates des compositions du troisi\u00e8me trimestre pour les trois paliers\u00bb.<\/p>\n<p><img decoding=\"async\" alt=\"\" src=\"\/data\/upload\/58870287_1191071737720734_8793482768718757888_n%281%29.jpg\"\/><\/p>\n<p class=\"c10\"><strong>A.R.<\/strong><\/p>\n<\/div>\n<p>Auteur:<br \/>\n<a href=\"https:\/\/www.liberte-algerie.com\/actualite\/les-dates-avancees-au-19-mai-315294\">Cliquez ici pour lire l&rsquo;article depuis sa source.<\/a><\/p>\n","protected":false},"excerpt":{"rendered":"<p>Le minist\u00e8re de l&rsquo;\u00c9ducation nationale a annonc\u00e9, dimanche, un r\u00e9am\u00e9nagement du calendrier des examens du troisi\u00e8me trimestre pour l&rsquo;ann\u00e9e scolaire \u00a02018-2019, en pr\u00e9cisant que les compositions auront lieu \u00a0le 19 mai alors que les examens de rattrapage sont fix\u00e9s pour les 23 et 24 juin, pour les trois cycles confondus (primaire, moyen et secondaire). En [&hellip;]<\/p>\n","protected":false},"author":1742,"featured_media":32493,"comment_status":"closed","ping_status":"closed","sticky":false,"template":"","format":"standard","meta":{"fifu_image_url":"","fifu_image_alt":"","footnotes":""},"categories":[73,53],"tags":[],"class_list":["post-32492","post","type-post","status-publish","format-standard","has-post-thumbnail","hentry","category-actualite","category-algerie"],"_links":{"self":[{"href":"https:\/\/linitiative.ca\/International\/wp-json\/wp\/v2\/posts\/32492","targetHints":{"allow":["GET"]}}],"collection":[{"href":"https:\/\/linitiative.ca\/International\/wp-json\/wp\/v2\/posts"}],"about":[{"href":"https:\/\/linitiative.ca\/International\/wp-json\/wp\/v2\/types\/post"}],"author":[{"embeddable":true,"href":"https:\/\/linitiative.ca\/International\/wp-json\/wp\/v2\/users\/1742"}],"replies":[{"embeddable":true,"href":"https:\/\/linitiative.ca\/International\/wp-json\/wp\/v2\/comments?post=32492"}],"version-history":[{"count":0,"href":"https:\/\/linitiative.ca\/International\/wp-json\/wp\/v2\/posts\/32492\/revisions"}],"wp:featuredmedia":[{"embeddable":true,"href":"https:\/\/linitiative.ca\/International\/wp-json\/"}],"wp:attachment":[{"href":"https:\/\/linitiative.ca\/International\/wp-json\/wp\/v2\/media?parent=32492"}],"wp:term":[{"taxonomy":"category","embeddable":true,"href":"https:\/\/linitiative.ca\/International\/wp-json\/wp\/v2\/categories?post=32492"},{"taxonomy":"post_tag","embeddable":true,"href":"https:\/\/linitiative.ca\/International\/wp-json\/wp\/v2\/tags?post=32492"}],"curies":[{"name":"wp","href":"https:\/\/api.w.org\/{rel}","templated":true}]}}