{"id":32496,"date":"2019-05-06T04:16:17","date_gmt":"2019-05-06T08:16:17","guid":{"rendered":"https:\/\/linitiative.ca\/International\/alger-reception-en-juillet-des-premiers-quotas-de-logements-lpl\/"},"modified":"2019-05-06T04:16:17","modified_gmt":"2019-05-06T08:16:17","slug":"alger-reception-en-juillet-des-premiers-quotas-de-logements-lpl","status":"publish","type":"post","link":"https:\/\/linitiative.ca\/International\/alger-reception-en-juillet-des-premiers-quotas-de-logements-lpl\/","title":{"rendered":"Alger: r\u00e9ception en juillet des premiers quotas de logements LPL"},"content":{"rendered":"<div>\n<div class=\"K2FeedImage\"><img decoding=\"async\" src=\"http:\/\/www.aps.dz\/media\/k2\/items\/cache\/97a4ad4d7b83c1591da4fef663f858da_S.jpg\" alt=\"Alger: r\u00e9ception en juillet des premiers quotas de logements LPL\"><\/div>\n<div class=\"K2FeedIntroText\">\n<p><strong>ALGER &#8211; Les premiers quotas de Logements publics locatifs (LPL) seront r\u00e9ceptionn\u00e9s, en juillet dans la wilaya d&rsquo;Alger, sur un total de 30.000 logements (LPL) en cours de r\u00e9alisation, a indiqu\u00e9 dimanche le Directeur de l&rsquo;habitat de la wilaya d&rsquo;Alger, Medjani Mohamed.<\/strong><\/p>\n<\/div>\n<div class=\"K2FeedFullText\">\n<p>En marge d&rsquo;une op\u00e9ration de relogement de plus de 170 familles habitant dans des b\u00e2tisses mena\u00e7ant ruines \u00e0 la Casbah dans le cadre de la 25e op\u00e9ration de relogement, M. Medjani a pr\u00e9cis\u00e9 \u00e0 l&rsquo;APS que le premier quota, sur un total de 30.000 logements de type LPL en cours de r\u00e9alisation \u00e0 Alger sera livr\u00e9, en juillet d\u00e8s l&rsquo;ach\u00e8vement des travaux d&rsquo;am\u00e9nagement et de raccordement dont le taux d&rsquo;avancement varie entre 10 et 90%.<\/p>\n<hr>\n<h3>Lire aussi:\u00a0<a href=\"http:\/\/www.aps.dz\/regions\/86084-temmar-distribution-de-3-885-logements-de-differentes-formules-a-alger\" target=\"_blank\" rel=\"noopener noreferrer\">Distribution de 3.885 logements de diff\u00e9rentes formules \u00e0 Alger<\/a><\/h3>\n<hr>\n<blockquote>\n<p><em><strong>Plus de 170 familles occupant 39 immeubles class\u00e9s dans la zone rouge \u00e0 la commune de la Casbah ont \u00e9t\u00e9 relog\u00e9es au deuxi\u00e8me jour de la 5\u00e8me op\u00e9ration de relogement (4-5 mai en cours), a-t-il soulign\u00e9.<\/strong><\/em><\/p>\n<\/blockquote>\n<p>A rappeler que le wali d&rsquo;Alger, Abdelkhalek Sayouda a fait savoir qu&rsquo;il y&rsquo;aurait plusieurs op\u00e9ration \u00e0 Alger dont le coup d&rsquo;envoi sera donn\u00e9 apr\u00e8s la fin des examens de fin d&rsquo;ann\u00e9e pour ne pas perturber les \u00e9l\u00e8ves.<\/p>\n<p>Pour ce qui est des recours introduits par les familles exclues des op\u00e9rations pr\u00e9c\u00e9dentes, depuis juin 2014, M. Sayouda a rassur\u00e9 qu&rsquo;ils \u00e9taient en cours d&rsquo;examen en toute transparence.<\/p>\n<\/div>\n<\/div>\n<p>Auteur:<br \/>\n<a href=\"http:\/\/www.aps.dz\/regions\/89108-alger-reception-en-juillet-des-premiers-quotas-de-logements-lpl\">Cliquez ici pour lire l&rsquo;article depuis sa source.<\/a><\/p>\n","protected":false},"excerpt":{"rendered":"<p>ALGER &#8211; Les premiers quotas de Logements publics locatifs (LPL) seront r\u00e9ceptionn\u00e9s, en juillet dans la wilaya d&rsquo;Alger, sur un total de 30.000 logements (LPL) en cours de r\u00e9alisation, a indiqu\u00e9 dimanche le Directeur de l&rsquo;habitat de la wilaya d&rsquo;Alger, Medjani Mohamed. En marge d&rsquo;une op\u00e9ration de relogement de plus de 170 familles habitant dans [&hellip;]<\/p>\n","protected":false},"author":1790,"featured_media":32497,"comment_status":"closed","ping_status":"closed","sticky":false,"template":"","format":"standard","meta":{"fifu_image_url":"","fifu_image_alt":"","footnotes":""},"categories":[53,76],"tags":[],"class_list":["post-32496","post","type-post","status-publish","format-standard","has-post-thumbnail","hentry","category-algerie","category-regions"],"_links":{"self":[{"href":"https:\/\/linitiative.ca\/International\/wp-json\/wp\/v2\/posts\/32496","targetHints":{"allow":["GET"]}}],"collection":[{"href":"https:\/\/linitiative.ca\/International\/wp-json\/wp\/v2\/posts"}],"about":[{"href":"https:\/\/linitiative.ca\/International\/wp-json\/wp\/v2\/types\/post"}],"author":[{"embeddable":true,"href":"https:\/\/linitiative.ca\/International\/wp-json\/wp\/v2\/users\/1790"}],"replies":[{"embeddable":true,"href":"https:\/\/linitiative.ca\/International\/wp-json\/wp\/v2\/comments?post=32496"}],"version-history":[{"count":0,"href":"https:\/\/linitiative.ca\/International\/wp-json\/wp\/v2\/posts\/32496\/revisions"}],"wp:featuredmedia":[{"embeddable":true,"href":"https:\/\/linitiative.ca\/International\/wp-json\/"}],"wp:attachment":[{"href":"https:\/\/linitiative.ca\/International\/wp-json\/wp\/v2\/media?parent=32496"}],"wp:term":[{"taxonomy":"category","embeddable":true,"href":"https:\/\/linitiative.ca\/International\/wp-json\/wp\/v2\/categories?post=32496"},{"taxonomy":"post_tag","embeddable":true,"href":"https:\/\/linitiative.ca\/International\/wp-json\/wp\/v2\/tags?post=32496"}],"curies":[{"name":"wp","href":"https:\/\/api.w.org\/{rel}","templated":true}]}}