{"id":32498,"date":"2019-05-06T07:14:31","date_gmt":"2019-05-06T11:14:31","guid":{"rendered":"https:\/\/linitiative.ca\/International\/ouargla-formation-de-jeunes-dans-la-vannerie-a-base-de-derives-du-palmier\/"},"modified":"2019-05-06T07:14:31","modified_gmt":"2019-05-06T11:14:31","slug":"ouargla-formation-de-jeunes-dans-la-vannerie-a-base-de-derives-du-palmier","status":"publish","type":"post","link":"https:\/\/linitiative.ca\/International\/ouargla-formation-de-jeunes-dans-la-vannerie-a-base-de-derives-du-palmier\/","title":{"rendered":"Ouargla: formation de jeunes dans la vannerie \u00e0 base de d\u00e9riv\u00e9s du palmier"},"content":{"rendered":"<div>\n<div class=\"K2FeedImage\"><img decoding=\"async\" src=\"http:\/\/www.aps.dz\/media\/k2\/items\/cache\/d4bb1d259288a2823f2cb9e09b26dd34_S.jpg\" alt=\"Ouargla: formation de jeunes dans la vannerie \u00e0 base de d\u00e9riv\u00e9s du palmier\"><\/div>\n<div class=\"K2FeedIntroText\">\n<p><strong>OUARGLA &#8211; Une trentaine de jeunes de la wilaya d\u2019Ouargla vont b\u00e9n\u00e9ficier de sessions de formation dans les m\u00e9tiers de vannerie \u00e0 base de d\u00e9riv\u00e9s du palmier, notamment le meuble, une des activit\u00e9s traditionnelles de la r\u00e9gion, a-t-on appris lundi de responsables de l\u2019association du ksar d\u2019Ouargla pour la culture et la r\u00e9forme.<\/strong><\/p>\n<\/div>\n<div class=\"K2FeedFullText\">\n<p>Cette op\u00e9ration de formation, qui profitera \u00e0 des jeunes des deux sexes, sera lanc\u00e9e prochainement dans des modules de construction traditionnelle et d\u2019ameublement \u00e0 base de d\u00e9riv\u00e9s de palmier, \u00e0 travers des sessions de 18 mois, englobant des cours th\u00e9oriques et pratiques, a pr\u00e9cis\u00e9 le pr\u00e9sident de l\u2019association, Hocine Boughaba.<\/p>\n<p>Initi\u00e9e au niveau de l\u2019association, en coordination avec le centre de formation professionnelle \u00ab\u00a0Slimane Omar\u00a0\u00bb de la commune d\u2019Ain El-Beida, cette initiative permettra aux stagiaires de s\u2019approprier des m\u00e9tiers ancestraux, dont la fabrication des meubles et produits domestiques \u00e0 partir de d\u00e9riv\u00e9s du palmier, et l\u2019exploitation et l\u2019utilisation de mat\u00e9riaux de construction locaux.<\/p>\n<hr>\n<h3>Lire aussi:\u00a0<a href=\"http:\/\/www.aps.dz\/culture\/88493-patrimoine-ouargla-operation-d-inventaire-dans-les-regions-d-oued-mya-et-oued-righ\" target=\"_blank\" rel=\"noopener noreferrer\">Ouargla: op\u00e9ration d\u2019inventaire dans les r\u00e9gions d\u2019Oued Mya et Oued-Righ<\/a><\/h3>\n<hr>\n<p>Retenue dans le cadre d\u2019une convention entre l\u2019association et le secteur de la formation professionnelle, cette op\u00e9ration, encadr\u00e9e par des formateurs du secteur de la formation, permettra aux stagiaires de s\u2019armer au terme de leur formation d\u2019un certificat d\u2019aptitude professionnelle repr\u00e9sentant l\u2019acquisition d\u2019un savoir-faire traditionnel sur ces activit\u00e9s s\u00e9culaires et les anciennes techniques d\u2019usage de mat\u00e9riaux locaux pour la restauration du vieux b\u00e2ti.<\/p>\n<p>Selon le pr\u00e9sident de l\u2019association, Hocine Boughaba, l\u2019op\u00e9ration, inscrite dans le cadre du mois du patrimoine (18 avril-18 mai) et du programme d\u2019appui \u00e0 la protection et la valorisation du patrimoine culturel local, vise l\u2019exploitation des produits locaux, notamment le palmier, dans la confection d\u2019articles d\u2019ameublement (tables, chaises et autres) et de vannerie.<\/p>\n<p>Cette d\u00e9marche constitue un soutien et une contribution \u00e0 la promotion des activit\u00e9s li\u00e9es \u00e0 l\u2019inventaire et la pr\u00e9servation des biens culturels, \u00e0 travers la formation et la qualification de la main-d\u2019\u0153uvre et son implication dans la protection du patrimoine de la r\u00e9gion, a-t-il ajout\u00e9.<\/p>\n<p>\u00a0<\/p>\n<p style=\"text-align: center;\"><strong>Des artisans s\u2019emploient \u00e0 p\u00e9renniser les anciens m\u00e9tiers<\/strong><\/p>\n<p>\u00a0<\/p>\n<p>De nombreux artisans d\u2019Ouargla s\u2019adonnent encore \u00e0 la vannerie, \u00e0 base de d\u00e9riv\u00e9s du palmier, en confectionnant une panoplie de produits et d\u2019articles, avec pour objectif de p\u00e9renniser ces m\u00e9tiers anciens et les l\u00e9guer savamment aux futures g\u00e9n\u00e9rations.<\/p>\n<p>Melle. Aicha Ziane, artisane en vannerie et articles de d\u00e9coration, a estim\u00e9 que cette activit\u00e9, h\u00e9rit\u00e9e des a\u00efeux, constitue une source vivri\u00e8re pour nombre de familles, notamment dans la r\u00e9gion agricole enclav\u00e9e d\u2019Oum-Erraneb, commune de Sidi-Khouiled, o\u00f9 des dizaines de femmes aux foyers s\u2019efforcent d\u2019assurer la rel\u00e8ve et la p\u00e9rennit\u00e9 du m\u00e9tier.<\/p>\n<p>Des ustensiles, dont des plats, diff\u00e9rents formes et volumes, et des couffins sont expos\u00e9s par cette artisane pour qui ce m\u00e9tier requiert une dext\u00e9rit\u00e9 et une concentration, de la patience et de la passion, en d\u00e9plorant, toutefois, les contraintes entravant le d\u00e9veloppement de ces activit\u00e9s et qui risquent d\u2019hypoth\u00e9quer leur avenir.<\/p>\n<hr>\n<h3>Lire aussi:\u00a0<a href=\"http:\/\/www.aps.dz\/regions\/88358-ouargla-de-nouveaux-locaux-commerciaux-pour-promouvoir-les-produits-artisanaux\" target=\"_blank\" rel=\"noopener noreferrer\">Ouargla: de nouveaux locaux commerciaux pour promouvoir les produits artisanaux<\/a><\/h3>\n<hr>\n<p>Ces contraintes sont li\u00e9es notamment au manque de main-d\u2019\u0153uvre qualifi\u00e9e, la difficult\u00e9 de commercialisation des produits et les prix d\u00e9risoires des objets par rapport aux efforts fournis, obligeant plusieurs artisanes \u00e0 renoncer \u00e0 cette activit\u00e9 au d\u00e9triment d\u2019autres.<\/p>\n<p>\u00ab\u00a0La confection de certains produits peut durer plus de 60 jours pour \u00eatre c\u00e9d\u00e9 enfin \u00e0 un prix de 2.000 DA, une \u00e9valuation loin d\u2019\u00eatre proportionnelle avec les efforts fournis, alors que son prix r\u00e9el ne devrait baisser en dessous de 7.000 DA\u00a0\u00bb, a estim\u00e9, \u00e0 titre d\u2019illustration cette artisane qui jouit d\u2019une vingtaine d\u2019ann\u00e9es d\u2019exp\u00e9rience.<\/p>\n<p>Melle. Ziane a, \u00e0 cette occasion, appel\u00e9 \u00e0 pr\u00e9voir des sessions de formation dans cette activit\u00e9 et a esp\u00e9r\u00e9 l\u2019ouverture d\u2019espaces d\u2019exposition et de commercialisation de ces produits, cr\u00e9neau porteur pour le tourisme saharien.<\/p>\n<p>Des artisans de la r\u00e9gion s\u2019emploient \u00e0 d\u00e9velopper la vannerie par la cr\u00e9ation de nouveaux produits de diverses formes et motifs dans le but de redorer le blason de ce m\u00e9tier, une des caract\u00e9ristiques de la culture et du patrimoine local.<\/p>\n<\/div>\n<\/div>\n<p>Auteur:<br \/>\n<a href=\"http:\/\/www.aps.dz\/regions\/89112-ouargla-formation-de-jeunes-dans-la-vannerie-a-base-de-derives-du-palmier\">Cliquez ici pour lire l&rsquo;article depuis sa source.<\/a><\/p>\n","protected":false},"excerpt":{"rendered":"<p>OUARGLA &#8211; Une trentaine de jeunes de la wilaya d\u2019Ouargla vont b\u00e9n\u00e9ficier de sessions de formation dans les m\u00e9tiers de vannerie \u00e0 base de d\u00e9riv\u00e9s du palmier, notamment le meuble, une des activit\u00e9s traditionnelles de la r\u00e9gion, a-t-on appris lundi de responsables de l\u2019association du ksar d\u2019Ouargla pour la culture et la r\u00e9forme. Cette op\u00e9ration [&hellip;]<\/p>\n","protected":false},"author":1790,"featured_media":32499,"comment_status":"closed","ping_status":"closed","sticky":false,"template":"","format":"standard","meta":{"fifu_image_url":"","fifu_image_alt":"","footnotes":""},"categories":[53,76],"tags":[],"class_list":["post-32498","post","type-post","status-publish","format-standard","has-post-thumbnail","hentry","category-algerie","category-regions"],"_links":{"self":[{"href":"https:\/\/linitiative.ca\/International\/wp-json\/wp\/v2\/posts\/32498","targetHints":{"allow":["GET"]}}],"collection":[{"href":"https:\/\/linitiative.ca\/International\/wp-json\/wp\/v2\/posts"}],"about":[{"href":"https:\/\/linitiative.ca\/International\/wp-json\/wp\/v2\/types\/post"}],"author":[{"embeddable":true,"href":"https:\/\/linitiative.ca\/International\/wp-json\/wp\/v2\/users\/1790"}],"replies":[{"embeddable":true,"href":"https:\/\/linitiative.ca\/International\/wp-json\/wp\/v2\/comments?post=32498"}],"version-history":[{"count":0,"href":"https:\/\/linitiative.ca\/International\/wp-json\/wp\/v2\/posts\/32498\/revisions"}],"wp:featuredmedia":[{"embeddable":true,"href":"https:\/\/linitiative.ca\/International\/wp-json\/"}],"wp:attachment":[{"href":"https:\/\/linitiative.ca\/International\/wp-json\/wp\/v2\/media?parent=32498"}],"wp:term":[{"taxonomy":"category","embeddable":true,"href":"https:\/\/linitiative.ca\/International\/wp-json\/wp\/v2\/categories?post=32498"},{"taxonomy":"post_tag","embeddable":true,"href":"https:\/\/linitiative.ca\/International\/wp-json\/wp\/v2\/tags?post=32498"}],"curies":[{"name":"wp","href":"https:\/\/api.w.org\/{rel}","templated":true}]}}