{"id":32507,"date":"2019-05-06T05:20:00","date_gmt":"2019-05-06T09:20:00","guid":{"rendered":"https:\/\/linitiative.ca\/International\/inquietant-recul-des-ide\/"},"modified":"2019-05-06T05:20:00","modified_gmt":"2019-05-06T09:20:00","slug":"inquietant-recul-des-ide","status":"publish","type":"post","link":"https:\/\/linitiative.ca\/International\/inquietant-recul-des-ide\/","title":{"rendered":"Inqui\u00e9tant recul des IDE!"},"content":{"rendered":"<p class=\"rtejustify\">Au premier trimestre 2019, le flux des IDE a recul\u00e9 de 47,2%. Les recettes se sont \u00e9tablies \u00e0 7 milliards de DH contre 9 milliards de DH l\u2019ann\u00e9e derni\u00e8re. En revanche, le flux d\u2019investissements directs marocains \u00e0 l\u2019\u00e9tranger ont pris 56,7%, s\u2019\u00e9tablissant \u00e0 2,7 milliards de DH.<\/p>\n<p class=\"rtejustify\"><em>K. M.<\/em><\/p>\n<p>Auteur: hlafriqi<br \/>\n<a href=\"https:\/\/www.leconomiste.com\/article\/1044654-inquietant-recul-des-ide\">Cliquez ici pour lire l&rsquo;article depuis sa source.<\/a><\/p>\n","protected":false},"excerpt":{"rendered":"<p>Au premier trimestre 2019, le flux des IDE a recul\u00e9 de 47,2%. Les recettes se sont \u00e9tablies \u00e0 7 milliards de DH contre 9 milliards de DH l\u2019ann\u00e9e derni\u00e8re. En revanche, le flux d\u2019investissements directs marocains \u00e0 l\u2019\u00e9tranger ont pris 56,7%, s\u2019\u00e9tablissant \u00e0 2,7 milliards de DH. K. M. Auteur: hlafriqi Cliquez ici pour lire [&hellip;]<\/p>\n","protected":false},"author":1763,"featured_media":0,"comment_status":"closed","ping_status":"closed","sticky":false,"template":"","format":"standard","meta":{"fifu_image_url":"","fifu_image_alt":"","footnotes":""},"categories":[78,54],"tags":[],"class_list":["post-32507","post","type-post","status-publish","format-standard","hentry","category-economie","category-maroc"],"_links":{"self":[{"href":"https:\/\/linitiative.ca\/International\/wp-json\/wp\/v2\/posts\/32507","targetHints":{"allow":["GET"]}}],"collection":[{"href":"https:\/\/linitiative.ca\/International\/wp-json\/wp\/v2\/posts"}],"about":[{"href":"https:\/\/linitiative.ca\/International\/wp-json\/wp\/v2\/types\/post"}],"author":[{"embeddable":true,"href":"https:\/\/linitiative.ca\/International\/wp-json\/wp\/v2\/users\/1763"}],"replies":[{"embeddable":true,"href":"https:\/\/linitiative.ca\/International\/wp-json\/wp\/v2\/comments?post=32507"}],"version-history":[{"count":0,"href":"https:\/\/linitiative.ca\/International\/wp-json\/wp\/v2\/posts\/32507\/revisions"}],"wp:attachment":[{"href":"https:\/\/linitiative.ca\/International\/wp-json\/wp\/v2\/media?parent=32507"}],"wp:term":[{"taxonomy":"category","embeddable":true,"href":"https:\/\/linitiative.ca\/International\/wp-json\/wp\/v2\/categories?post=32507"},{"taxonomy":"post_tag","embeddable":true,"href":"https:\/\/linitiative.ca\/International\/wp-json\/wp\/v2\/tags?post=32507"}],"curies":[{"name":"wp","href":"https:\/\/api.w.org\/{rel}","templated":true}]}}