{"id":32512,"date":"2019-05-06T06:00:00","date_gmt":"2019-05-06T10:00:00","guid":{"rendered":"https:\/\/linitiative.ca\/International\/proprete-nouveau-repit-pour-les-delegataires-a-casablanca\/"},"modified":"2019-05-06T06:00:00","modified_gmt":"2019-05-06T10:00:00","slug":"proprete-nouveau-repit-pour-les-delegataires-a-casablanca","status":"publish","type":"post","link":"https:\/\/linitiative.ca\/International\/proprete-nouveau-repit-pour-les-delegataires-a-casablanca\/","title":{"rendered":"Propret\u00e9: Nouveau r\u00e9pit pour les d\u00e9l\u00e9gataires \u00e0 Casablanca"},"content":{"rendered":"<div readability=\"37\">\n<p>Le d\u00e9lai d\u2019introduction du nouveau mat\u00e9riel prolong\u00e9 \u00e0 6 mois<\/p>\n<p>Au lieu de 4, comme le stipule les contrats de gestion d\u00e9l\u00e9gu\u00e9e<\/p>\n<p>Quatre clauses sont revues et ent\u00e9rin\u00e9es par les \u00e9lus<\/p>\n<\/div>\n<div readability=\"99\">\n<p class=\"rtejustify\">Il faudra encore supporter l\u2019\u00e9tat catastrophique du service de propret\u00e9 \u00e0 Casablanca d\u2019ici la rentr\u00e9e prochaine. Les nouveaux d\u00e9l\u00e9gataires, Derichebourg et Averda (qui ont pris officiellement leurs fonctions en f\u00e9vrier dernier), se voient accorder un nouveau r\u00e9pit pour l\u2019introduction des nouveaux engins de collecte.<\/p>\n<p class=\"rtejustify\">La r\u00e9vision des termes des contrats de gestion d\u00e9l\u00e9gu\u00e9e de la propret\u00e9 \u00e9tait l\u2019un des points d\u2019orgue de la session du Conseil de la ville de Casablanca, qui s\u2019est tenue le 2 mai. Derichebourg et Averda auront ainsi un d\u00e9lai de 2 mois suppl\u00e9mentaires (soit 6 mois en tout) pour mettre le nouveau mat\u00e9riel en circulation.<\/p>\n<p class=\"rtejustify\">\u00abAu moment des n\u00e9gociations, avant l\u2019attribution du march\u00e9, nous sommes parvenus \u00e0 un accord qui nous a permis d\u2019\u00e9conomiser 97 millions de DH sur le budget initial consacr\u00e9 \u00e0 la propret\u00e9\u00bb, explique Abdelaziz El Omari, maire de Casablanca.<\/p>\n<p class=\"rtejustify\">En contrepartie, les d\u00e9cideurs de la commune ont pris un certain nombre d\u2019engagements vis-\u00e0-vis des d\u00e9l\u00e9gataires. A commencer par la prolongation de la p\u00e9riode transitoire (avant la mise en service des nouveaux engins) de 4 \u00e0 6 mois. Les d\u00e9l\u00e9gataires ont \u00e9galement obtenu la permission de cr\u00e9er des points de transfert (ou de regroupement des d\u00e9chets avant leur transport \u00e0 la d\u00e9charge de M\u00e9diouna).<\/p>\n<p class=\"rtejustify\">La ville s\u2019est aussi engag\u00e9e \u00e0 plafonner \u00e0 10% le montant mensuel des amendes et sanctions (appliqu\u00e9es en cas de non-respect du cahier des charges par les d\u00e9l\u00e9gataires). Le montant exorbitant des amendes \u00e9tait, rappelons-le, \u00e0 l\u2019origine du d\u00e9part pr\u00e9cipit\u00e9 de l\u2019ancien d\u00e9l\u00e9gataire (Sita) avant la fin de son contrat.<\/p>\n<p class=\"rtejustify\">Pour \u00e9viter le m\u00eame sc\u00e9nario, la commune urbaine de Casablanca va plafonner ces amendes. Mais ce plafonnement risque de se traduire par un laisser-aller qui se r\u00e9percutera sur la qualit\u00e9 du service. D\u2019autant plus que les d\u00e9l\u00e9gataires sont r\u00e9mun\u00e9r\u00e9s au forfait et non au tonnage (890 millions de DH\/an partag\u00e9s par Derichebourg et Averda).<\/p>\n<p class=\"rtejustify\">Le contr\u00f4le et le suivi des prestations sur le terrain sont donc primordiaux pour assurer une bonne qualit\u00e9 de service. En attendant, les bennes actuelles (en mauvais \u00e9tat) continueront \u00e0 circuler et les anciens bacs \u00e0 ordures d\u00e9bordent \u00e0 tous les coins de rues.<\/p>\n<p class=\"rtejustify\">Autre point conc\u00e9d\u00e9 par la ville: l\u2019amendement de l\u2019article qui stipule l\u2019obligation de mobiliser 20% du montant de l\u2019investissement du capital du d\u00e9l\u00e9gataire d\u00e8s le d\u00e9part. \u00abCe seuil a \u00e9t\u00e9 revu \u00e0 la baisse pour \u00eatre amen\u00e9 \u00e0 8%\u00bb, annonce El Omari.<br \/>L\u2019amendement de ces clauses du contrat de gestion d\u00e9l\u00e9gu\u00e9e a \u00e9t\u00e9 donc vot\u00e9 \u00e0 l\u2019unanimit\u00e9 par les \u00e9lus de la ville.<\/p>\n<p class=\"rtejustify\">Ces derniers ont \u00e9galement ent\u00e9rin\u00e9 une s\u00e9rie de points dont celui relatif au d\u00e9m\u00e9nagement du march\u00e9 de volailles \u00e0 Ouled Azzouz. Le sort du fameux souk Ould Mina (Hay Hassani), d\u00e9truit r\u00e9cemment suite \u00e0 un incendie, figurait aussi \u00e0 l\u2019ordre du jour. \u00abAvant de d\u00e9marrer les travaux de reconstruction, nous avons d\u00e9cid\u00e9 d\u2019acqu\u00e9rir le foncier qui abrite ce march\u00e9, relevant du Domaine de l\u2019Etat\u00bb, pr\u00e9cise le maire.<\/p>\n<p class=\"rtejustify\">La SDL Casa-Patrimoine a \u00e9galement obtenu un financement suppl\u00e9mentaire (7 millions de DH) pour son op\u00e9ration de recensement des biens communaux.<\/p>\n<blockquote readability=\"13\">\n<p class=\"rtecenter\"><strong><span class=\"c3\">Pont \u00e0 haubans: Les travaux s\u2019\u00e9ternisent\u2026\u00a0<\/span><\/strong><\/p>\n<p class=\"rtejustify\">Les \u00e9lus de la ville de Casablanca viennent de voter le d\u00e9blocage de fonds suppl\u00e9mentaires pour l\u2019ach\u00e8vement des travaux du pont \u00e0 haubans de Sidi Ma\u00e2rouf. Cet ouvrage, finalis\u00e9 depuis plusieurs semaines, n\u2019est toujours pas ouvert \u00e0 la circulation au grand dam des automobilistes. Les derni\u00e8res retouches concernent notamment les espaces verts et l\u2019\u00e9clairage sc\u00e9nique de l\u2019ouvrage situ\u00e9 \u00e0 l\u2019entr\u00e9e sud de la ville. A signaler que la commune prend en charge 40% du co\u00fbt global de l\u2019ouvrage d\u2019art, le reste est partag\u00e9 entre la DGCL (30%) et le minist\u00e8re de l\u2019Equipement (30%).<\/p>\n<\/blockquote>\n<p class=\"rtejustify\"><em>Aziza EL AFFAS<\/em><\/p>\n<\/div>\n<p>Auteur: hlafriqi<br \/>\n<a href=\"https:\/\/www.leconomiste.com\/article\/1044639-proprete-nouveau-repit-pour-les-delegataires-casablanca\">Cliquez ici pour lire l&rsquo;article depuis sa source.<\/a><\/p>\n","protected":false},"excerpt":{"rendered":"<p>Le d\u00e9lai d\u2019introduction du nouveau mat\u00e9riel prolong\u00e9 \u00e0 6 mois Au lieu de 4, comme le stipule les contrats de gestion d\u00e9l\u00e9gu\u00e9e Quatre clauses sont revues et ent\u00e9rin\u00e9es par les \u00e9lus Il faudra encore supporter l\u2019\u00e9tat catastrophique du service de propret\u00e9 \u00e0 Casablanca d\u2019ici la rentr\u00e9e prochaine. Les nouveaux d\u00e9l\u00e9gataires, Derichebourg et Averda (qui ont [&hellip;]<\/p>\n","protected":false},"author":1763,"featured_media":0,"comment_status":"closed","ping_status":"closed","sticky":false,"template":"","format":"standard","meta":{"fifu_image_url":"","fifu_image_alt":"","footnotes":""},"categories":[78,54],"tags":[],"class_list":["post-32512","post","type-post","status-publish","format-standard","hentry","category-economie","category-maroc"],"_links":{"self":[{"href":"https:\/\/linitiative.ca\/International\/wp-json\/wp\/v2\/posts\/32512","targetHints":{"allow":["GET"]}}],"collection":[{"href":"https:\/\/linitiative.ca\/International\/wp-json\/wp\/v2\/posts"}],"about":[{"href":"https:\/\/linitiative.ca\/International\/wp-json\/wp\/v2\/types\/post"}],"author":[{"embeddable":true,"href":"https:\/\/linitiative.ca\/International\/wp-json\/wp\/v2\/users\/1763"}],"replies":[{"embeddable":true,"href":"https:\/\/linitiative.ca\/International\/wp-json\/wp\/v2\/comments?post=32512"}],"version-history":[{"count":0,"href":"https:\/\/linitiative.ca\/International\/wp-json\/wp\/v2\/posts\/32512\/revisions"}],"wp:attachment":[{"href":"https:\/\/linitiative.ca\/International\/wp-json\/wp\/v2\/media?parent=32512"}],"wp:term":[{"taxonomy":"category","embeddable":true,"href":"https:\/\/linitiative.ca\/International\/wp-json\/wp\/v2\/categories?post=32512"},{"taxonomy":"post_tag","embeddable":true,"href":"https:\/\/linitiative.ca\/International\/wp-json\/wp\/v2\/tags?post=32512"}],"curies":[{"name":"wp","href":"https:\/\/api.w.org\/{rel}","templated":true}]}}