{"id":32513,"date":"2019-05-06T06:15:00","date_gmt":"2019-05-06T10:15:00","guid":{"rendered":"https:\/\/linitiative.ca\/International\/tanger-les-entreprises-se-preparent-au-digital\/"},"modified":"2019-05-06T06:15:00","modified_gmt":"2019-05-06T10:15:00","slug":"tanger-les-entreprises-se-preparent-au-digital","status":"publish","type":"post","link":"https:\/\/linitiative.ca\/International\/tanger-les-entreprises-se-preparent-au-digital\/","title":{"rendered":"Tanger: Les entreprises se pr\u00e9parent au digital"},"content":{"rendered":"<div readability=\"37\">\n<p>Cloud computing, inbound marketing&#8230; de nombreux concepts en vogue<\/p>\n<p>Inwi en road show pour pr\u00e9senter ses solutions et offrir son accompagnement<\/p>\n<p>80 entreprises pr\u00e9sentes lors de la 3e \u00e9dition des \u00abRencontres Entreprises\u00bb<\/p>\n<\/div>\n<div readability=\"81\">\n<div class=\"dnd-atom-wrapper type-image context-sdl_editor_representation\" contenteditable=\"false\" readability=\"31.5\">\n<div class=\"dnd-drop-wrapper image\"><img loading=\"lazy\" decoding=\"async\" typeof=\"foaf:Image\" class=\"img-responsive\" src=\"https:\/\/mobile.leconomiste.com\/sites\/default\/files\/eco7\/public\/thumbnails\/image\/tansformation-digital-008.jpg\" width=\"660\" height=\"330\" alt=\"tansformation-digital-008.jpg\" title=\"tansformation-digital-008.jpg\"\/><\/div>\n<div class=\"dnd-legend-wrapper\" contenteditable=\"true\" readability=\"8\">\n<p class=\"rtejustify\">La mutation vers le digital est imp\u00e9rative. La transformation touche tous les secteurs qui ressentent de plein fouet cette mutation impos\u00e9e par les nouvelles technologies <em>(Ph. usts.fr)<\/em><\/p>\n<\/div>\n<\/div>\n<p class=\"rtejustify\">R\u00e9ussir le virage digital, un d\u00e9fi pour de nombreuses entreprises. Inwi est parti \u00e0 la rencontre de certaines d\u2019entre elles au nord lors de la premi\u00e8re \u00e9tape de la 3e \u00e9dition des \u00abRencontres Entreprises\u00bb lanc\u00e9es par l\u2019op\u00e9rateur t\u00e9l\u00e9com, lundi dernier. L\u2019\u00e9v\u00e9nement qui est organis\u00e9 en partenariat avec la Chambre fran\u00e7aise du commerce et de l\u2019industrie du Maroc (CFCIM) se veut un catalyseur pour aider les entreprises tent\u00e9es par le digital pour r\u00e9ussir leur saut.<\/p>\n<p class=\"rtejustify\">\u00ab\u00c0 travers les \u201cRencontres Entreprises\u201d, nous accompagnons les op\u00e9rateurs \u00e9conomiques en les dotant d\u2019outils et des \u201cr\u00e9flexes\u201d n\u00e9cessaires pour r\u00e9ussir leur transformation digitale. Pour Inwi, il est important d\u2019aller \u00e0 leur rencontre et de rendre cette transformation digitale plus concr\u00e8te et plus accessible pour elles\u00bb, explique Ouassim El Arroussi, directeur Etudes et D\u00e9veloppement chez Inwi.<\/p>\n<p class=\"rtejustify\">Parmi les objectifs de cette nouvelle tourn\u00e9e nationale: sensibiliser les professionnels aux enjeux et aux opportunit\u00e9s qu\u2019offre la transformation digitale, et les accompagner pour adopter les outils et les pratiques ad\u00e9quates pour r\u00e9ussir la transformation de leurs propres entreprises.<\/p>\n<p class=\"rtejustify\">Lors de cette caravane qui passera par plusieurs autres villes avant de cl\u00f4turer \u00e0 Casablanca le 12 d\u00e9cembre prochain, pr\u00e8s de 80 entreprises de Tanger mais aussi d\u2019autres villes du nord ont pu rencontrer des sp\u00e9cialistes du digital et d\u00e9mystifier des concepts comme le Cloud ou l\u2019inbound marketing, des \u00e9l\u00e9ments qui deviendront de plus en plus indispensables pour les entrepreneurs de demain dans leur d\u00e9marche digitale.<\/p>\n<p class=\"rtejustify\">En plus des s\u00e9ances pl\u00e9ni\u00e8res anim\u00e9es par des experts reconnus, les \u00abRencontres Entreprises\u00bb permettent aux participants de prendre part \u00e0 des ateliers pratiques qui abordent des th\u00e9matiques concr\u00e8tes et actuelles comme le Cloud computing, la s\u00e9curisation des donn\u00e9es, la disruption comme mod\u00e8le \u00e9conomique, l\u2019am\u00e9lioration de l\u2019efficacit\u00e9 op\u00e9rationnelle des entreprises ou encore le d\u00e9veloppement de la notori\u00e9t\u00e9 des marques.<\/p>\n<p class=\"rtejustify\">Une vulgarisation n\u00e9cessaire, car, selon les sp\u00e9cialistes, seule une entreprise sur trois sera \u00e0 m\u00eame de r\u00e9ussir son virage digital \u00e0 l\u2019aube de l\u2019an 2020.<\/p>\n<p class=\"rtejustify\">Cette transformation devra toucher tous les secteurs m\u00eame celui des m\u00e9dias. Ces derniers seront en effet les premiers \u00e0 ressentir de plein fouet cette mutation impos\u00e9e par les nouvelles technologies. Les m\u00e9dias traditionnels sont bouscul\u00e9s dans leurs habitudes par internet et les r\u00e9seaux sociaux; et bient\u00f4t ils devront faire face aux d\u00e9fis des robots.<\/p>\n<p class=\"rtejustify\"><em>De notre correspondant permanent, Ali ABJIOU<\/em><\/p>\n<\/div>\n<p>Auteur: hlafriqi<br \/>\n<a href=\"https:\/\/www.leconomiste.com\/article\/1044641-tanger-les-entreprises-se-preparent-au-digital\">Cliquez ici pour lire l&rsquo;article depuis sa source.<\/a><\/p>\n","protected":false},"excerpt":{"rendered":"<p>Cloud computing, inbound marketing&#8230; de nombreux concepts en vogue Inwi en road show pour pr\u00e9senter ses solutions et offrir son accompagnement 80 entreprises pr\u00e9sentes lors de la 3e \u00e9dition des \u00abRencontres Entreprises\u00bb La mutation vers le digital est imp\u00e9rative. La transformation touche tous les secteurs qui ressentent de plein fouet cette mutation impos\u00e9e par les [&hellip;]<\/p>\n","protected":false},"author":1763,"featured_media":32514,"comment_status":"closed","ping_status":"closed","sticky":false,"template":"","format":"standard","meta":{"fifu_image_url":"","fifu_image_alt":"","footnotes":""},"categories":[78,54],"tags":[],"class_list":["post-32513","post","type-post","status-publish","format-standard","has-post-thumbnail","hentry","category-economie","category-maroc"],"_links":{"self":[{"href":"https:\/\/linitiative.ca\/International\/wp-json\/wp\/v2\/posts\/32513","targetHints":{"allow":["GET"]}}],"collection":[{"href":"https:\/\/linitiative.ca\/International\/wp-json\/wp\/v2\/posts"}],"about":[{"href":"https:\/\/linitiative.ca\/International\/wp-json\/wp\/v2\/types\/post"}],"author":[{"embeddable":true,"href":"https:\/\/linitiative.ca\/International\/wp-json\/wp\/v2\/users\/1763"}],"replies":[{"embeddable":true,"href":"https:\/\/linitiative.ca\/International\/wp-json\/wp\/v2\/comments?post=32513"}],"version-history":[{"count":0,"href":"https:\/\/linitiative.ca\/International\/wp-json\/wp\/v2\/posts\/32513\/revisions"}],"wp:featuredmedia":[{"embeddable":true,"href":"https:\/\/linitiative.ca\/International\/wp-json\/"}],"wp:attachment":[{"href":"https:\/\/linitiative.ca\/International\/wp-json\/wp\/v2\/media?parent=32513"}],"wp:term":[{"taxonomy":"category","embeddable":true,"href":"https:\/\/linitiative.ca\/International\/wp-json\/wp\/v2\/categories?post=32513"},{"taxonomy":"post_tag","embeddable":true,"href":"https:\/\/linitiative.ca\/International\/wp-json\/wp\/v2\/tags?post=32513"}],"curies":[{"name":"wp","href":"https:\/\/api.w.org\/{rel}","templated":true}]}}