{"id":32515,"date":"2019-05-06T06:30:00","date_gmt":"2019-05-06T10:30:00","guid":{"rendered":"https:\/\/linitiative.ca\/International\/un-institut-de-formation-pluridisciplinaire-pour-fahs-anjra\/"},"modified":"2019-05-06T06:30:00","modified_gmt":"2019-05-06T10:30:00","slug":"un-institut-de-formation-pluridisciplinaire-pour-fahs-anjra","status":"publish","type":"post","link":"https:\/\/linitiative.ca\/International\/un-institut-de-formation-pluridisciplinaire-pour-fahs-anjra\/","title":{"rendered":"Un institut de formation pluridisciplinaire pour Fahs Anjra"},"content":{"rendered":"<div readability=\"34\">\n<p>Le centre sera d\u00e9di\u00e9 \u00e0 l\u2019industrie et \u00e0 la logistique<\/p>\n<p>Un financement d\u00e9croch\u00e9 dans le cadre du MCA-Morocco<\/p>\n<\/div>\n<div readability=\"76\">\n<div class=\"dnd-atom-wrapper type-image context-sdl_editor_representation\" contenteditable=\"false\" readability=\"33\">\n<div class=\"dnd-drop-wrapper image\"><img loading=\"lazy\" decoding=\"async\" typeof=\"foaf:Image\" class=\"img-responsive\" src=\"https:\/\/www.leconomiste.com\/sites\/default\/files\/eco7\/public\/thumbnails\/image\/institut-de-formation-pluridisciplinaire-fahs-anjra-008.jpg\" width=\"660\" height=\"330\" alt=\"institut-de-formation-pluridisciplinaire-fahs-anjra-008.jpg\" title=\"institut-de-formation-pluridisciplinaire-fahs-anjra-008.jpg\"\/><\/div>\n<div class=\"dnd-legend-wrapper\" contenteditable=\"true\" readability=\"11\">\n<p class=\"rtejustify\">L\u2019institut de formation pluridisciplinaire pour la formation des jeunes entend proposer une offre r\u00e9pondant aux attentes des secteurs leviers que sont l\u2019industrie et la logistique. Sa localisation dans la province de Fahs Anjra coule de source, vu que c\u2019est le territoire accueillant le complexe portuaire TangerMed et l\u2019usine Renault <em>(Maquette APDN)<\/em><\/p>\n<\/div>\n<\/div>\n<p class=\"rtejustify\">Une bonne nouvelle pour les lyc\u00e9ens de Fahs Anjra. Le projet d\u2019institut de formation professionnelle d\u00e9di\u00e9 \u00e0 l\u2019industrie et \u00e0 la logistique lanc\u00e9 par l\u2019Agence de d\u00e9veloppement des provinces du nord (ADPN) vient d\u2019\u00eatre retenu par MCA-Morocco, pour b\u00e9n\u00e9ficier du financement du fonds Charaka relatif \u00e0 la formation professionnelle.<\/p>\n<p class=\"rtejustify\">Le projet s\u2019inscrit dans le cadre de la formation-insertion. Il consiste en la cr\u00e9ation d\u2019un centre de formation professionnelle d\u00e9di\u00e9 aux secteurs leviers que sont l\u2019industrie et la logistique du nord du Royaume, notamment dans la province de Fahs Anjra, territoire accueillant le grand projet d\u2019envergure nationale, \u00e0 savoir le complexe portuaire TangerMed.<\/p>\n<p class=\"rtejustify\">L\u2019institut a pour ambition de mettre \u00e0 la disposition des \u00e9tudiants des formations adoss\u00e9es \u00e0 la demande des op\u00e9rateurs intervenant dans les domaines de la logistique et de l\u2019industrie dans la r\u00e9gion m\u00e9diterran\u00e9enne. Ce projet vise les jeunes de la r\u00e9gion, et ce \u00e0 travers l\u2019ad\u00e9quation de l\u2019offre \u00e0 la demande des employeurs et des nouveaux m\u00e9tiers. Les jeunes laur\u00e9ats de l\u2019institut seront accompagn\u00e9s dans leur insertion dans le monde du travail.<\/p>\n<p class=\"rtejustify\">Le projet a \u00e9t\u00e9 retenu \u00e0 l\u2019issue des diff\u00e9rentes phases du processus d\u2019\u00e9valuation finale des 29 projets initialement pr\u00e9s\u00e9lectionn\u00e9s. Il vise la cr\u00e9ation d\u2019un \u00e9tablissement de formation pluridisciplinaire des m\u00e9tiers de la logistique et de l\u2019industrie dans la province de Fahs Anjra.<\/p>\n<p class=\"rtejustify\">Le projet est pilot\u00e9 par l\u2019ADPN et compte avec diff\u00e9rents partenaires locaux, dont la province, l\u2019OFPPT, l\u2019Anapec, la CGEM Nord, TMSA et le groupe Al Omrane.<\/p>\n<p class=\"rtejustify\">L\u2019id\u00e9e de cet institut est issue de plusieurs \u00e9tudes bas\u00e9es sur la demande du secteur priv\u00e9. Parmi ces \u00e9tudes, le plan de d\u00e9veloppement de la province de Fahs Anjra \u00e0 l\u2019horizon 2022. Il s\u2019agit d\u2019un document lanc\u00e9 par l\u2019APDN en partenariat avec la province de Fahs Anjra d\u2019accompagner la dynamique \u00e9conomique que conna\u00eet le territoire suite au lancement des grands projets structurants, dont le port de Tanger-Med, les zones industrielles de la Tanger Automobile City et de l\u2019usine mitoyenne de Renault, et permettre ainsi \u00e0 \u00abla population locale de b\u00e9n\u00e9ficier de cet essor \u00e9conomique\u00bb, selon une note de l\u2019Agence.<\/p>\n<p class=\"rtejustify\"><em>De notre correspondant permanent, Ali ABJIOU<\/em><\/p>\n<\/div>\n<p>Auteur: hlafriqi<br \/>\n<a href=\"https:\/\/www.leconomiste.com\/article\/1044642-un-institut-de-formation-pluridisciplinaire-pour-fahs-anjra\">Cliquez ici pour lire l&rsquo;article depuis sa source.<\/a><\/p>\n","protected":false},"excerpt":{"rendered":"<p>Le centre sera d\u00e9di\u00e9 \u00e0 l\u2019industrie et \u00e0 la logistique Un financement d\u00e9croch\u00e9 dans le cadre du MCA-Morocco L\u2019institut de formation pluridisciplinaire pour la formation des jeunes entend proposer une offre r\u00e9pondant aux attentes des secteurs leviers que sont l\u2019industrie et la logistique. Sa localisation dans la province de Fahs Anjra coule de source, vu [&hellip;]<\/p>\n","protected":false},"author":1763,"featured_media":32516,"comment_status":"closed","ping_status":"closed","sticky":false,"template":"","format":"standard","meta":{"fifu_image_url":"","fifu_image_alt":"","footnotes":""},"categories":[78,54],"tags":[],"class_list":["post-32515","post","type-post","status-publish","format-standard","has-post-thumbnail","hentry","category-economie","category-maroc"],"_links":{"self":[{"href":"https:\/\/linitiative.ca\/International\/wp-json\/wp\/v2\/posts\/32515","targetHints":{"allow":["GET"]}}],"collection":[{"href":"https:\/\/linitiative.ca\/International\/wp-json\/wp\/v2\/posts"}],"about":[{"href":"https:\/\/linitiative.ca\/International\/wp-json\/wp\/v2\/types\/post"}],"author":[{"embeddable":true,"href":"https:\/\/linitiative.ca\/International\/wp-json\/wp\/v2\/users\/1763"}],"replies":[{"embeddable":true,"href":"https:\/\/linitiative.ca\/International\/wp-json\/wp\/v2\/comments?post=32515"}],"version-history":[{"count":0,"href":"https:\/\/linitiative.ca\/International\/wp-json\/wp\/v2\/posts\/32515\/revisions"}],"wp:featuredmedia":[{"embeddable":true,"href":"https:\/\/linitiative.ca\/International\/wp-json\/"}],"wp:attachment":[{"href":"https:\/\/linitiative.ca\/International\/wp-json\/wp\/v2\/media?parent=32515"}],"wp:term":[{"taxonomy":"category","embeddable":true,"href":"https:\/\/linitiative.ca\/International\/wp-json\/wp\/v2\/categories?post=32515"},{"taxonomy":"post_tag","embeddable":true,"href":"https:\/\/linitiative.ca\/International\/wp-json\/wp\/v2\/tags?post=32515"}],"curies":[{"name":"wp","href":"https:\/\/api.w.org\/{rel}","templated":true}]}}