{"id":32519,"date":"2019-05-06T07:00:00","date_gmt":"2019-05-06T11:00:00","guid":{"rendered":"https:\/\/linitiative.ca\/International\/marrakech-lieux-evanescents-une-expo-qui-regarde-dans-le-retro\/"},"modified":"2019-05-06T07:00:00","modified_gmt":"2019-05-06T11:00:00","slug":"marrakech-lieux-evanescents-une-expo-qui-regarde-dans-le-retro","status":"publish","type":"post","link":"https:\/\/linitiative.ca\/International\/marrakech-lieux-evanescents-une-expo-qui-regarde-dans-le-retro\/","title":{"rendered":"\u00abMarrakech: lieux \u00e9vanescents\u00bb: Une expo qui regarde dans le r\u00e9tro"},"content":{"rendered":"<div readability=\"36\">\n<p>5 artistes photographes ont sorti leurs archives du placard<\/p>\n<p>Une fusion avec les textes d\u2019un collectif d\u2019\u00e9crivains et chercheurs<\/p>\n<p>Des \u0153uvres \u00abt\u00e9moignages\u00bb visibles \u00e0 Dar Bellarj<\/p>\n<\/div>\n<div readability=\"100\">\n<div class=\"dnd-atom-wrapper type-image context-sdl_editor_representation\" contenteditable=\"false\" readability=\"33\">\n<div class=\"dnd-drop-wrapper image\"><img loading=\"lazy\" decoding=\"async\" typeof=\"foaf:Image\" class=\"img-responsive\" src=\"https:\/\/mobile.leconomiste.com\/sites\/default\/files\/eco7\/public\/thumbnails\/image\/marrakech-lieux-evanescents-008.jpg\" width=\"660\" height=\"330\" alt=\"marrakech-lieux-evanescents-008.jpg\" title=\"marrakech-lieux-evanescents-008.jpg\"\/><\/div>\n<div class=\"dnd-legend-wrapper\" contenteditable=\"true\" readability=\"11\">\n<p class=\"rtejustify\">Le photographe Moulay Abdellah Alaoui conna\u00eet Marrakech comme sa poche. Il est de tous les \u00e9v\u00e9nements et de toutes les confidences. Il n\u2019a jamais chang\u00e9 de cap ni de passion: photographier Marrakech et les Marrakchis, comme il l\u2019a fait ici en nous d\u00e9voilant le public d\u2019antan sur Jemaa El Fna <em>(Ph. Moulay Abdellah Alaoui)<\/em><\/p>\n<\/div>\n<\/div>\n<p class=\"rtejustify\">C\u2019est le Marrakech d\u2019il y a 40 ans que l\u2019on d\u00e9couvre ou retrouve \u00e0 Dar Bellarj. Pour son exposition \u00abMarrakech: lieux \u00e9vanescents\u00bb, la \u00abMaison des cigognes\u00bb reste fid\u00e8le \u00e0 sa mission: valoriser le patrimoine architectural et artistique, et la culture vivante du Maroc.<\/p>\n<div class=\"dnd-atom-wrapper type-image context-sdl_editor_representation atom-align-right\" contenteditable=\"false\" readability=\"33\">\n<div class=\"dnd-drop-wrapper image\"><img loading=\"lazy\" decoding=\"async\" typeof=\"foaf:Image\" class=\"img-responsive\" src=\"https:\/\/mobile.leconomiste.com\/sites\/default\/files\/eco7\/public\/thumbnails\/image\/marrakech_lieux_evanescents_008.jpg\" width=\"296\" height=\"425\" alt=\"marrakech_lieux_evanescents_008.jpg\" title=\"marrakech_lieux_evanescents_008.jpg\"\/><\/div>\n<div class=\"dnd-legend-wrapper\" contenteditable=\"true\" readability=\"11\">\n<p class=\"rtejustify\">L\u2019exposition collective \u00e0 Dar Bellarj pr\u00e9sente le travail de Moulay Hassan El Mesbahi, un jeune photographe \u00e9mergent, d\u00e9c\u00e9d\u00e9 en 1993 dans un accident de voiture. Il est toujours consid\u00e9r\u00e9 comme un artiste de grand talent par ses confr\u00e8res <em>(Ph. Moulay Hassan El Mesbahi)<\/em><\/p>\n<\/div>\n<\/div>\n<p class=\"rtejustify\">Au gr\u00e9 des salles et des espaces, entre p\u00e9nombre et pleine lumi\u00e8re, le visiteur passe d\u2019une \u00e9motion \u00e0 une autre, des jeux d\u2019enfants aux sc\u00e8nes de la vie quotidienne, des couleurs aux visages, du coiffeur du souk aux chibanis discutant devant leur porte. Nostalgie pour certains et t\u00e9moignage pour tous.<\/p>\n<p class=\"rtejustify\">A l\u2019oeuvre, des artistes photographes qui ont bien voulu sortir de leurs tiroirs leurs images datant, pour la plupart, d\u2019une quarantaine d\u2019ann\u00e9es. Moulay Abdellah Alaoui, Ahmed Ben Ismael, Hassan Nadim, Abdessatar El Ghouat et feu Moulay Hassan El Mesbahi, leurs photographies se r\u00e9pondent et se compl\u00e8tent.<\/p>\n<p class=\"rtejustify\">Dans une mise en sc\u00e8ne r\u00e9gl\u00e9e par l\u2019artiste photographe Nour Eddine Tilsaghani, elles sont expos\u00e9es jusqu\u2019au 30 septembre prochain, et fusionnent avec les textes d\u2019un collectif d\u2019\u00e9crivains et chercheurs, coordonn\u00e9 par l\u2019\u00e9crivain Yassin Adnan, publi\u00e9s aux \u00e9ditions Marsam.<\/p>\n<p class=\"rtejustify\">\u00abLa richesse de ce travail collectif, rassembl\u00e9 dans un livre, m\u2019a incit\u00e9 \u00e0 le partager avec le public, surtout le public de Marrakech. A travers cette exposition, nous souhaitons insister sur la valeur de la m\u00e9moire collective \u00aborale, \u00e9crite et visuelle\u00bb et l\u2019importance de sa pr\u00e9servation. Ce pr\u00e9cieux effort de conservation fait partie de nos objectifs \u00e0 Dar Bellarj\u00bb, explique Maha Elmadi, directrice de la fondation.<\/p>\n<div class=\"dnd-atom-wrapper type-image context-sdl_editor_representation\" contenteditable=\"false\" readability=\"33\">\n<div class=\"dnd-drop-wrapper image\"><img loading=\"lazy\" decoding=\"async\" typeof=\"foaf:Image\" class=\"img-responsive\" src=\"https:\/\/mobile.leconomiste.com\/sites\/default\/files\/eco7\/public\/thumbnails\/image\/marrakech-lieux-evanescents-expo-008.jpg\" width=\"660\" height=\"330\" alt=\"marrakech-lieux-evanescents-expo-008.jpg\" title=\"marrakech-lieux-evanescents-expo-008.jpg\"\/><\/div>\n<div class=\"dnd-legend-wrapper\" contenteditable=\"true\" readability=\"11\">\n<p>Ce natif de Marrakech n\u2019a rien perdu de ses souvenirs d\u2019enfance. Il est aujourd\u2019hui un artiste peintre reconnu, qui continue, sur la toile, de s\u2019inspirer de la m\u00e9dina <em>(Ph. Ahmed Ben Ismael)<\/em><\/p>\n<\/div>\n<\/div>\n<p class=\"rtejustify\">Tout au long de l\u2019exposition, pendant pr\u00e8s de 6 mois, le lieu organise des rencontres, des conf\u00e9rences, des ateliers et des projections de films, suivant le m\u00eame fil rouge: la valorisation de l\u2019h\u00e9ritage culturel marocain enrichi par le regard et le geste d\u2019artistes contemporains.<\/p>\n<p class=\"rtejustify\">Ce centre culturel de la m\u00e9dina, voisin de la medersa Ben Youssef, toujours en travaux, se veut un lieu de vie et une e\u0301cole des sens. Comme le disait \u00e0 l\u2019origine la fondatrice, Susanna Biedermann, \u00abl\u2019ide\u0301e e\u0301tait de faire une plaque tournante ou\u0300 les gens puissent se rencontrer, f\u00eater, apprendre, ou parler d\u2019un morceau de culture\u00bb. Une volont\u00e9 pleinement respect\u00e9e.<\/p>\n<p class=\"rtejustify\"><em>J.A.<\/em><\/p>\n<p class=\"rtejustify\">\u00a0<\/p>\n<p class=\"rtejustify\">\u00a0<\/p>\n<\/div>\n<p>Auteur: hlafriqi<br \/>\n<a href=\"https:\/\/www.leconomiste.com\/article\/1044649-marrakech-lieux-evanescents-une-expo-qui-regarde-dans-le-retro\">Cliquez ici pour lire l&rsquo;article depuis sa source.<\/a><\/p>\n","protected":false},"excerpt":{"rendered":"<p>5 artistes photographes ont sorti leurs archives du placard Une fusion avec les textes d\u2019un collectif d\u2019\u00e9crivains et chercheurs Des \u0153uvres \u00abt\u00e9moignages\u00bb visibles \u00e0 Dar Bellarj Le photographe Moulay Abdellah Alaoui conna\u00eet Marrakech comme sa poche. Il est de tous les \u00e9v\u00e9nements et de toutes les confidences. Il n\u2019a jamais chang\u00e9 de cap ni de [&hellip;]<\/p>\n","protected":false},"author":1763,"featured_media":32520,"comment_status":"closed","ping_status":"closed","sticky":false,"template":"","format":"standard","meta":{"fifu_image_url":"","fifu_image_alt":"","footnotes":""},"categories":[78,54],"tags":[],"class_list":["post-32519","post","type-post","status-publish","format-standard","has-post-thumbnail","hentry","category-economie","category-maroc"],"_links":{"self":[{"href":"https:\/\/linitiative.ca\/International\/wp-json\/wp\/v2\/posts\/32519","targetHints":{"allow":["GET"]}}],"collection":[{"href":"https:\/\/linitiative.ca\/International\/wp-json\/wp\/v2\/posts"}],"about":[{"href":"https:\/\/linitiative.ca\/International\/wp-json\/wp\/v2\/types\/post"}],"author":[{"embeddable":true,"href":"https:\/\/linitiative.ca\/International\/wp-json\/wp\/v2\/users\/1763"}],"replies":[{"embeddable":true,"href":"https:\/\/linitiative.ca\/International\/wp-json\/wp\/v2\/comments?post=32519"}],"version-history":[{"count":0,"href":"https:\/\/linitiative.ca\/International\/wp-json\/wp\/v2\/posts\/32519\/revisions"}],"wp:featuredmedia":[{"embeddable":true,"href":"https:\/\/linitiative.ca\/International\/wp-json\/"}],"wp:attachment":[{"href":"https:\/\/linitiative.ca\/International\/wp-json\/wp\/v2\/media?parent=32519"}],"wp:term":[{"taxonomy":"category","embeddable":true,"href":"https:\/\/linitiative.ca\/International\/wp-json\/wp\/v2\/categories?post=32519"},{"taxonomy":"post_tag","embeddable":true,"href":"https:\/\/linitiative.ca\/International\/wp-json\/wp\/v2\/tags?post=32519"}],"curies":[{"name":"wp","href":"https:\/\/api.w.org\/{rel}","templated":true}]}}