{"id":32543,"date":"2019-05-06T15:14:30","date_gmt":"2019-05-06T19:14:30","guid":{"rendered":"https:\/\/linitiative.ca\/International\/divers-nos-internationaux-souhaite-un-bon-ramadan-aux-musulmans\/"},"modified":"2019-05-06T15:14:30","modified_gmt":"2019-05-06T19:14:30","slug":"divers-nos-internationaux-souhaite-un-bon-ramadan-aux-musulmans","status":"publish","type":"post","link":"https:\/\/linitiative.ca\/International\/divers-nos-internationaux-souhaite-un-bon-ramadan-aux-musulmans\/","title":{"rendered":"Divers : Nos internationaux souhaite un bon ramadan aux musulmans"},"content":{"rendered":"<div readability=\"32\">\n<p>Auteur : <span class=\"time\">lundi 06 mai 2019 19:23<\/span><\/p>\n<\/div>\n<div id=\"post_core\" readability=\"40\">\n<p>Riyad Mahrez a, par exemple, transmis ses voeux de bonne sant\u00e9 \u00e0 l&rsquo;ensemble des musulmans \u00e0 l&rsquo;occasion du d\u00e9but du mois sacr\u00e9. Faouzi Ghoulam a lui aussi partag\u00e9 un message pour souhaiter un bon ramadan \u00e0 tous les musulmans, tout en ayant une pens\u00e9e pour les plus d\u00e9munis.<\/p>\n<p>Le joueur d&rsquo;Empoli Isma\u00ebl Bennacer a emboit\u00e9 le pas \u00e0 ses co\u00e9quipiers de la s\u00e9lection nationale en souhaitant lui aussi un bon ramadan \u00e0 la communaut\u00e9 musulmane.<\/p>\n<p><img decoding=\"async\" alt=\"\" src=\"http:\/\/cdn.elheddaf.com\/data\/images\/article\/thumbs\/large-%D9%86%D8%AC%D9%88%D9%85-%D8%A7%D9%84%D8%AE%D8%B6%D8%B1-%D9%8A%D9%87%D9%86%D8%A6%D9%88%D9%86-%D8%A7%D9%84%D8%AC%D8%B2%D8%A7%D8%A6%D8%B1%D9%8A%D9%8A%D9%86-%D9%88%D8%A7%D9%84%D8%A3%D9%85%D8%A9-%D8%A7%D9%84%D8%A5%D8%B3%D9%84%D8%A7%D9%85%D9%8A%D8%A9-%D8%A8%D8%AD%D9%84%D9%88%D9%84-%D8%B4%D9%87%D8%B1-%D8%B1%D9%85%D8%B6%D8%A7%D9%86-72256.png\" class=\"c1\"\/><\/p>\n<p><strong>Publi\u00e9 dans :<\/strong> <span>algerie<\/span><\/p>\n<\/div>\n<p>Auteur:<br \/>\n<a href=\"http:\/\/www.lebuteur.com\/article\/detail?titre=nos-internationaux-souhaite-un-bon-ramadan-aux-musulmans&#038;id=88589&#038;utm_source=feedburner&#038;utm_medium=feed&#038;utm_campaign=Feed%3A+GalerieFArtciles+%28Les+derniers+articles++-+lebuteur.com%29\">Cliquez ici pour lire l&rsquo;article depuis sa source.<\/a><\/p>\n","protected":false},"excerpt":{"rendered":"<p>Auteur : lundi 06 mai 2019 19:23 Riyad Mahrez a, par exemple, transmis ses voeux de bonne sant\u00e9 \u00e0 l&rsquo;ensemble des musulmans \u00e0 l&rsquo;occasion du d\u00e9but du mois sacr\u00e9. Faouzi Ghoulam a lui aussi partag\u00e9 un message pour souhaiter un bon ramadan \u00e0 tous les musulmans, tout en ayant une pens\u00e9e pour les plus d\u00e9munis. [&hellip;]<\/p>\n","protected":false},"author":1738,"featured_media":0,"comment_status":"closed","ping_status":"closed","sticky":false,"template":"","format":"standard","meta":{"fifu_image_url":"","fifu_image_alt":"","footnotes":""},"categories":[53,75],"tags":[],"class_list":["post-32543","post","type-post","status-publish","format-standard","hentry","category-algerie","category-sport"],"_links":{"self":[{"href":"https:\/\/linitiative.ca\/International\/wp-json\/wp\/v2\/posts\/32543","targetHints":{"allow":["GET"]}}],"collection":[{"href":"https:\/\/linitiative.ca\/International\/wp-json\/wp\/v2\/posts"}],"about":[{"href":"https:\/\/linitiative.ca\/International\/wp-json\/wp\/v2\/types\/post"}],"author":[{"embeddable":true,"href":"https:\/\/linitiative.ca\/International\/wp-json\/wp\/v2\/users\/1738"}],"replies":[{"embeddable":true,"href":"https:\/\/linitiative.ca\/International\/wp-json\/wp\/v2\/comments?post=32543"}],"version-history":[{"count":0,"href":"https:\/\/linitiative.ca\/International\/wp-json\/wp\/v2\/posts\/32543\/revisions"}],"wp:attachment":[{"href":"https:\/\/linitiative.ca\/International\/wp-json\/wp\/v2\/media?parent=32543"}],"wp:term":[{"taxonomy":"category","embeddable":true,"href":"https:\/\/linitiative.ca\/International\/wp-json\/wp\/v2\/categories?post=32543"},{"taxonomy":"post_tag","embeddable":true,"href":"https:\/\/linitiative.ca\/International\/wp-json\/wp\/v2\/tags?post=32543"}],"curies":[{"name":"wp","href":"https:\/\/api.w.org\/{rel}","templated":true}]}}