{"id":32544,"date":"2019-05-06T15:19:07","date_gmt":"2019-05-06T19:19:07","guid":{"rendered":"https:\/\/linitiative.ca\/International\/8-mai-1945-a-setif-aux-cris-de-min-djibalina-en-ce-dimanche-5-mai-sous-un-ciel-menacant-tantot-de-bleu-glacial-tantot-de-gris-bas-comme-pour-annoncer-levenement-et-revei\/"},"modified":"2019-05-06T15:19:07","modified_gmt":"2019-05-06T19:19:07","slug":"8-mai-1945-a-setif-aux-cris-de-min-djibalina-en-ce-dimanche-5-mai-sous-un-ciel-menacant-tantot-de-bleu-glacial-tantot-de-gris-bas-comme-pour-annoncer-levenement-et-revei","status":"publish","type":"post","link":"https:\/\/linitiative.ca\/International\/8-mai-1945-a-setif-aux-cris-de-min-djibalina-en-ce-dimanche-5-mai-sous-un-ciel-menacant-tantot-de-bleu-glacial-tantot-de-gris-bas-comme-pour-annoncer-levenement-et-revei\/","title":{"rendered":"8 Mai 1945 \u00e0 S\u00e9tif :  Aux cris de \u00ab Min Djibalina \u00bb  En ce dimanche 5 mai, sous un ciel mena\u00e7ant, tant\u00f4t de bleu glacial, tant\u00f4t de gris bas, comme pour annoncer l\u2019\u00e9v\u00e9nement et r\u00e9veiller de sombres images de la m\u00e9moire qui n\u2019a jamais oubli\u00e9, la population"},"content":{"rendered":"<p>Face \u00e0 la st\u00e8le Saal-Bouzid , avenue du 8-Mai 1945, des ouvriers de l\u2019APC s\u2019attellent \u00e0 redonner de la couleur \u00e0 ce bout de la ville martyr qui n\u2019a pas oubli\u00e9 et qui se r\u00e9veille chaque ann\u00e9e \u00e0 la dimension de la forte symbolique que pr\u00e9serve jalousement cette place du souvenir encore grav\u00e9 sur le buste du premier martyr de ces massacres, abattu alors qu\u2019il refusait de baisser l\u2019embl\u00e8me national. En ce jour qui atteste encore de la r\u00e9pression \u00e0 son paroxysme \u00e0 S\u00e9tif, Kheratta, Ain El Kebira, Amouchas, Beni Azziz, Babor et dans d\u2019autres contr\u00e9es noy\u00e9es dans le sang, \u00abon applique le principe des repr\u00e9sailles collectives. Le seul bon arabe est l\u2019Arabe mort\u00bb, le colonialisme fran\u00e7ais l\u00e2chera alors, autour de toutes ces localit\u00e9s, des S\u00e9n\u00e9galais, des l\u00e9gionnaires qui massacreront et violeront en toute libert\u00e9 dans cette chasse sans limites \u00e0 l\u2019Arabe que l\u2019on abat sommairement.<\/p>\n<p><strong>Le drame de la libert\u00e9<\/strong><\/p>\n<p>74 ann\u00e9es apr\u00e8s, S\u00e9tif se souvient de ce crime rest\u00e9 impuni et comm\u00e9more dans la dignit\u00e9 l\u2019effroyable anniversaire de ce que furent, un jour, ces massacres sanglants, v\u00e9ritable g\u00e9nocide dont les s\u00e9quelles atroces sont plus que jamais pr\u00e9sentes dans la m\u00e9moire secou\u00e9e d\u2019une nation qui perdait alors 45 000 de ses enfants dans des circonstances odieusement pr\u00e9m\u00e9dit\u00e9es par l\u2019occupant mais qui symbolise la d\u00e9termination d\u2019un peuple plus que jamais d\u00e9cid\u00e9 \u00e0 se d\u00e9faire du joug colonial.\u00a0<\/p>\n<p>Mardi 8 Mai 1945, un jour de march\u00e9 hebdomadaire qui bascula dans un bain de sang. Ce matin-l\u00e0, le ciel vire au gris bleu annonciateur du drame de la libert\u00e9. Un mardi d\u2019affluence de toutes les contr\u00e9es de cette r\u00e9gion pour aller, comme de tradition, \u00e0 la rencontre et aux nouvelles, le temps de quelques achats.<\/p>\n<p>Ce jour-l\u00e0, l\u2019information tourne tr\u00e8s vite et des milliers de citoyens se rassemblent \u00e0 proximit\u00e9 de la mosqu\u00e9e Abou Dher el Ghafari \u00e9difi\u00e9e \u00e0 partir de fonds collect\u00e9s aupr\u00e8s du peuple.<\/p>\n<p>Au fur et \u00e0 mesure que les minutes s\u2019\u00e9gr\u00e8nent, la foule prend des proportions importantes et ne passe pas inaper\u00e7ue aux yeux des policiers fran\u00e7ais qui en informent aussit\u00f4t leurs responsables et agissent d\u00e9j\u00e0 en se plantant aux endroits et coins sensibles, et certainement les plus appropri\u00e9s pour mettre en \u0153uvre leur plan macabre face \u00e0 cette mar\u00e9e humaine qui s\u2019appr\u00eate \u00e0 longer le parcours de la libert\u00e9 dans une dimension pacifique puisque les encadreurs de cette marche \u00e0 caract\u00e8re politique d\u00e9sarmeront m\u00eame de leurs cannes les milliers de participants.<\/p>\n<p>\u00abNous voulions montrer \u00e0 l\u2019occupant une grande force, sans l\u2019utiliser\u00bb, me confiait un jour le regrett\u00e9 Abdelkader Yala, responsable scout, \u00e0 l\u2019\u0153uvre dans l\u2019encadrement de cette marche.<\/p>\n<p><strong>Interrogatoires et intimidations<\/strong><\/p>\n<p>Quelques instants plus tard, des responsables alg\u00e9riens d\u00e9j\u00e0 marqu\u00e9s politiquement, \u00e0 l\u2019instar de Mahmoud Guenifi, Belkired Hassene, pr\u00e9sident du groupe scout El Hayet, Haffad Hocine, Abdelkader Yala et d\u2019autres personnalit\u00e9s influentes sont convoqu\u00e9es par le sous-pr\u00e9fet. A l\u2019origine de cette interpellation on retrouvera le commissaire central et un de ses adjoints dont l\u2019\u0153uvre sanglante est encore tristement c\u00e9l\u00e8bre.<\/p>\n<p>\u00abSi c\u2019est pour f\u00eater l\u2019armistice, pourquoi ne vous joignez-vous pas \u00e0 nous et la f\u00eate n\u2019en sera que plus grande\u00bb, dira le sous-pr\u00e9fet qui, dans cette forte dose d\u2019intimidation, reprochera aux responsables alg\u00e9riens d\u2019exposer des enfants scouts \u00e0 un danger certain avant de s\u2019interroger de nouveau sur le caract\u00e8re patriotique ou politique de cette marche. Les m\u00eames responsables pr\u00e9sents dans son bureau \u00e9voquent \u00e0 leur tour ce jour de grande affluence qu\u2019il fallait mettre \u00e0 profit et n\u2019obtiennent l\u2019accord pour une marche pacifique que vers 9 heures.<\/p>\n<p>La foule compacte, \u00e9voluant en rangs ordonn\u00e9s, s\u2019\u00e9branle alors, pr\u00e9c\u00e9d\u00e9e par les Scouts musulmans, pour traverser une partie de l\u2019actuelle rue Ben-Mhidi avant de d\u00e9boucher sur la grande avenue George-Cl\u00e9menceau (actuelle avenue du 8-Mai 1945), brandissant les embl\u00e8mes des pays alli\u00e9s et le drapeau alg\u00e9rien en t\u00eate. Sur les nombreuses banderoles on pouvait lire \u00abAlg\u00e9rie Libre\u00bb, \u00abLib\u00e9rez Messali El Hadj\u00bb, \u00abVive la charte de San Fransisco\u00bb, \u00abLib\u00e9rez les d\u00e9tenus politiques\u00bb et bien d\u2019autres slogans \u00e0 forte port\u00e9e politique.<\/p>\n<p><strong>Saal Bouzid s\u2019\u00e9croule<\/strong><\/p>\n<p>Les chants patriotiques des Scouts musulmans \u00abHayou Chamel\u00bb, \u00abMin Djibalina\u00bb, salu\u00e9s par des youyous stridents de femmes en Mlaya sonn\u00e8rent le ralliement de plusieurs autres milliers de S\u00e9tifiens enthousiastes. L\u2019embl\u00e8me national est port\u00e9 par le jeune Saal Bouzid qui allait devenir quelques minutes plus tard le premier martyr de ces massacres aveugles.<\/p>\n<p>Arriv\u00e9 \u00e0 hauteur de l\u2019ancien caf\u00e9 de France, les manifestants sont pris \u00e0 partie par des policiers fran\u00e7ais en civil. Le commissaire Olivieri, offusqu\u00e9 \u00e0 la vue du drapeau alg\u00e9rien, se dirige vers la t\u00eate du cort\u00e8ge et ordonne que l\u2019on abaisse les couleurs et les banderoles nationalistes. Des murmures s\u2019ensuivent puis le silence du refus est d\u00e9chir\u00e9 par de vibrants youyous.<\/p>\n<p>\u00a0C\u2019est alors que le commissaire sort son r\u00e9volver et tire, atteignant mortellement le jeune Saal Bouzid, 22 ans, qui s\u2019\u00e9croule au pied du pilier sur lequel est dress\u00e9 aujourd\u2019hui son buste.\u00a0<\/p>\n<p>Dans un sc\u00e9nario pr\u00e9alablement \u00e9tabli, des dizaines de policiers surgirent de toutes parts, des voitures stationn\u00e9es aux alentours et des bars voisins, provoquant la panique et la confusion. Cet assassinat sonna la charge d\u2019une r\u00e9pression barbare qui ne tarda pas \u00e0 s\u2019\u00e9tendre \u00e0 toute la r\u00e9gion, o\u00f9 la chasse \u00e0 l\u2019Arabe constituait d\u00e8s lors le mot d\u2019ordre des troupes fran\u00e7aises dont les responsables d\u00e9cr\u00e8tent le lendemain vers 13 heures l\u2019\u00e9tat de si\u00e8ge.<\/p>\n<p><strong>\u00a0Une morgue \u00e0 ciel ouvert<\/strong><\/p>\n<p>Alors que les prisons et les casernes sont pleines de citoyens alg\u00e9riens, le g\u00e9n\u00e9ral Duval se d\u00e9place \u00e0 Constantine accompagn\u00e9 de ses troupes pour transformer S\u00e9tif et les localit\u00e9s environnantes en morgue \u00e0 ciel ouvert. Partout des morts : \u00e0 El Ouricia, Ain Abessa, Beni Azziz, Ain el Kebira, Amouchas, Babor et Kherrata ou dans l\u2019oued Agrioune ; le capitaine de gendarmerie Petit-gars, le commissaire de la police judiciaire de Setif Olivieri et le commissaire Tort, chef de la police d\u2019\u00e9tat, sont unanimes pour passer \u00abtous les coupables\u00bb et \u00abresponsables de ce mouvement par les armes\u00bb. Des milices se forment sous la direction des deux officiers de la protection civile Demongean et Rossi qui tuent et br\u00fblent sans r\u00e9pit. Les morts sont jet\u00e9s dans des fosses communes\u2026\u00a0<\/p>\n<p>Au moment o\u00f9 l\u2019horreur atteint son paroxysme, nos fr\u00e8res h\u00e9ros de Cassino, d\u00e9chir\u00e9s par une guerre sans merci alors qu\u2019ils combattaient aux c\u00f4t\u00e9s de soldats fran\u00e7ais, assisteront \u00e0 leur tour \u00e0 la liquidation des leurs, par celui-l\u00e0 m\u00eame qu\u2019ils d\u00e9fendaient: triste reconnaissance d\u2019une promesse qui ne fut jamais honor\u00e9e sinon par un crime contre l\u2019humanit\u00e9. Pire ! Dans son rapport n\u00b0 5240 du 18 mai 1945, et son amn\u00e9sie volontaire, le commissaire Tort ira jusqu\u2019\u00e0 inverser les r\u00f4les en \u00e9crivant notamment que \u00abla population europ\u00e9enne, effray\u00e9e par l\u2019insurrection, demande que tous les coupables et les responsables de ce mouvement soient impitoyablement pass\u00e9s par les armes. Elle d\u00e9clare qu\u2019\u00e0 ce prix seulement les Fran\u00e7ais pourront vivre en Alg\u00e9rie, terre fran\u00e7aise ; elle estime qu\u2019\u00e0 ce jour, la r\u00e9pression est nettement insuffisante pour S\u00e9tif. Elle r\u00e9clame des armes pour assurer sa propre s\u00e9curit\u00e9 et se faire justice\u00bb.\u00a0<\/p>\n<p><strong>F. Zoghbi<\/strong><\/p>\n<p>Auteur: elmoudjahid<br \/>\n<a href=\"http:\/\/www.elmoudjahid.com\/fr\/actualites\/136660\">Cliquez ici pour lire l&rsquo;article depuis sa source.<\/a><\/p>\n","protected":false},"excerpt":{"rendered":"<p>Face \u00e0 la st\u00e8le Saal-Bouzid , avenue du 8-Mai 1945, des ouvriers de l\u2019APC s\u2019attellent \u00e0 redonner de la couleur \u00e0 ce bout de la ville martyr qui n\u2019a pas oubli\u00e9 et qui se r\u00e9veille chaque ann\u00e9e \u00e0 la dimension de la forte symbolique que pr\u00e9serve jalousement cette place du souvenir encore grav\u00e9 sur le [&hellip;]<\/p>\n","protected":false},"author":1744,"featured_media":0,"comment_status":"closed","ping_status":"closed","sticky":false,"template":"","format":"standard","meta":{"fifu_image_url":"","fifu_image_alt":"","footnotes":""},"categories":[73,53],"tags":[],"class_list":["post-32544","post","type-post","status-publish","format-standard","hentry","category-actualite","category-algerie"],"_links":{"self":[{"href":"https:\/\/linitiative.ca\/International\/wp-json\/wp\/v2\/posts\/32544","targetHints":{"allow":["GET"]}}],"collection":[{"href":"https:\/\/linitiative.ca\/International\/wp-json\/wp\/v2\/posts"}],"about":[{"href":"https:\/\/linitiative.ca\/International\/wp-json\/wp\/v2\/types\/post"}],"author":[{"embeddable":true,"href":"https:\/\/linitiative.ca\/International\/wp-json\/wp\/v2\/users\/1744"}],"replies":[{"embeddable":true,"href":"https:\/\/linitiative.ca\/International\/wp-json\/wp\/v2\/comments?post=32544"}],"version-history":[{"count":0,"href":"https:\/\/linitiative.ca\/International\/wp-json\/wp\/v2\/posts\/32544\/revisions"}],"wp:attachment":[{"href":"https:\/\/linitiative.ca\/International\/wp-json\/wp\/v2\/media?parent=32544"}],"wp:term":[{"taxonomy":"category","embeddable":true,"href":"https:\/\/linitiative.ca\/International\/wp-json\/wp\/v2\/categories?post=32544"},{"taxonomy":"post_tag","embeddable":true,"href":"https:\/\/linitiative.ca\/International\/wp-json\/wp\/v2\/tags?post=32544"}],"curies":[{"name":"wp","href":"https:\/\/api.w.org\/{rel}","templated":true}]}}