{"id":32546,"date":"2019-05-06T15:19:12","date_gmt":"2019-05-06T19:19:12","guid":{"rendered":"https:\/\/linitiative.ca\/International\/marches-de-proximite-des-prix-defiant-toute-concurrence\/"},"modified":"2019-05-06T15:19:12","modified_gmt":"2019-05-06T19:19:12","slug":"marches-de-proximite-des-prix-defiant-toute-concurrence","status":"publish","type":"post","link":"https:\/\/linitiative.ca\/International\/marches-de-proximite-des-prix-defiant-toute-concurrence\/","title":{"rendered":"March\u00e9s de proximit\u00e9 :  Des prix d\u00e9fiant  toute concurrence"},"content":{"rendered":"<p>Pas moins de 250 tonnes de tomates et 200 tonnes de dattes seront mises sur le march\u00e9 durant ce mois de Ramadhan. L\u2019annonce vient d\u2019\u00eatre faite, hier, par le pr\u00e9sident-directeur g\u00e9n\u00e9ral\u00a0 du Groupe de valorisation des produits agricoles (GVAPRO).<\/p>\n<div readability=\"100\">\n<p>S\u2019exprimant lors d\u2019une conf\u00e9rence de presse qu\u2019il a anim\u00e9e \u00e0 la veille du ramadhan, M. Mustapha Belhanini a soulign\u00e9 que ces quantit\u00e9s \u00e9normes ont \u00e9t\u00e9 fournies pour \u00ab lutter contre le monopole\u00bb et par voie de cons\u00e9quence \u00abcasser les prix\u00bb. Le responsable r\u00e9v\u00e9lera, par la m\u00eame occasion, qu\u2019au niveau de la capitale, par exemple, les tomates seront c\u00e9d\u00e9es au prix de 80 DA au lieu de 100, au niveau des trois march\u00e9s de proximit\u00e9 qui sont initi\u00e9es en partenariat avec l\u2019Union g\u00e9n\u00e9rale des travailleurs alg\u00e9riens (UGTA). Poursuivant ses propos, le conf\u00e9rencier fait remarquer dans ce m\u00eame contexte que la tomate n\u2019est pas un fruit de saison et que sa r\u00e9colte (qu\u2019elle soit produite au niveau des serres ou qu\u2019elle soit de saison) aura lieu au mois de juin prochain.\u00a0<\/p>\n<p>En ce qui concerne les dattes, celles-ci seront propos\u00e9es \u00e0 150 dinars pour la bo\u00eete de 500 grammes. Pour le reste des produits mara\u00eechers, \u00e0 l\u2019image de la courgette, il fera savoir que ces l\u00e9gumes seront disponibles en grandes quantit\u00e9s au niveau de ces march\u00e9s, plus connus sous le nom Souk Errahama, \u00e0 partir de la deuxi\u00e8me quinzaine du mois de ramadhan.\u00a0 Il faut dire que comme chaque ann\u00e9e, en ce mois de pi\u00e9t\u00e9 et de solidarit\u00e9 par excellence, nombreux sont les march\u00e9s de proximit\u00e9 qui viennent d\u2019ouvrir dans grand nombre de communes du pays. Ces espaces de vente sont tr\u00e8s visit\u00e9s par les citoyens qui trouvent dans ces lieux le juste prix au bon produit. L\u2019on apprend qu\u2019il est pr\u00e9vu la cr\u00e9ation, dans ce cadre, de pas moins de 587 \u00abAswak\u00bb et march\u00e9s de proximit\u00e9 couverts devant porter ainsi le nombre global d\u2019espaces de vente \u00e0 plus de 1.300, pour couvrir les besoins de la population et d\u00e9gager, par la m\u00eame, quelque 13.000 emplois.\u00a0<\/p>\n<p>L\u2019on signale, par ailleurs, l\u2019importation de 116.000 tonnes de fruits, \u00e0 l\u2019instar de la banane, de la pomme ou encore de la poire.\u00a0<\/p>\n<p>N\u00e9anmoins, comme pour l\u2019importation des bananes, qui se fait sans imposition de quotas cette ann\u00e9e, les autorisations d\u00e9livr\u00e9es se limitant uniquement \u00e0 la conformit\u00e9 aux r\u00e8gles sanitaires et phytosanitaires, celle-ci va donner lieu \u00e0 une baisse des prix sur les march\u00e9s.\u00a0<\/p>\n<p>\u00abLe prix de la banane ne d\u00e9passera pas les 250 DA\u00bb, ont assur\u00e9 dans ce contexte, les pouvoirs publics, soulignant que ce fruit aurait un r\u00f4le de stabilisateur des prix des autres fruits.\u00a0<\/p>\n<p>Pour ce qui est des l\u00e9gumes, c\u2019est le ministre du Commerce,\u00a0 M. Sa\u00efd Djellab, qui a annonc\u00e9 dimanche au Forum d\u2019El Moudjahid, que le march\u00e9 en sera inond\u00e9 gr\u00e2ce aux op\u00e9rations de d\u00e9stockages.\u00a0 \u00abLe probl\u00e8me r\u00e9curent durant le mois de Ramadhan est celui de la sp\u00e9culation. Pour y faire face, nous avons entrepris des actions, notamment des op\u00e9rations de d\u00e9stockage des produits, de sorte qu\u2019il y aurait dans l\u2019ensemble des wilayas des brigades qui veilleront aux op\u00e9rations de d\u00e9stockages \u00e0 tous les niveaux\u00bb, a d\u00e9clar\u00e9 M. Djellab. \u00abTout op\u00e9rateur que nous trouverons en train de faire du stockage \u00e0 des fins de sp\u00e9culation, nous enverrons directement son dossier \u00e0 la justice\u00bb, a-t-il mis en garde. \u00abNous avons commenc\u00e9 cette op\u00e9ration par les importateurs en suivant la trajectoire des produits alimentaires import\u00e9s\u00bb, a-t-il \u00e9galement soulign\u00e9.\u00a0<\/p>\n<p>Il a insist\u00e9 sur le fait que le gouvernement a d\u00e9cid\u00e9 de supprimer les DAPS pour \u00abapaiser la situation\u00bb et pr\u00e9server le pouvoir d\u2019achat des citoyens.\u00a0<\/p>\n<p>D\u2019autres produits, plus consomm\u00e9s lors du mois sacr\u00e9, seront disponibles suffisamment pour une dur\u00e9e de 6 mois tels que les pois-chiches (26.299 tonnes), les lentilles (23.855 tonnes) et les haricots blancs (16.063 tonnes), comme annonc\u00e9 r\u00e9cemment. Autre remarque importante \u00e0 retenir, dans ce m\u00eame sillage, il est garanti une r\u00e9serve de 99.219 tonnes de poudre de lait. Cette quantit\u00e9 suffisante peut r\u00e9pondre aux besoins des citoyens pour une p\u00e9riode de cinq mois. Elle permettra donc d\u2019\u00e9viter une p\u00e9nurie en lait, en ce mois de ramadhan, et de r\u00e9pondre largement \u00e0 toute la demande exprim\u00e9e durant cette p\u00e9riode.<\/p>\n<p>Pour ce qui concerne les viandes, l\u2019on souligne la disponibilit\u00e9 en cette p\u00e9riode de l\u2019ann\u00e9e, de 185.991 tonnes de viandes rouges et blanches (locales, import\u00e9es et congel\u00e9es) qui seront vendues \u00e0 des prix raisonnables. Selon les chiffres communiqu\u00e9s, la quantit\u00e9 de viandes blanches devant \u00eatre mises sur le march\u00e9 local, en ce mois b\u00e9ni de ramadhan, s\u2019\u00e9l\u00e8ve \u00e0 60.339 tonnes, contre 56.032 tonnes de viandes rouges locales, outre 47.500 tonnes de viandes bovines congel\u00e9es import\u00e9es et 22.120 tonnes de viandes bovines fra\u00eeches (import\u00e9es \u00e9galement) . Ces quantit\u00e9s de viandes qualifi\u00e9es d\u2019importantes sont \u00e0 m\u00eame de couvrir \u00abune grande partie\u00bb des besoins nationaux.\u00a0<\/p>\n<p><strong>Soraya Guemmouri<\/strong><\/p>\n<\/div>\n<p>Auteur: elmoudjahid<br \/>\n<a href=\"http:\/\/www.elmoudjahid.com\/fr\/actualites\/136662\">Cliquez ici pour lire l&rsquo;article depuis sa source.<\/a><\/p>\n","protected":false},"excerpt":{"rendered":"<p>Pas moins de 250 tonnes de tomates et 200 tonnes de dattes seront mises sur le march\u00e9 durant ce mois de Ramadhan. L\u2019annonce vient d\u2019\u00eatre faite, hier, par le pr\u00e9sident-directeur g\u00e9n\u00e9ral\u00a0 du Groupe de valorisation des produits agricoles (GVAPRO). S\u2019exprimant lors d\u2019une conf\u00e9rence de presse qu\u2019il a anim\u00e9e \u00e0 la veille du ramadhan, M. Mustapha [&hellip;]<\/p>\n","protected":false},"author":1744,"featured_media":0,"comment_status":"closed","ping_status":"closed","sticky":false,"template":"","format":"standard","meta":{"fifu_image_url":"","fifu_image_alt":"","footnotes":""},"categories":[73,53],"tags":[],"class_list":["post-32546","post","type-post","status-publish","format-standard","hentry","category-actualite","category-algerie"],"_links":{"self":[{"href":"https:\/\/linitiative.ca\/International\/wp-json\/wp\/v2\/posts\/32546","targetHints":{"allow":["GET"]}}],"collection":[{"href":"https:\/\/linitiative.ca\/International\/wp-json\/wp\/v2\/posts"}],"about":[{"href":"https:\/\/linitiative.ca\/International\/wp-json\/wp\/v2\/types\/post"}],"author":[{"embeddable":true,"href":"https:\/\/linitiative.ca\/International\/wp-json\/wp\/v2\/users\/1744"}],"replies":[{"embeddable":true,"href":"https:\/\/linitiative.ca\/International\/wp-json\/wp\/v2\/comments?post=32546"}],"version-history":[{"count":0,"href":"https:\/\/linitiative.ca\/International\/wp-json\/wp\/v2\/posts\/32546\/revisions"}],"wp:attachment":[{"href":"https:\/\/linitiative.ca\/International\/wp-json\/wp\/v2\/media?parent=32546"}],"wp:term":[{"taxonomy":"category","embeddable":true,"href":"https:\/\/linitiative.ca\/International\/wp-json\/wp\/v2\/categories?post=32546"},{"taxonomy":"post_tag","embeddable":true,"href":"https:\/\/linitiative.ca\/International\/wp-json\/wp\/v2\/tags?post=32546"}],"curies":[{"name":"wp","href":"https:\/\/api.w.org\/{rel}","templated":true}]}}