{"id":32547,"date":"2019-05-06T15:19:14","date_gmt":"2019-05-06T19:19:14","guid":{"rendered":"https:\/\/linitiative.ca\/International\/fruits-et-legumes-en-hausse\/"},"modified":"2019-05-06T15:19:14","modified_gmt":"2019-05-06T19:19:14","slug":"fruits-et-legumes-en-hausse","status":"publish","type":"post","link":"https:\/\/linitiative.ca\/International\/fruits-et-legumes-en-hausse\/","title":{"rendered":"Fruits et l\u00e9gumes :  En hausse"},"content":{"rendered":"<p>Les temp\u00e9ratures sont mont\u00e9es d\u2019un cran au premier jour du mois sacr\u00e9 du ramadhan, la mercuriale aussi. Un constat relev\u00e9 avec amertume et d\u00e9ception par les consommateurs, notamment ceux \u00e0 faible revenu. Si certains produits sont rest\u00e9s relativement dans les \u00abnormes\u00bb, d\u2019autres par contre, ont connu des augmentations en d\u00e9pit des assurances des responsables du secteur qui \u00e9voquaient \u00e0 la veille du ramadhan des prix de r\u00e9f\u00e9rence et des mesures restrictives pour dissuader les commer\u00e7ants r\u00e9calcitrants quant aux vell\u00e9it\u00e9s de sp\u00e9culation sur les prix.\u00a0<\/p>\n<p>On aura relev\u00e9, hier au niveau de certaines localit\u00e9s, \u00e0 l\u2019ouest de la capitale, \u00e0 l\u2019exemple d\u2019Ouled-Fayet, et Ch\u00e9raga, des hausses ayant touch\u00e9 les fruits et l\u00e9gumes, en particulier ceux de large consommation et dont la demande s\u2019av\u00e8re tr\u00e8s fortement exprim\u00e9e par les m\u00e9nag\u00e8res en cette p\u00e9riode de l\u2019ann\u00e9e. On peut citer l\u2019exemple de l\u2019oignon qui est pass\u00e9 \u00e0 85 DA\/kg, de la laitue c\u00e9d\u00e9e \u00e0 150 DA, les poivrons doux, concombre, tomate, ail, qui sont affich\u00e9s \u00e0 150 DA ou encore du citron dont le prix a carr\u00e9ment doubl\u00e9 pour atteindre 250 DA. Navet, carotte, betterave, fenouil sont c\u00e9d\u00e9s \u00e0 100 DA, alors que le poivron piquant, a atteint le seuil des 200 DA. Les l\u00e9gumes de saison comme l\u2019artichaut est propos\u00e9 \u00e0 120 DA et les petits-pois \u00e0 200 DA. C\u00f4t\u00e9 fruits, le prix de l\u2019orange qui reste tr\u00e8s pris\u00e9 durant ce mois-ci, se situe dans une fourchette entre 100 et 250 DA, selon la qualit\u00e9, du cantaloup est \u00e0 200 DA\/kg, tandis que la datte est propos\u00e9e entre 350 DA jusqu\u2019\u00e0 900 DA suivant la vari\u00e9t\u00e9 et la qualit\u00e9. La banane est plut\u00f4t rest\u00e9e dans ses niveaux, soit entre 250 et 280 DA\/kg et la fraise entre 250 et 300 DA.\u00a0<\/p>\n<p>Les viandes rouges n\u2019ont pas \u00e9chapp\u00e9 \u00e0 la r\u00e8gle puisque le kilogramme est c\u00e9d\u00e9 \u00e0 1.500 DA. Une situation qui rel\u00e8ve d\u2019une n\u00e9gligence des dispositions r\u00e9glementaires d\u2019autant plus que certains commer\u00e7ants ne daignent m\u00eame pas publier les prix, une infraction courante pourtant punie par la loi. Il va sans dire que le r\u00f4le des agents de contr\u00f4le reste primordial dans l\u2019action du minist\u00e8re du Commerce appel\u00e9e \u00e0 \u00eatre en harmonie avec les objectifs en mati\u00e8re de r\u00e9gulation des activit\u00e9s commerciales et de r\u00e9habilitation de l\u2019acte de commercer dans tout son sens. Une fonction centrale de par son impact sur la normalisation des transactions commerciales et qui exige, par cons\u00e9quent, une prise en charge r\u00e9elles des pr\u00e9occupations exprim\u00e9s par les agents charg\u00e9s du contr\u00f4le et du suivi des march\u00e9s ainsi que des contraintes rencontr\u00e9es lors de l\u2019exercice de leurs missions sur le terrain. Il est question \u00e9galement d\u2019\u0153uvrer dans le sens d\u2019une pleine applicabilit\u00e9 des textes adopt\u00e9s car la probl\u00e9matique majeure r\u00e9side, en d\u00e9finitive, dans la mise en \u0153uvre des lois.\u00a0<\/p>\n<p>La r\u00e9gulation et l\u2019organisation des activit\u00e9s commerciales, l\u2019encadrement et le suivi des pratiques commerciales et de la concurrence, la protection du consommateur, le contr\u00f4le de la qualit\u00e9, et le renforcement des capacit\u00e9s de contr\u00f4le constituent dans ce contexte les axes \u00e0 consolider dans le cadre de la d\u00e9marche du secteur du commerce visant \u00e0 normaliser l\u2019activit\u00e9 commerciale \u00e0 \u0153uvrer \u00e0 la loyaut\u00e9 dans les pratiques commerciales et \u00e0 lutter contre toutes formes de fraude et d\u2019infractions qui portent atteinte aux droits du consommateur. Aussi, l\u2019int\u00e9r\u00eat accord\u00e9 par les responsables en charge du secteur au renforcement des moyens et instruments de contr\u00f4le, en particulier, s\u2019inscrit dans cet objectif qui consiste \u00e0 r\u00e9organiser progressivement les circuits du commerce, \u00e0 moderniser l\u2019organisation et la gestion des march\u00e9s de gros, et en d\u00e9finitive, \u00e0 r\u00e9guler le march\u00e9 national qui reste livr\u00e9 au diktat des interm\u00e9diaires au d\u00e9triment du consommateur qui continue d\u2019en \u00eatre l\u2019otage.<\/p>\n<p><strong>\u00a0D. Akila<\/strong><\/p>\n<p>Auteur: elmoudjahid<br \/>\n<a href=\"http:\/\/www.elmoudjahid.com\/fr\/actualites\/136663\">Cliquez ici pour lire l&rsquo;article depuis sa source.<\/a><\/p>\n","protected":false},"excerpt":{"rendered":"<p>Les temp\u00e9ratures sont mont\u00e9es d\u2019un cran au premier jour du mois sacr\u00e9 du ramadhan, la mercuriale aussi. Un constat relev\u00e9 avec amertume et d\u00e9ception par les consommateurs, notamment ceux \u00e0 faible revenu. Si certains produits sont rest\u00e9s relativement dans les \u00abnormes\u00bb, d\u2019autres par contre, ont connu des augmentations en d\u00e9pit des assurances des responsables du [&hellip;]<\/p>\n","protected":false},"author":1744,"featured_media":0,"comment_status":"closed","ping_status":"closed","sticky":false,"template":"","format":"standard","meta":{"fifu_image_url":"","fifu_image_alt":"","footnotes":""},"categories":[73,53],"tags":[],"class_list":["post-32547","post","type-post","status-publish","format-standard","hentry","category-actualite","category-algerie"],"_links":{"self":[{"href":"https:\/\/linitiative.ca\/International\/wp-json\/wp\/v2\/posts\/32547","targetHints":{"allow":["GET"]}}],"collection":[{"href":"https:\/\/linitiative.ca\/International\/wp-json\/wp\/v2\/posts"}],"about":[{"href":"https:\/\/linitiative.ca\/International\/wp-json\/wp\/v2\/types\/post"}],"author":[{"embeddable":true,"href":"https:\/\/linitiative.ca\/International\/wp-json\/wp\/v2\/users\/1744"}],"replies":[{"embeddable":true,"href":"https:\/\/linitiative.ca\/International\/wp-json\/wp\/v2\/comments?post=32547"}],"version-history":[{"count":0,"href":"https:\/\/linitiative.ca\/International\/wp-json\/wp\/v2\/posts\/32547\/revisions"}],"wp:attachment":[{"href":"https:\/\/linitiative.ca\/International\/wp-json\/wp\/v2\/media?parent=32547"}],"wp:term":[{"taxonomy":"category","embeddable":true,"href":"https:\/\/linitiative.ca\/International\/wp-json\/wp\/v2\/categories?post=32547"},{"taxonomy":"post_tag","embeddable":true,"href":"https:\/\/linitiative.ca\/International\/wp-json\/wp\/v2\/tags?post=32547"}],"curies":[{"name":"wp","href":"https:\/\/api.w.org\/{rel}","templated":true}]}}