{"id":32548,"date":"2019-05-06T15:19:16","date_gmt":"2019-05-06T19:19:16","guid":{"rendered":"https:\/\/linitiative.ca\/International\/solidarite-preserver-la-dignite-des-beneficiaires\/"},"modified":"2019-05-06T15:19:16","modified_gmt":"2019-05-06T19:19:16","slug":"solidarite-preserver-la-dignite-des-beneficiaires","status":"publish","type":"post","link":"https:\/\/linitiative.ca\/International\/solidarite-preserver-la-dignite-des-beneficiaires\/","title":{"rendered":"Solidarit\u00e9 :  Pr\u00e9server la dignit\u00e9  des b\u00e9n\u00e9ficiaires"},"content":{"rendered":"<p>Ramadhan est le mois de la solidarit\u00e9 par excellence. L\u2019exp\u00e9rience de \u00abje\u00fbner\u00bb place un grand point d&rsquo;interrogation devant les je\u00fbneurs qui connaissent le sens de cette obligation, et sur laquelle ils se doivent de r\u00e9fl\u00e9chir lorsqu&rsquo;ils sentent la faim et la soif, ainsi que l&rsquo;amertume de la privation, \u00e9prouvant ainsi la m\u00eame souffrance que ressentent les pauvres et les d\u00e9munis\u00a0 hors du mois de Ramadhan.<\/p>\n<div readability=\"69\">\n<p>Ces derniers sont satisfaits quand ils savent qu\u2019ils ont sur leurs tables les m\u00eames repas que la plupart de leurs concitoyens qui partagent la m\u00eame foi et attendent tous la b\u00e9n\u00e9diction de Dieu. A Bordj-Bou-Arreridj, beaucoup de personnes ais\u00e9es financi\u00e8rement se mobilisent pour venir en aide \u00e0 leurs proches dans le besoin&#8230; L\u2019Etat aussi participe \u00e0 cet \u00e9lan de solidarit\u00e9 et consacre chaque ann\u00e9e des enveloppes importantes pour soulager les\u00a0<\/p>\n<p>d\u00e9munis. Dans cette wilaya o\u00f9 plus de\u00a0 23.000 familles de cette cat\u00e9gorie ont \u00e9t\u00e9 recens\u00e9es, pr\u00e9s de cent millions de dinars ont \u00e9t\u00e9 mobilis\u00e9s pour financer les couffins du ramadhan distribu\u00e9s \u00e0 ces familles. Quand on parle de couffin, nous pensons aux achats alimentaires effectu\u00e9s par ces d\u00e9munis durant cette p\u00e9riode car les structures de l\u2019Etat ne vont pas se charger de le faire, ce qui permet de corriger les erreurs pass\u00e9es.\u2008<\/p>\n<p>Outre l\u2019augmentation de la dotation qui passe \u00e0 6.000 dinars -au lieu des 3.000 habituels- la nouvelle formule qui consiste \u00e0 faire un virement de l\u2019aide octroy\u00e9e va permettre d\u2019assurer une transparence de l\u2019op\u00e9ration qui est caract\u00e9ris\u00e9e d\u00e9sormais par la tra\u00e7abilit\u00e9 en cas de contr\u00f4le et par la pr\u00e9servation de la dignit\u00e9 des personnes concern\u00e9es qui n\u2019auront plus \u00e0 se d\u00e9placer pour r\u00e9cup\u00e9rer leurs dus comme s\u2019ils demandaient l\u2019aum\u00f4ne, nous dit le directeur de l\u2019action sociale au niveau de la wilaya, M Abdelkader Dehimi . Le DAS de Bordj-Bou-Arreridj qui explique que les personnes concern\u00e9es ont \u00e9t\u00e9 invit\u00e9s \u00e0 ouvrir des comptes pour recevoir cette aide, indique que cette fa\u00e7on de faire \u00abassure m\u00eame une c\u00e9l\u00e9rit\u00e9 de l\u2019op\u00e9ration qui doit se terminer avant le d\u00e9but du mois sacr\u00e9. Toutes les APC de la wilaya ont commenc\u00e9 \u00e0 virer les sommes qui leur ont consacr\u00e9es par le biais de leurs receveurs. Ceux qui n\u2019ont pas encore de comptes recevront des mandats-poste avec le montant ad\u00e9quat\u00bb, pr\u00e9cise-t-il.<\/p>\n<p>Ces d\u00e9placements qui se traduisaient par des sc\u00e8nes de bousculades et de longues cha\u00eenes donnaient une pi\u00e8tre image de l\u2019op\u00e9ration, d\u00e9gradants m\u00eame pour les b\u00e9n\u00e9ficiaires. Les virements \u00e9vitent aux structures de l\u2019Etat, comme les APC, de se charger eux-m\u00eames de l\u2019approvisionnement en denr\u00e9es alimentaires. Souvent ces derni\u00e8res ne cadraient pas avec les besoins des personnes concern\u00e9es, quand elles ne sont pas de mauvaise qualit\u00e9 ! Les observateurs ont remarqu\u00e9 que certains produits n\u2019\u00e9taient pas adapt\u00e9s pour le ramadhan ou faisaient partie des articles de luxe.<\/p>\n<p>Avec de l\u2019argent en main propre, le d\u00e9muni ach\u00e8te ce qui lui manque surtout. Bien sur 6.000 dinars ne peuvent pas acheter grand-chose par les temps qui courent, mais tr\u00e8s utiles en ce mois sacr\u00e9.<\/p>\n<p>Le mouvement associatif\u00a0<\/p>\n<p>pr\u00e9sent sur le terrain<\/p>\n<p>N\u2019oublions que le mouvement associatif est \u00e9galement tr\u00e8s pr\u00e9sent dans ce domaine. Plusieurs associations de la wilaya de Bordj- Bou-Arreridj ont annonc\u00e9 avoir mobilis\u00e9 des aides cons\u00e9quentes pour les familles pauvres de la wilaya. Certaines d\u2019entre elles se sont sp\u00e9cialis\u00e9es dans les r\u00e9gions o\u00f9 elles sont implant\u00e9es. D\u2019autres ont choisi des cat\u00e9gories sp\u00e9cifiques comme les veuves et les orphelins.\u00a0 Mais ces associations n\u2019ont pas communiqu\u00e9 le nombre de citoyens touch\u00e9s ainsi que les sommes consenties.\u00a0<\/p>\n<p>Il faut dire que cette aide qui d\u00e9pend du soutien des donateurs particuliers se poursuit en se d\u00e9veloppant durant tout le mois. Le nombre des b\u00e9n\u00e9ficiaires pourraient augmenter sensiblement dans les prochains jours. Notons que les couffins octroy\u00e9s par l\u2019Etat pour les d\u00e9munis de la wilaya sont financ\u00e9s par le minist\u00e8re de la Solidarit\u00e9 \u00e0 hauteur de 17 millions de dinars, la wilaya avec 8 millions, les APC avec 55 millions et le Fonds de p\u00e9r\u00e9quation avec 19 millions.<\/p>\n<p>Ce qui a permis de couvrir tous les concern\u00e9s qui est en hausse par rapport \u00e0 l\u2019ann\u00e9e derni\u00e8re. En effet en 2018, les d\u00e9munis de la wilaya \u00e9taient de l\u2019ordre de 21.251\u00a0<\/p>\n<p>familles.<\/p>\n<p>Le chiffre qui a \u00e9t\u00e9 arr\u00eat\u00e9 par la DAS en collaboration avec les APC a fait l\u2019objet, rappelons-le, d\u2019enqu\u00eates avec les services concern\u00e9s comme la CNAS et la CASNO. Les listes envoy\u00e9es par les Assembl\u00e9es populaires communales ont \u00e9t\u00e9 assainies, note le DAS de la wilaya de Bordj-Bou- Arreridj.<\/p>\n<p>Fouad Daoud<\/p>\n<\/div>\n<p>Auteur: elmoudjahid<br \/>\n<a href=\"http:\/\/www.elmoudjahid.com\/fr\/actualites\/136664\">Cliquez ici pour lire l&rsquo;article depuis sa source.<\/a><\/p>\n","protected":false},"excerpt":{"rendered":"<p>Ramadhan est le mois de la solidarit\u00e9 par excellence. L\u2019exp\u00e9rience de \u00abje\u00fbner\u00bb place un grand point d&rsquo;interrogation devant les je\u00fbneurs qui connaissent le sens de cette obligation, et sur laquelle ils se doivent de r\u00e9fl\u00e9chir lorsqu&rsquo;ils sentent la faim et la soif, ainsi que l&rsquo;amertume de la privation, \u00e9prouvant ainsi la m\u00eame souffrance que ressentent [&hellip;]<\/p>\n","protected":false},"author":1744,"featured_media":0,"comment_status":"closed","ping_status":"closed","sticky":false,"template":"","format":"standard","meta":{"fifu_image_url":"","fifu_image_alt":"","footnotes":""},"categories":[73,53],"tags":[],"class_list":["post-32548","post","type-post","status-publish","format-standard","hentry","category-actualite","category-algerie"],"_links":{"self":[{"href":"https:\/\/linitiative.ca\/International\/wp-json\/wp\/v2\/posts\/32548","targetHints":{"allow":["GET"]}}],"collection":[{"href":"https:\/\/linitiative.ca\/International\/wp-json\/wp\/v2\/posts"}],"about":[{"href":"https:\/\/linitiative.ca\/International\/wp-json\/wp\/v2\/types\/post"}],"author":[{"embeddable":true,"href":"https:\/\/linitiative.ca\/International\/wp-json\/wp\/v2\/users\/1744"}],"replies":[{"embeddable":true,"href":"https:\/\/linitiative.ca\/International\/wp-json\/wp\/v2\/comments?post=32548"}],"version-history":[{"count":0,"href":"https:\/\/linitiative.ca\/International\/wp-json\/wp\/v2\/posts\/32548\/revisions"}],"wp:attachment":[{"href":"https:\/\/linitiative.ca\/International\/wp-json\/wp\/v2\/media?parent=32548"}],"wp:term":[{"taxonomy":"category","embeddable":true,"href":"https:\/\/linitiative.ca\/International\/wp-json\/wp\/v2\/categories?post=32548"},{"taxonomy":"post_tag","embeddable":true,"href":"https:\/\/linitiative.ca\/International\/wp-json\/wp\/v2\/tags?post=32548"}],"curies":[{"name":"wp","href":"https:\/\/api.w.org\/{rel}","templated":true}]}}