{"id":32553,"date":"2019-05-06T15:19:29","date_gmt":"2019-05-06T19:19:29","guid":{"rendered":"https:\/\/linitiative.ca\/International\/grand-angle-en-attendant-la-prochaine\/"},"modified":"2019-05-06T15:19:29","modified_gmt":"2019-05-06T19:19:29","slug":"grand-angle-en-attendant-la-prochaine","status":"publish","type":"post","link":"https:\/\/linitiative.ca\/International\/grand-angle-en-attendant-la-prochaine\/","title":{"rendered":"Grand angle : En attendant  la prochaine"},"content":{"rendered":"<p>L\u2019appel du secr\u00e9taire g\u00e9n\u00e9ral des Nations unies Antonio Guterres \u00e0 \u00abune retenue maximale\u00bb et une \u00abd\u00e9sescalade imm\u00e9diate\u00bb apr\u00e8s l&rsquo;intensification des hostilit\u00e9s entre Isra\u00ebl et les groupes arm\u00e9s de la bande de Ghaza a-t-il favoris\u00e9 l\u2019accord de cessez-le-feu entre les leaders palestiniens et Isra\u00ebl ? Son implication via aussi son envoy\u00e9 pour le Proche-Orient qui a travaill\u00e9 de pair avec l\u2019Egypte pour mettre un terme \u00e0 cette nouvelle agression, y est certainement pour quelque chose. Entr\u00e9 en vigueur hier, cet accord vient cl\u00f4turer un autre \u00e9pisode du conflit palestino-isra\u00e9lien. Mais le calme qui r\u00e8gne ce premier jour de Ramadhan \u00e0 Ghaza est loin d\u2019\u00eatre d\u00e9finitif. Il est et restera sous la menace d\u2019une nouvelle pouss\u00e9e de fi\u00e8vre tant que le conflit palestino-isra\u00e9lien n\u2019aura pas \u00e9t\u00e9 r\u00e9gl\u00e9. D\u00e8s lors faut-il s\u2019en persuader, les agressions isra\u00e9liennes ne s\u2019arr\u00eateront pas. Pis encore, elles dureront tant que Isra\u00ebl estimera qu\u2019il a le droit d\u2019agir comme bon lui semble car assur\u00e9 de l\u2019 impunit\u00e9 que lui procure son alli\u00e9 am\u00e9ricain. Le dernier tweet du pr\u00e9sident Trump est du reste sans \u00e9quivoque : \u00abNous soutenons Isra\u00ebl \u00e0 100% dans la d\u00e9fense de ses citoyens\u00bb, a-t-il r\u00e9it\u00e9r\u00e9. Le r\u00f4le de l\u2019administration Trump dans l\u2019exacerbation du conflit est d\u00e9sormais une v\u00e9rit\u00e9 admise par tous. Depuis son entr\u00e9e en fonction, le 45e locataire de la Maison-Blanche n\u2019a eu de cesse de rompre avec la politique historique des \u00c9tats-Unis sur la question palestinienne, foulant au pied les r\u00e9solutions de l\u2019ONU et le consensus international obtenu au bout de plusieurs ann\u00e9es d\u2019efforts diplomatiques d\u00e9ploy\u00e9s en vue de trouver une solution qui rend justice au peuple palestinien. Il en est ainsi de la solution \u00e0 deux Etats, d\u00e9fendue et pr\u00f4n\u00e9e par la communaut\u00e9 internationale. Toutefois le plan de paix que Jared Kushner gendre et conseiller du pr\u00e9sident Trump s\u2019appr\u00eate \u00e0 d\u00e9voiler veut d\u00e9finitivement enterrer cette option. Devant ce parti pris am\u00e9ricain, les efforts de l\u2019ONU ne serviront \u00e0 rien. Les incendies que l\u2019organisation \u00e9teint r\u00e9guli\u00e8rement demeurent toujours allum\u00e9s. Ainsi la derni\u00e8re flamb\u00e9e de violences en date remettait en cause un accord conclu fin mars.\u00a0<\/p>\n<p><strong>Nadia K.<\/strong><\/p>\n<p>Auteur: elmoudjahid<br \/>\n<a href=\"http:\/\/www.elmoudjahid.com\/fr\/actualites\/136669\">Cliquez ici pour lire l&rsquo;article depuis sa source.<\/a><\/p>\n","protected":false},"excerpt":{"rendered":"<p>L\u2019appel du secr\u00e9taire g\u00e9n\u00e9ral des Nations unies Antonio Guterres \u00e0 \u00abune retenue maximale\u00bb et une \u00abd\u00e9sescalade imm\u00e9diate\u00bb apr\u00e8s l&rsquo;intensification des hostilit\u00e9s entre Isra\u00ebl et les groupes arm\u00e9s de la bande de Ghaza a-t-il favoris\u00e9 l\u2019accord de cessez-le-feu entre les leaders palestiniens et Isra\u00ebl ? Son implication via aussi son envoy\u00e9 pour le Proche-Orient qui a [&hellip;]<\/p>\n","protected":false},"author":1744,"featured_media":0,"comment_status":"closed","ping_status":"closed","sticky":false,"template":"","format":"standard","meta":{"fifu_image_url":"","fifu_image_alt":"","footnotes":""},"categories":[73,53],"tags":[],"class_list":["post-32553","post","type-post","status-publish","format-standard","hentry","category-actualite","category-algerie"],"_links":{"self":[{"href":"https:\/\/linitiative.ca\/International\/wp-json\/wp\/v2\/posts\/32553","targetHints":{"allow":["GET"]}}],"collection":[{"href":"https:\/\/linitiative.ca\/International\/wp-json\/wp\/v2\/posts"}],"about":[{"href":"https:\/\/linitiative.ca\/International\/wp-json\/wp\/v2\/types\/post"}],"author":[{"embeddable":true,"href":"https:\/\/linitiative.ca\/International\/wp-json\/wp\/v2\/users\/1744"}],"replies":[{"embeddable":true,"href":"https:\/\/linitiative.ca\/International\/wp-json\/wp\/v2\/comments?post=32553"}],"version-history":[{"count":0,"href":"https:\/\/linitiative.ca\/International\/wp-json\/wp\/v2\/posts\/32553\/revisions"}],"wp:attachment":[{"href":"https:\/\/linitiative.ca\/International\/wp-json\/wp\/v2\/media?parent=32553"}],"wp:term":[{"taxonomy":"category","embeddable":true,"href":"https:\/\/linitiative.ca\/International\/wp-json\/wp\/v2\/categories?post=32553"},{"taxonomy":"post_tag","embeddable":true,"href":"https:\/\/linitiative.ca\/International\/wp-json\/wp\/v2\/tags?post=32553"}],"curies":[{"name":"wp","href":"https:\/\/api.w.org\/{rel}","templated":true}]}}