{"id":32554,"date":"2019-05-06T08:02:02","date_gmt":"2019-05-06T12:02:02","guid":{"rendered":"https:\/\/linitiative.ca\/International\/89116-basket-des-decisions-pour-relancer-le-championnat-la-relegation-gelee\/"},"modified":"2019-05-06T08:02:02","modified_gmt":"2019-05-06T12:02:02","slug":"89116-basket-des-decisions-pour-relancer-le-championnat-la-relegation-gelee","status":"publish","type":"post","link":"https:\/\/linitiative.ca\/International\/89116-basket-des-decisions-pour-relancer-le-championnat-la-relegation-gelee\/","title":{"rendered":"Basket: des d\u00e9cisions pour relancer le championnat, la rel\u00e9gation gel\u00e9e"},"content":{"rendered":"<div>\n<div class=\"K2FeedImage\"><img decoding=\"async\" src=\"http:\/\/www.aps.dz\/media\/k2\/items\/cache\/0d2aded1d49a8640c1976ec060bdde2e_S.jpg\" alt=\"Basket: des d\u00e9cisions pour relancer le championnat, la rel\u00e9gation gel\u00e9e\"><\/div>\n<div class=\"K2FeedIntroText\">\n<p><strong>ALGER &#8211; La F\u00e9d\u00e9ration alg\u00e9rienne de basket-ball (FABB) a pris des d\u00e9cisions \u00ab\u00a0exceptionnelles\u00a0\u00bb pour permettre le red\u00e9marrage du championnat masculin, \u00e0 l&rsquo;arr\u00eat depuis deux mois en raison notamment de la gr\u00e8ve des arbitres, a annonc\u00e9 l&rsquo;instance f\u00e9d\u00e9rale.<\/strong><\/p>\n<\/div>\n<div class=\"K2FeedFullText\">\n<p>Si les comp\u00e9titions ont repris le 1er mai avec le d\u00e9roulement de quelques matchs des 1\/8 de finale de Coupe d&rsquo;Alg\u00e9rie, le championnat de D1 est toujours suspendu (13 journ\u00e9es n&rsquo;ont pas \u00e9t\u00e9 jou\u00e9es) et il a fallu une r\u00e9union avec les pensionnaires de la Nationale 1 pour d\u00e9bloquer la situation.<\/p>\n<p>Le bureau f\u00e9d\u00e9ral de la FABB a d\u00e9cid\u00e9 ainsi la qualification des quatre meilleures \u00e9quipes (WO Boufarik 1er, NA Husse\u00efn-Dey 2e, GS P\u00e9troliers 3e et NB Staou\u00e9li 4e) pour disputer des demi-finales (un seul match) puis une finale sur terrain neutre, afin de d\u00e9cerner le titre de champion d&rsquo;Alg\u00e9rie.<\/p>\n<p>La FABB tient \u00e0 pr\u00e9ciser que \u00ab\u00a0la majorit\u00e9 des clubs ont souhait\u00e9 ne pas participer \u00e0 la suite des comp\u00e9titions\u00a0\u00bb vu leur \u00ab\u00a0situation financi\u00e8re difficile\u00a0\u00bb, d&rsquo;o\u00f9 la d\u00e9cision de continuer le championnat avec les quatre premiers.<\/p>\n<hr>\n<h3>Lire aussi:\u00a0<a href=\"http:\/\/www.aps.dz\/sport\/87216-fabb-gele-de-toutes-les-competitions-jusqu-a-l-election-d-un-nouveau-president\" target=\"_blank\" rel=\"noopener noreferrer\">FABB: gel de toutes les comp\u00e9titions jusqu&rsquo;\u00e0 l&rsquo;\u00e9lection d&rsquo;un nouveau pr\u00e9sident<\/a><\/h3>\n<hr>\n<p>Pour l&rsquo;USM Alger, l&rsquo;USM Blida et le CRB Dar El-Be\u00efda, respectivement 6e, 7e et 10e \u00e0 l&rsquo;issue de la 17e journ\u00e9e (la derni\u00e8re jou\u00e9e) et qui ont pr\u00e9f\u00e9r\u00e9 poursuivre la comp\u00e9tition, ils disputeront des matchs de classement en aller simple sur terrain neutre, ajoute la m\u00eame source qui rappelle \u00ab\u00a0l&rsquo;indisponibilit\u00e9 des salles \u00e0 compter du mois de juin 2019\u00a0\u00bb pour cause de campagne \u00e9lectorale.<\/p>\n<p>Concernant le bas du tableau, le bureau f\u00e9d\u00e9ral a d\u00e9cid\u00e9 de geler la rel\u00e9gation pour les \u00e9quipes class\u00e9es 15e et 16e, lesquelles joueront donc en Nationale 1 lors de la saison 2019-2020.<\/p>\n<p>Pour l&rsquo;accession, il a \u00e9t\u00e9 d\u00e9cid\u00e9 de faire monter les \u00e9quipes class\u00e9es 1\u00e8re et 2e de chaque groupe du deuxi\u00e8me palier vers la D1 au terme de l&rsquo;actuel exercice.<\/p>\n<p>La FABB insiste, dans son communiqu\u00e9 publi\u00e9 dimanche, que ces d\u00e9cisions viennent \u00ab\u00a0dans une conjoncture exceptionnelle\u00a0\u00bb et que son but est de cl\u00f4turer la saison sportive 2018-2019 \u00ab\u00a0dans les meilleurs d\u00e9lais\u00a0\u00bb.<\/p>\n<p>\u00a0<\/p>\n<p style=\"text-align: center;\"><strong>Zone de turbulences<\/strong><\/p>\n<p>\u00a0<\/p>\n<p>Le basket-ball alg\u00e9rien traverse des zones de turbulences cette saison avec, comme premi\u00e8re cons\u00e9quence, le d\u00e9but tardif des comp\u00e9titions en raison de la crise financi\u00e8re que traversent la majorit\u00e9 des clubs.<\/p>\n<p>M\u00eame le corps arbitral n&rsquo;a pas \u00e9chapp\u00e9 \u00e0 cette conjoncture, ce qui l&rsquo;a pouss\u00e9 \u00e0 entamer le 2 mars un mouvement de contestation qu&rsquo;il n&rsquo;a suspendu que mercredi dernier pour exiger le paiement de ses indemnit\u00e9s de la saison 2018-2019.<\/p>\n<p>Ce mouvement de gr\u00e8ve a conduit au rejet des bilans moral et financier de l&rsquo;ancien bureau ex\u00e9cutif de la FABB pr\u00e9sid\u00e9 par Ali Slimani. Un rejet qui a provoqu\u00e9 son d\u00e9part et son remplacement par Rabah Bouarifi lors de l&rsquo;assembl\u00e9e g\u00e9n\u00e9rale \u00e9lective organis\u00e9e le 20 avril dernier, pour le reste du mandat olympique 2017-2020.<\/p>\n<hr>\n<h3>Lire aussi:\u00a0<a href=\"http:\/\/www.aps.dz\/sport\/88338-ag-elective-de-la-fabb-composante-du-nouveau-bureau-federal\" target=\"_blank\" rel=\"noopener noreferrer\">AG \u00e9lective de la FABB: composante du nouveau bureau f\u00e9d\u00e9ral<\/a><\/h3>\n<hr>\n<p>Bouarifi, dont le bilan moral avait \u00e9t\u00e9 rejet\u00e9 \u00e0 la fin de son mandat en 2017, \u00e9tait sous le coup d&rsquo;une d\u00e9cision d&rsquo;in\u00e9gibilit\u00e9 du minist\u00e8re de la Jeunesse et des Sports sous El Hadi Ould Ali.<\/p>\n<p>Afin de pouvoir \u00eatre \u00e9lu \u00e0 la t\u00eate de la FABB, Bouarifi a \u00e9t\u00e9 r\u00e9habilit\u00e9 par les membres de l&rsquo;assembl\u00e9e g\u00e9n\u00e9rale, r\u00e9unis le 13 mars en session extraordinaire, profitant notamment de la d\u00e9cision du nouveau ministre Raouf Salim Bernaoui de r\u00e9tablir dans leurs droits les personnes \u00ab\u00a0injustement\u00a0\u00bb \u00e9cart\u00e9es par l&rsquo;administration.<\/p>\n<p>D\u00e8s son \u00e9lection, Bouarifi avait d\u00e9clar\u00e9 \u00e0 l&rsquo;APS que \u00ab\u00a0la priorit\u00e9 est de sauver la saison en cours avec la reprises des comp\u00e9titions nationales et le r\u00e8glement du litige avec les arbitres\u00a0\u00bb, annon\u00e7ant \u00e0 cette occasion une r\u00e9union avec les pr\u00e9sidents de club, qui s&rsquo;est finalement tenue le 23 avril, pour trouver une \u00ab\u00a0solution ad\u00e9quate\u00a0\u00bb.<\/p>\n<\/div>\n<p><img loading=\"lazy\" decoding=\"async\" src=\"http:\/\/feeds.feedburner.com\/~r\/aps-sport\/~4\/_ISiOpxoFik\" height=\"1\" width=\"1\" alt=\"\"><\/div>\n<p>Auteur:<br \/>\n<a href=\"http:\/\/www.aps.dz\/sport\/89116-basket-des-decisions-pour-relancer-le-championnat-la-relegation-gelee?utm_source=feedburner&#038;utm_medium=feed&#038;utm_campaign=Feed%3A+aps-sport+%28APS+-+SPORT%29\">Cliquez ici pour lire l&rsquo;article depuis sa source.<\/a><\/p>\n","protected":false},"excerpt":{"rendered":"<p>ALGER &#8211; La F\u00e9d\u00e9ration alg\u00e9rienne de basket-ball (FABB) a pris des d\u00e9cisions \u00ab\u00a0exceptionnelles\u00a0\u00bb pour permettre le red\u00e9marrage du championnat masculin, \u00e0 l&rsquo;arr\u00eat depuis deux mois en raison notamment de la gr\u00e8ve des arbitres, a annonc\u00e9 l&rsquo;instance f\u00e9d\u00e9rale. Si les comp\u00e9titions ont repris le 1er mai avec le d\u00e9roulement de quelques matchs des 1\/8 de finale [&hellip;]<\/p>\n","protected":false},"author":1790,"featured_media":32555,"comment_status":"closed","ping_status":"closed","sticky":false,"template":"","format":"standard","meta":{"fifu_image_url":"","fifu_image_alt":"","footnotes":""},"categories":[53,75],"tags":[],"class_list":["post-32554","post","type-post","status-publish","format-standard","has-post-thumbnail","hentry","category-algerie","category-sport"],"_links":{"self":[{"href":"https:\/\/linitiative.ca\/International\/wp-json\/wp\/v2\/posts\/32554","targetHints":{"allow":["GET"]}}],"collection":[{"href":"https:\/\/linitiative.ca\/International\/wp-json\/wp\/v2\/posts"}],"about":[{"href":"https:\/\/linitiative.ca\/International\/wp-json\/wp\/v2\/types\/post"}],"author":[{"embeddable":true,"href":"https:\/\/linitiative.ca\/International\/wp-json\/wp\/v2\/users\/1790"}],"replies":[{"embeddable":true,"href":"https:\/\/linitiative.ca\/International\/wp-json\/wp\/v2\/comments?post=32554"}],"version-history":[{"count":0,"href":"https:\/\/linitiative.ca\/International\/wp-json\/wp\/v2\/posts\/32554\/revisions"}],"wp:featuredmedia":[{"embeddable":true,"href":"https:\/\/linitiative.ca\/International\/wp-json\/"}],"wp:attachment":[{"href":"https:\/\/linitiative.ca\/International\/wp-json\/wp\/v2\/media?parent=32554"}],"wp:term":[{"taxonomy":"category","embeddable":true,"href":"https:\/\/linitiative.ca\/International\/wp-json\/wp\/v2\/categories?post=32554"},{"taxonomy":"post_tag","embeddable":true,"href":"https:\/\/linitiative.ca\/International\/wp-json\/wp\/v2\/tags?post=32554"}],"curies":[{"name":"wp","href":"https:\/\/api.w.org\/{rel}","templated":true}]}}