{"id":32556,"date":"2019-05-06T12:42:06","date_gmt":"2019-05-06T16:42:06","guid":{"rendered":"https:\/\/linitiative.ca\/International\/89131-fab-le-president-nehassia-officiellement-rehabilite-par-le-ministre\/"},"modified":"2019-05-06T12:42:06","modified_gmt":"2019-05-06T16:42:06","slug":"89131-fab-le-president-nehassia-officiellement-rehabilite-par-le-ministre","status":"publish","type":"post","link":"https:\/\/linitiative.ca\/International\/89131-fab-le-president-nehassia-officiellement-rehabilite-par-le-ministre\/","title":{"rendered":"FAB : le pr\u00e9sident Nehassia officiellement r\u00e9habilit\u00e9 par le ministre"},"content":{"rendered":"<div>\n<div class=\"K2FeedImage\"><img decoding=\"async\" src=\"http:\/\/www.aps.dz\/media\/k2\/items\/cache\/3e3eaf98c7b77a3e5f6cbbe4ccf4f83e_S.jpg\" alt=\"FAB : le pr\u00e9sident Nehassia officiellement r\u00e9habilit\u00e9 par le ministre\"><\/div>\n<div class=\"K2FeedIntroText\">\n<p><strong>ALGER &#8211; Abdelmajid Nehassia, pr\u00e9sident d\u00e9chu de la F\u00e9d\u00e9ration alg\u00e9rienne de boxe (FAB), a \u00e9t\u00e9 officiellement r\u00e9habilit\u00e9 par le ministre de la Jeunesse et des Sports, Raouf Salim Bernaoui, a indiqu\u00e9 lundi un communiqu\u00e9 du minist\u00e8re (MJS) dont l&rsquo;APS d\u00e9tient une copie.<\/strong><\/p>\n<\/div>\n<div class=\"K2FeedFullText\">\n<p>\u00ab\u00a0Le ministre a d\u00e9cid\u00e9 de proc\u00e9der \u00e0 l&rsquo;annulation de la suspension temporaire prononc\u00e9e \u00e0 l&rsquo;encontre de Nehassia Abdelmajid en date du 24 mai 2017 ainsi qu&rsquo;\u00e0 sa r\u00e9habilitation en tant que pr\u00e9sident de la F\u00e9d\u00e9ration alg\u00e9rienne de boxe\u00a0\u00bb, lit-on sur le communiqu\u00e9 du MJS, soulignant que \u00ab\u00a0cette d\u00e9cision portant le num\u00e9ro 267 est notamment motiv\u00e9e par la demande formul\u00e9e par l&rsquo;int\u00e9ress\u00e9 ainsi que par le verdict du Tribunal arbitral du sport (TAS) et du tribunal administratif.\u00a0\u00bb\u00a0\u00a0\u00a0<\/p>\n<p>Cette d\u00e9cision a \u00e9t\u00e9 salu\u00e9e par la famille de la boxe alg\u00e9rienne qui voit en elle \u00ab\u00a0un retour \u00e0 la l\u00e9gitimit\u00e9\u00a0\u00bb. Les opposants de Nehassia, eux, la rejettent et crient \u00e0 l'\u00a0\u00bbing\u00e9rence\u00a0\u00bb du ministre dans les affaires internes de la FAB.<\/p>\n<p>\u00ab\u00a0Une fois que la d\u00e9cision de r\u00e9habilitation soit sign\u00e9e par le ministre, je demanderai \u00e0 la tutelle de d\u00e9signer deux inspecteurs et un huissier de justice pour pouvoir r\u00e9int\u00e9grer mon poste de pr\u00e9sident, chose tr\u00e8s complexe par rapport \u00e0 la position de l&rsquo;actuelle \u00e9quipe f\u00e9d\u00e9rale vis-\u00e0-vis de ma personne. Je d\u00e9tiens des preuves graves sur l&rsquo;actuel bureau f\u00e9d\u00e9ral et d\u00e8s mon retour \u00e0 la f\u00e9d\u00e9ration, je lancerai une passation de consignes et je demanderai un audit externe sur la gestion financi\u00e8re et administrative durant la p\u00e9riode de Mourad Ouhib, pr\u00e9sident par int\u00e9rim de la FAB\u00a0\u00bb, avait d\u00e9clar\u00e9 Abdelmajid Nehassia r\u00e9cemment \u00e0 l&rsquo;APS.\u00a0\u00a0\u00a0\u00a0\u00a0\u00a0\u00a0\u00a0\u00a0\u00a0\u00a0<\/p>\n<hr>\n<p><em><strong>Lire aussi:\u00a0<a href=\"http:\/\/www.aps.dz\/sport\/88798-bernaoui-nous-veillerons-a-l-application-de-la-reglementation-a-toutes-les-federations\">Bernaoui : \u00ab\u00a0Nous veillerons \u00e0 l&rsquo;application de la r\u00e9glementation \u00e0 toutes les F\u00e9d\u00e9rations\u00a0\u00bb<\/a><\/strong><\/em><\/p>\n<hr>\n<p>Elu le 4 mars 2017 \u00e0 la t\u00eate de la FAB pour le mandat olympique 2017-2020 en remplacement de Nabil Sadi, Nehassia avait \u00e9t\u00e9 d&rsquo;abord suspendu par le MJS pour \u00ab\u00a0mauvaise gestion\u00a0\u00bb avant d&rsquo;\u00eatre d\u00e9chu de son poste par les membres de l&rsquo;Assembl\u00e9e g\u00e9n\u00e9rale, r\u00e9unis en session extraordinaire le 15 juillet 2017 et une assembl\u00e9e \u00e9lective avait \u00e9t\u00e9 organis\u00e9e le 1er ao\u00fbt de la m\u00eame ann\u00e9e, portant Abdeslam Draa \u00e0 la t\u00eate de la FAB.<\/p>\n<p>Mais suite au verdict du Tribunal alg\u00e9rien de r\u00e8glement des litiges sportifs (TARLS), Nehassia a \u00e9t\u00e9 r\u00e9tabli dans ses droits en tant que pr\u00e9sident \u00ab\u00a0l\u00e9gitime\u00a0\u00bb de l&rsquo;instance f\u00e9d\u00e9rale. L&rsquo;int\u00e9ress\u00e9 a eu cependant du mal \u00e0 le faire ex\u00e9cuter suite \u00e0 l&rsquo;appel introduit par Abdeslam Draa, finalement d\u00e9bout\u00e9 par la justice.<\/p>\n<p>Depuis le 26 octobre 2018, date de la fin de mission de l&rsquo;ex-pr\u00e9sident Draa, la FAB vit une situation de blocage et un vice-pr\u00e9sident, \u00e0 savoir Mourad Ouhib, occupe le poste de pr\u00e9sident par int\u00e9rim.<\/p>\n<p>A partir de cette date, deux assembl\u00e9es \u00e9lectives avaient \u00e9t\u00e9 report\u00e9es (17 novembre et 29 d\u00e9cembre 2018), sur injonction de l&rsquo;Association internationale de boxe (AIBA) qui a demand\u00e9 des explications sur les motifs du rejet des dossiers de candidatures de Nabil Sadi et Fazil Ferhat, r\u00e9habilit\u00e9s eux aussi par le MJS.<\/p>\n<p>Cons\u00e9quence de cette situation, l&rsquo;Alg\u00e9rie a perdu sa repr\u00e9sentativit\u00e9 au sein du Comit\u00e9 ex\u00e9cutif de l&rsquo;AIBA.<\/p>\n<\/div>\n<p><img loading=\"lazy\" decoding=\"async\" src=\"http:\/\/feeds.feedburner.com\/~r\/aps-sport\/~4\/DXN5RvrLJYs\" height=\"1\" width=\"1\" alt=\"\"><\/div>\n<p>Auteur:<br \/>\n<a href=\"http:\/\/www.aps.dz\/sport\/89131-fab-le-president-nehassia-officiellement-rehabilite-par-le-ministre?utm_source=feedburner&#038;utm_medium=feed&#038;utm_campaign=Feed%3A+aps-sport+%28APS+-+SPORT%29\">Cliquez ici pour lire l&rsquo;article depuis sa source.<\/a><\/p>\n","protected":false},"excerpt":{"rendered":"<p>ALGER &#8211; Abdelmajid Nehassia, pr\u00e9sident d\u00e9chu de la F\u00e9d\u00e9ration alg\u00e9rienne de boxe (FAB), a \u00e9t\u00e9 officiellement r\u00e9habilit\u00e9 par le ministre de la Jeunesse et des Sports, Raouf Salim Bernaoui, a indiqu\u00e9 lundi un communiqu\u00e9 du minist\u00e8re (MJS) dont l&rsquo;APS d\u00e9tient une copie. \u00ab\u00a0Le ministre a d\u00e9cid\u00e9 de proc\u00e9der \u00e0 l&rsquo;annulation de la suspension temporaire prononc\u00e9e [&hellip;]<\/p>\n","protected":false},"author":1790,"featured_media":32557,"comment_status":"closed","ping_status":"closed","sticky":false,"template":"","format":"standard","meta":{"fifu_image_url":"","fifu_image_alt":"","footnotes":""},"categories":[53,75],"tags":[],"class_list":["post-32556","post","type-post","status-publish","format-standard","has-post-thumbnail","hentry","category-algerie","category-sport"],"_links":{"self":[{"href":"https:\/\/linitiative.ca\/International\/wp-json\/wp\/v2\/posts\/32556","targetHints":{"allow":["GET"]}}],"collection":[{"href":"https:\/\/linitiative.ca\/International\/wp-json\/wp\/v2\/posts"}],"about":[{"href":"https:\/\/linitiative.ca\/International\/wp-json\/wp\/v2\/types\/post"}],"author":[{"embeddable":true,"href":"https:\/\/linitiative.ca\/International\/wp-json\/wp\/v2\/users\/1790"}],"replies":[{"embeddable":true,"href":"https:\/\/linitiative.ca\/International\/wp-json\/wp\/v2\/comments?post=32556"}],"version-history":[{"count":0,"href":"https:\/\/linitiative.ca\/International\/wp-json\/wp\/v2\/posts\/32556\/revisions"}],"wp:featuredmedia":[{"embeddable":true,"href":"https:\/\/linitiative.ca\/International\/wp-json\/"}],"wp:attachment":[{"href":"https:\/\/linitiative.ca\/International\/wp-json\/wp\/v2\/media?parent=32556"}],"wp:term":[{"taxonomy":"category","embeddable":true,"href":"https:\/\/linitiative.ca\/International\/wp-json\/wp\/v2\/categories?post=32556"},{"taxonomy":"post_tag","embeddable":true,"href":"https:\/\/linitiative.ca\/International\/wp-json\/wp\/v2\/tags?post=32556"}],"curies":[{"name":"wp","href":"https:\/\/api.w.org\/{rel}","templated":true}]}}