{"id":32558,"date":"2019-05-06T12:55:03","date_gmt":"2019-05-06T16:55:03","guid":{"rendered":"https:\/\/linitiative.ca\/International\/89132-la-fifa-ajoute-deux-prix-dedies-au-foot-feminin-a-ses-trophees-annuels\/"},"modified":"2019-05-06T12:55:03","modified_gmt":"2019-05-06T16:55:03","slug":"89132-la-fifa-ajoute-deux-prix-dedies-au-foot-feminin-a-ses-trophees-annuels","status":"publish","type":"post","link":"https:\/\/linitiative.ca\/International\/89132-la-fifa-ajoute-deux-prix-dedies-au-foot-feminin-a-ses-trophees-annuels\/","title":{"rendered":"La Fifa ajoute deux prix d\u00e9di\u00e9s au foot f\u00e9minin \u00e0 ses troph\u00e9es annuels"},"content":{"rendered":"<div>\n<div class=\"K2FeedImage\"><img decoding=\"async\" src=\"http:\/\/www.aps.dz\/media\/k2\/items\/cache\/ee93ccda0d719254bd8c35f13e61abc0_S.jpg\" alt=\"La Fifa ajoute deux prix d\u00e9di\u00e9s au foot f\u00e9minin \u00e0 ses troph\u00e9es annuels\"><\/div>\n<div class=\"K2FeedIntroText\">\n<p>ZURICH &#8211; La Fifa a annonc\u00e9 lundi qu&rsquo;elle ajoutait deux prix d\u00e9di\u00e9s au football f\u00e9minin, ceux de meilleure gardienne et de l&rsquo;\u00e9quipe type de la saison, \u00e0 sa c\u00e9r\u00e9monie annuelle de troph\u00e9es, qui aura lieu le 23 septembre \u00e0 Milan.<\/p>\n<\/div>\n<div class=\"K2FeedFullText\">\n<p>\u00ab\u00a0Je ne peux pas penser \u00e0 un meilleur moment pour introduire ces prix. C&rsquo;est un nouveau pas dans la bonne direction pour mieux faire conna\u00eetre le football f\u00e9minin\u00a0\u00bb, a d\u00e9clar\u00e9 Zvonimir Boban, secr\u00e9taire g\u00e9n\u00e9ral adjoint de la Fifa.<\/p>\n<p>La c\u00e9r\u00e9monie de troph\u00e9es de la Fifa, les \u00ab\u00a0The Best\u00a0\u00bb, compte d\u00e9sormais onze prix, dont celui de meilleur joueur et de meilleure joueuse. Le Croate Luka Modric et la Br\u00e9silienne Marta ont \u00e9t\u00e9 couronn\u00e9s l&rsquo;an pass\u00e9.<\/p>\n<\/div>\n<p><img loading=\"lazy\" decoding=\"async\" src=\"http:\/\/feeds.feedburner.com\/~r\/aps-sport\/~4\/u249r0mfG8w\" height=\"1\" width=\"1\" alt=\"\"><\/div>\n<p>Auteur:<br \/>\n<a href=\"http:\/\/www.aps.dz\/sport\/89132-la-fifa-ajoute-deux-prix-dedies-au-foot-feminin-a-ses-trophees-annuels?utm_source=feedburner&#038;utm_medium=feed&#038;utm_campaign=Feed%3A+aps-sport+%28APS+-+SPORT%29\">Cliquez ici pour lire l&rsquo;article depuis sa source.<\/a><\/p>\n","protected":false},"excerpt":{"rendered":"<p>ZURICH &#8211; La Fifa a annonc\u00e9 lundi qu&rsquo;elle ajoutait deux prix d\u00e9di\u00e9s au football f\u00e9minin, ceux de meilleure gardienne et de l&rsquo;\u00e9quipe type de la saison, \u00e0 sa c\u00e9r\u00e9monie annuelle de troph\u00e9es, qui aura lieu le 23 septembre \u00e0 Milan. \u00ab\u00a0Je ne peux pas penser \u00e0 un meilleur moment pour introduire ces prix. C&rsquo;est un [&hellip;]<\/p>\n","protected":false},"author":1790,"featured_media":32559,"comment_status":"closed","ping_status":"closed","sticky":false,"template":"","format":"standard","meta":{"fifu_image_url":"","fifu_image_alt":"","footnotes":""},"categories":[53,75],"tags":[],"class_list":["post-32558","post","type-post","status-publish","format-standard","has-post-thumbnail","hentry","category-algerie","category-sport"],"_links":{"self":[{"href":"https:\/\/linitiative.ca\/International\/wp-json\/wp\/v2\/posts\/32558","targetHints":{"allow":["GET"]}}],"collection":[{"href":"https:\/\/linitiative.ca\/International\/wp-json\/wp\/v2\/posts"}],"about":[{"href":"https:\/\/linitiative.ca\/International\/wp-json\/wp\/v2\/types\/post"}],"author":[{"embeddable":true,"href":"https:\/\/linitiative.ca\/International\/wp-json\/wp\/v2\/users\/1790"}],"replies":[{"embeddable":true,"href":"https:\/\/linitiative.ca\/International\/wp-json\/wp\/v2\/comments?post=32558"}],"version-history":[{"count":0,"href":"https:\/\/linitiative.ca\/International\/wp-json\/wp\/v2\/posts\/32558\/revisions"}],"wp:featuredmedia":[{"embeddable":true,"href":"https:\/\/linitiative.ca\/International\/wp-json\/"}],"wp:attachment":[{"href":"https:\/\/linitiative.ca\/International\/wp-json\/wp\/v2\/media?parent=32558"}],"wp:term":[{"taxonomy":"category","embeddable":true,"href":"https:\/\/linitiative.ca\/International\/wp-json\/wp\/v2\/categories?post=32558"},{"taxonomy":"post_tag","embeddable":true,"href":"https:\/\/linitiative.ca\/International\/wp-json\/wp\/v2\/tags?post=32558"}],"curies":[{"name":"wp","href":"https:\/\/api.w.org\/{rel}","templated":true}]}}