{"id":32567,"date":"2019-05-06T12:47:00","date_gmt":"2019-05-06T16:47:00","guid":{"rendered":"https:\/\/linitiative.ca\/International\/mascara-des-citoyens-ferment-le-siege-de-la-mairie-de-bouhenni\/"},"modified":"2019-05-06T12:47:00","modified_gmt":"2019-05-06T16:47:00","slug":"mascara-des-citoyens-ferment-le-siege-de-la-mairie-de-bouhenni","status":"publish","type":"post","link":"https:\/\/linitiative.ca\/International\/mascara-des-citoyens-ferment-le-siege-de-la-mairie-de-bouhenni\/","title":{"rendered":"MASCARA : Des citoyens ferment le si\u00e8ge de la mairie de Bouhenni"},"content":{"rendered":"<p><br id=\"sep_para_1\" class=\"sep_para access\"\/><\/p>\n<div id=\"para_1\" class=\"para_30802383 resize\">\n<div class=\"texte access firstletter\">Les citoyens\u00a0 de la commune de Bouhenni\u00a0 se sont manifest\u00e9s par l\u2019observation d\u2019un sit-in qui s\u2019est sold\u00e9 par la fermeture\u00a0 du si\u00e8ge de l\u2019APC par des briques. Ayant\u00a0 dress\u00e9\u00a0 une tente \u00e0 l\u2019entr\u00e9e de la mairie pour poursuivre le rassemblement, ils furent dispers\u00e9s par la force publique et certaines personnes consid\u00e9r\u00e9es comme perturbateurs ont \u00e9t\u00e9 arr\u00eat\u00e9s\u00a0 et puis\u00a0 rel\u00e2ch\u00e9s par la suite. Les manifestants demandent le d\u00e9part du P\/APC qu\u2019ils accusent de tous les maux. Notons qu\u2019il a \u00e9t\u00e9 constat\u00e9 la d\u00e9mission de 34 employ\u00e9s de la mairie et 6 \u00e9lus Selon certains citoyens, les rassemblements\u00a0 pacifiques vont \u00eatre\u00a0 observ\u00e9s\u00a0 quotidiennement et sur place et pour une dur\u00e9e ind\u00e9termin\u00e9e jusqu\u2019au d\u00e9part du maire.\u00a0\u00a0\u00a0\u00a0\u00a0<\/div>\n<\/div>\n<p>Auteur: B.Boufaden<br \/>\n<a href=\"https:\/\/www.reflexiondz.net\/MASCARA-Des-citoyens-ferment-le-siege-de-la-mairie-de-Bouhenni_a55724.html\">Cliquez ici pour lire l&rsquo;article depuis sa source.<\/a><\/p>\n","protected":false},"excerpt":{"rendered":"<p>Les citoyens\u00a0 de la commune de Bouhenni\u00a0 se sont manifest\u00e9s par l\u2019observation d\u2019un sit-in qui s\u2019est sold\u00e9 par la fermeture\u00a0 du si\u00e8ge de l\u2019APC par des briques. Ayant\u00a0 dress\u00e9\u00a0 une tente \u00e0 l\u2019entr\u00e9e de la mairie pour poursuivre le rassemblement, ils furent dispers\u00e9s par la force publique et certaines personnes consid\u00e9r\u00e9es comme perturbateurs ont \u00e9t\u00e9 [&hellip;]<\/p>\n","protected":false},"author":1740,"featured_media":0,"comment_status":"closed","ping_status":"closed","sticky":false,"template":"","format":"standard","meta":{"fifu_image_url":"","fifu_image_alt":"","footnotes":""},"categories":[53,76],"tags":[],"class_list":["post-32567","post","type-post","status-publish","format-standard","hentry","category-algerie","category-regions"],"_links":{"self":[{"href":"https:\/\/linitiative.ca\/International\/wp-json\/wp\/v2\/posts\/32567","targetHints":{"allow":["GET"]}}],"collection":[{"href":"https:\/\/linitiative.ca\/International\/wp-json\/wp\/v2\/posts"}],"about":[{"href":"https:\/\/linitiative.ca\/International\/wp-json\/wp\/v2\/types\/post"}],"author":[{"embeddable":true,"href":"https:\/\/linitiative.ca\/International\/wp-json\/wp\/v2\/users\/1740"}],"replies":[{"embeddable":true,"href":"https:\/\/linitiative.ca\/International\/wp-json\/wp\/v2\/comments?post=32567"}],"version-history":[{"count":0,"href":"https:\/\/linitiative.ca\/International\/wp-json\/wp\/v2\/posts\/32567\/revisions"}],"wp:attachment":[{"href":"https:\/\/linitiative.ca\/International\/wp-json\/wp\/v2\/media?parent=32567"}],"wp:term":[{"taxonomy":"category","embeddable":true,"href":"https:\/\/linitiative.ca\/International\/wp-json\/wp\/v2\/categories?post=32567"},{"taxonomy":"post_tag","embeddable":true,"href":"https:\/\/linitiative.ca\/International\/wp-json\/wp\/v2\/tags?post=32567"}],"curies":[{"name":"wp","href":"https:\/\/api.w.org\/{rel}","templated":true}]}}