{"id":32568,"date":"2019-05-06T13:12:00","date_gmt":"2019-05-06T17:12:00","guid":{"rendered":"https:\/\/linitiative.ca\/International\/tigditt-un-individu-poignarde-mortellement\/"},"modified":"2019-05-06T13:12:00","modified_gmt":"2019-05-06T17:12:00","slug":"tigditt-un-individu-poignarde-mortellement","status":"publish","type":"post","link":"https:\/\/linitiative.ca\/International\/tigditt-un-individu-poignarde-mortellement\/","title":{"rendered":"TIGDITT : Un individu poignard\u00e9 mortellement"},"content":{"rendered":"<p><br id=\"sep_para_1\" class=\"sep_para access\"\/><\/p>\n<div id=\"para_1\" class=\"para_30802748 resize\">\n<div class=\"photo shadow left\"><a href=\"javascript:void(0)\" rel=\"https:\/\/www.reflexiondz.net\/photo\/art\/grande\/33405132-30802748.jpg?v=1557164223&#038;ibox\" title=\"TIGDITT : Un individu poignard\u00e9 mortellement\"><img decoding=\"async\" class=\"responsive c9\" src=\"https:\/\/www.reflexiondz.net\/photo\/art\/grande\/33405132-30802748.jpg?v=1557164223\" alt=\"TIGDITT : Un individu poignard\u00e9 mortellement\" title=\"TIGDITT : Un individu poignard\u00e9 mortellement\"\/><img decoding=\"async\" class=\"not-responsive\" src=\"https:\/\/www.reflexiondz.net\/photo\/art\/default\/33405132-30802748.jpg?v=1557164225\" alt=\"TIGDITT : Un individu poignard\u00e9 mortellement\" title=\"TIGDITT : Un individu poignard\u00e9 mortellement\"\/><\/a><\/div>\n<div class=\"texte access firstletter\">\u00a0Dimanche dernier, en soir\u00e9e, un jeune\u00a0 a \u00e9t\u00e9 poignard\u00e9\u00a0 mortellement\u00a0 \u00e0 la cit\u00e9\u00a0 \u2018\u2019Sollis\u2019\u2019 relevant du quartier populaire de Tigditt. Selon quelques informations, les deux jeunes se sont bagarr\u00e9s suite \u00e0 un diff\u00e9rend qui les a oppos\u00e9s l\u2019un \u00e0 l\u2019autre. Alert\u00e9s, les \u00e9lements\u00a0 de la protection civile se sont d\u00e9plac\u00e9s sur les lieux du drame, pour \u00e9vacuer la d\u00e9pouille mortelle de la victime. Notons qu\u2019une enqu\u00eate a \u00e9t\u00e9 diligent\u00e9e\u00a0 par les services de s\u00e9curit\u00e9 sur ce crime commis la veille du mois sacr\u00e9 du Ramadhan.\u00a0\u00a0<\/div>\n<\/div>\n<p>Auteur: Smain<br \/>\n<a href=\"https:\/\/www.reflexiondz.net\/TIGDITT-Un-individu-poignarde-mortellement_a55736.html\">Cliquez ici pour lire l&rsquo;article depuis sa source.<\/a><\/p>\n","protected":false},"excerpt":{"rendered":"<p>\u00a0Dimanche dernier, en soir\u00e9e, un jeune\u00a0 a \u00e9t\u00e9 poignard\u00e9\u00a0 mortellement\u00a0 \u00e0 la cit\u00e9\u00a0 \u2018\u2019Sollis\u2019\u2019 relevant du quartier populaire de Tigditt. Selon quelques informations, les deux jeunes se sont bagarr\u00e9s suite \u00e0 un diff\u00e9rend qui les a oppos\u00e9s l\u2019un \u00e0 l\u2019autre. Alert\u00e9s, les \u00e9lements\u00a0 de la protection civile se sont d\u00e9plac\u00e9s sur les lieux du drame, [&hellip;]<\/p>\n","protected":false},"author":1740,"featured_media":0,"comment_status":"closed","ping_status":"closed","sticky":false,"template":"","format":"standard","meta":{"fifu_image_url":"","fifu_image_alt":"","footnotes":""},"categories":[53,76],"tags":[],"class_list":["post-32568","post","type-post","status-publish","format-standard","hentry","category-algerie","category-regions"],"_links":{"self":[{"href":"https:\/\/linitiative.ca\/International\/wp-json\/wp\/v2\/posts\/32568","targetHints":{"allow":["GET"]}}],"collection":[{"href":"https:\/\/linitiative.ca\/International\/wp-json\/wp\/v2\/posts"}],"about":[{"href":"https:\/\/linitiative.ca\/International\/wp-json\/wp\/v2\/types\/post"}],"author":[{"embeddable":true,"href":"https:\/\/linitiative.ca\/International\/wp-json\/wp\/v2\/users\/1740"}],"replies":[{"embeddable":true,"href":"https:\/\/linitiative.ca\/International\/wp-json\/wp\/v2\/comments?post=32568"}],"version-history":[{"count":0,"href":"https:\/\/linitiative.ca\/International\/wp-json\/wp\/v2\/posts\/32568\/revisions"}],"wp:attachment":[{"href":"https:\/\/linitiative.ca\/International\/wp-json\/wp\/v2\/media?parent=32568"}],"wp:term":[{"taxonomy":"category","embeddable":true,"href":"https:\/\/linitiative.ca\/International\/wp-json\/wp\/v2\/categories?post=32568"},{"taxonomy":"post_tag","embeddable":true,"href":"https:\/\/linitiative.ca\/International\/wp-json\/wp\/v2\/tags?post=32568"}],"curies":[{"name":"wp","href":"https:\/\/api.w.org\/{rel}","templated":true}]}}