{"id":32569,"date":"2019-05-06T13:13:00","date_gmt":"2019-05-06T17:13:00","guid":{"rendered":"https:\/\/linitiative.ca\/International\/emigration-clandestine-16-candidats-interceptes-au-large-doran\/"},"modified":"2019-05-06T13:13:00","modified_gmt":"2019-05-06T17:13:00","slug":"emigration-clandestine-16-candidats-interceptes-au-large-doran","status":"publish","type":"post","link":"https:\/\/linitiative.ca\/International\/emigration-clandestine-16-candidats-interceptes-au-large-doran\/","title":{"rendered":"EMIGRATION CLANDESTINE : 16 candidats intercept\u00e9s au large d\u2019Oran"},"content":{"rendered":"<p><br id=\"sep_para_1\" class=\"sep_para access\"\/><\/p>\n<div id=\"para_1\" class=\"para_30802757 resize\">\n<div class=\"photo shadow left\"><a href=\"javascript:void(0)\" rel=\"https:\/\/www.reflexiondz.net\/photo\/art\/grande\/33405189-30802757.jpg?v=1557164313&#038;ibox\" title=\"EMIGRATION CLANDESTINE : 16 candidats intercept\u00e9s au large d\u2019Oran\"><img decoding=\"async\" class=\"responsive c9\" src=\"https:\/\/www.reflexiondz.net\/photo\/art\/grande\/33405189-30802757.jpg?v=1557164313\" alt=\"EMIGRATION CLANDESTINE : 16 candidats intercept\u00e9s au large d\u2019Oran\" title=\"EMIGRATION CLANDESTINE : 16 candidats intercept\u00e9s au large d\u2019Oran\"\/><img decoding=\"async\" class=\"not-responsive\" src=\"https:\/\/www.reflexiondz.net\/photo\/art\/default\/33405189-30802757.jpg?v=1557164314\" alt=\"EMIGRATION CLANDESTINE : 16 candidats intercept\u00e9s au large d\u2019Oran\" title=\"EMIGRATION CLANDESTINE : 16 candidats intercept\u00e9s au large d\u2019Oran\"\/><\/a><\/div>\n<div class=\"texte access firstletter\">Apr\u00e8s une accalmie de plusieurs semaines, le ph\u00e9nom\u00e8ne des harraga reprenne de plus belle. Pas plus tard que ce dimanche, les \u00e9l\u00e9ments des garde-c\u00f4tes d\u2019Oran ont d\u00e9jou\u00e9 une\u00a0 tentative\u00a0 d\u2019\u00e9migration clandestine au large d\u2019Oran, a indiqu\u00e9 ce lundi 6 mai, un m\u00e9dia local. 16 personnes, \u00e2g\u00e9es de 18 \u00e0 36 ans qui \u00e9taient \u00e0 bord d\u2019embarcation, ont \u00e9t\u00e9 intercept\u00e9es vers 4 heures du matin \u00e0 un mile nautique au large de Cap Carbon (Arzew), indique cette source. Ces harraga ont \u00e9t\u00e9 remis \u00e0 la Gendarmerie nationale, pr\u00e9cise la m\u00eame source. Apr\u00e8s une \u00e9clipse de plusieurs semaines, le ph\u00e9nom\u00e8ne des harraga a \u00e9tonnamment r\u00e9apparu. Aucune tentative d\u2019\u00e9migration clandestine n\u2019a \u00e9t\u00e9 signal\u00e9e ces derniers temps par les services de s\u00e9curit\u00e9 sur le littoral Oranais, alors qu\u2019auparavant des dizaines de tentatives avaient \u00e9t\u00e9 d\u00e9jou\u00e9es et des dizaines de corps rep\u00each\u00e9s.\u00a0<\/div>\n<\/div>\n<p>Auteur: Ismain<br \/>\n<a href=\"https:\/\/www.reflexiondz.net\/EMIGRATION-CLANDESTINE-16-candidats-interceptes-au-large-d-Oran_a55737.html\">Cliquez ici pour lire l&rsquo;article depuis sa source.<\/a><\/p>\n","protected":false},"excerpt":{"rendered":"<p>Apr\u00e8s une accalmie de plusieurs semaines, le ph\u00e9nom\u00e8ne des harraga reprenne de plus belle. Pas plus tard que ce dimanche, les \u00e9l\u00e9ments des garde-c\u00f4tes d\u2019Oran ont d\u00e9jou\u00e9 une\u00a0 tentative\u00a0 d\u2019\u00e9migration clandestine au large d\u2019Oran, a indiqu\u00e9 ce lundi 6 mai, un m\u00e9dia local. 16 personnes, \u00e2g\u00e9es de 18 \u00e0 36 ans qui \u00e9taient \u00e0 bord [&hellip;]<\/p>\n","protected":false},"author":1740,"featured_media":0,"comment_status":"closed","ping_status":"closed","sticky":false,"template":"","format":"standard","meta":{"fifu_image_url":"","fifu_image_alt":"","footnotes":""},"categories":[53,76],"tags":[],"class_list":["post-32569","post","type-post","status-publish","format-standard","hentry","category-algerie","category-regions"],"_links":{"self":[{"href":"https:\/\/linitiative.ca\/International\/wp-json\/wp\/v2\/posts\/32569","targetHints":{"allow":["GET"]}}],"collection":[{"href":"https:\/\/linitiative.ca\/International\/wp-json\/wp\/v2\/posts"}],"about":[{"href":"https:\/\/linitiative.ca\/International\/wp-json\/wp\/v2\/types\/post"}],"author":[{"embeddable":true,"href":"https:\/\/linitiative.ca\/International\/wp-json\/wp\/v2\/users\/1740"}],"replies":[{"embeddable":true,"href":"https:\/\/linitiative.ca\/International\/wp-json\/wp\/v2\/comments?post=32569"}],"version-history":[{"count":0,"href":"https:\/\/linitiative.ca\/International\/wp-json\/wp\/v2\/posts\/32569\/revisions"}],"wp:attachment":[{"href":"https:\/\/linitiative.ca\/International\/wp-json\/wp\/v2\/media?parent=32569"}],"wp:term":[{"taxonomy":"category","embeddable":true,"href":"https:\/\/linitiative.ca\/International\/wp-json\/wp\/v2\/categories?post=32569"},{"taxonomy":"post_tag","embeddable":true,"href":"https:\/\/linitiative.ca\/International\/wp-json\/wp\/v2\/tags?post=32569"}],"curies":[{"name":"wp","href":"https:\/\/api.w.org\/{rel}","templated":true}]}}