{"id":32573,"date":"2019-05-06T05:00:41","date_gmt":"2019-05-06T09:00:41","guid":{"rendered":"https:\/\/linitiative.ca\/International\/nouvelles-de-louest\/"},"modified":"2019-05-06T05:00:41","modified_gmt":"2019-05-06T09:00:41","slug":"nouvelles-de-louest","status":"publish","type":"post","link":"https:\/\/linitiative.ca\/International\/nouvelles-de-louest\/","title":{"rendered":"Nouvelles de l\u2019Ouest"},"content":{"rendered":"<h4 class=\"title-14\"\/>\n<p class=\"p1\"><strong><span class=\"s1\">\u2013 D\u00e9mant\u00e8lement d\u2019un atelier de fabrication de poudre noire \u00e0 Mostaganem<\/span><\/strong><\/p>\n<p class=\"p1\"><span class=\"s1\">La brigade de la Gendarmerie nationale de Stidia, 9 km \u00e0 l\u2019ouest de Mostaganem, a d\u00e9mantel\u00e9 un atelier clandestin de fabrication de poudre noire, en plus d\u2019un vaste r\u00e9seau sp\u00e9cialis\u00e9 dans la fabrication de ce produit, a-t-on appris de sources concordantes.<\/span><\/p>\n<p class=\"p1\"><span class=\"s1\">Agissant sur information, les gendarmes ont perquisitionn\u00e9 au domicile du suspect et ont pu d\u00e9couvrir l\u2019atelier clandestin et saisir quelque 6 kg de poudre noire et du mat\u00e9riel servant \u00e0 sa fabrication.\u00a0<\/span><span class=\"s1\">Un v\u00e9hicule de marque Peugeot Boxer a \u00e9t\u00e9 \u00e9galement saisi.<\/span> <span class=\"s1\">Le principal accus\u00e9 a \u00e9t\u00e9 plac\u00e9 en d\u00e9tention pr\u00e9ventive, tandis que les autres<span class=\"Apple-converted-space\">\u00a0<\/span> membres du groupe ont \u00e9t\u00e9 plac\u00e9s sous contr\u00f4le judiciaire. L\u2019enqu\u00eate est toujours en cours.\u00a0<em><strong>L. H.<\/strong><\/em><\/span><\/p>\n<p class=\"p1\"><strong><span class=\"s1\">\u2013 Un sexag\u00e9naire tu\u00e9 par une arme \u00e0 feu \u00e0 Relizane<\/span><\/strong><\/p>\n<p class=\"p1\"><span class=\"s1\">Un sexag\u00e9naire, M. B., de la localit\u00e9 de Chetaounia,\u00a0dans la commune de Oued Djema\u00e2, \u00e0 l\u2019est de Relizane, a \u00e9t\u00e9 retrouv\u00e9 gisant dans le sang suite \u00e0 un coup de feu tir\u00e9 \u00e0 partir de son fusil \u00e0 pompe. Evacu\u00e9 en urgence sur l\u2019EPH Mohamed Boudiaf de Relizane, il a \u00e9t\u00e9 vite transf\u00e9r\u00e9 vers le CHU d\u2019Oran, o\u00f9 il a succomb\u00e9 \u00e0 ses blessures. Selon des dires, l\u2019ex-Patriote a \u00e9t\u00e9 surpris par la balle alors qu\u2019il nettoyait son arme. La triste nouvelle a plong\u00e9 toute la r\u00e9gion dans une profonde consternation. Les gendarmes ont ouvert une enqu\u00eate afin d\u2019\u00e9lucider les circonstances de ce drame.\u00a0<em><strong>I. B.<\/strong><\/em><\/span><\/p>\n<div class=\"yuzo_related_post style-1\" data-version=\"5.12.88\">\n<p><h3>Related Post<\/h3>\n<\/p>\n<div class=\"yuzo_wraps\">\n<div class=\"relatedthumb relatedpost-326040 c10\"><a href=\"https:\/\/www.elwatan.com\/edition\/culture\/le-theme-des-refugies-je-le-connais-assez-bien-puisque-je-lai-vecu-12-12-2018\"\/><\/p>\n<p><span class=\"yuzo__text--title c9\">\u00abLe th\u00e8me des r\u00e9fugi\u00e9s je le connais assez bien pu&#8230;<\/span><\/div>\n<div class=\"relatedthumb relatedpost-567257 c10\"><a href=\"https:\/\/www.elwatan.com\/edition\/actualite\/leviction-de-lamamra-suscite-des-questionnements-02-04-2019\"\/><\/p>\n<p><span class=\"yuzo__text--title c9\">L\u2019\u00e9viction de Lamamra suscite des questionnements&#8230;<\/span><\/div>\n<div class=\"relatedthumb relatedpost-572391 c10\"><a href=\"https:\/\/www.elwatan.com\/edition\/actualite\/bouira-les-etudiants-manifestent-en-masse-23-04-2019\"\/><\/p>\n<p><span class=\"yuzo__text--title c9\">Bouira\u00a0: Les \u00e9tudiants manifestent en masse<\/span><\/div>\n<div class=\"relatedthumb relatedpost-557672 c10\"><a href=\"https:\/\/www.elwatan.com\/regions\/kabylie\/boumerdes\/la-ville-pleure-son-passe-11-02-2019\"\/><\/p>\n<p><span class=\"yuzo__text--title c9\">La ville pleure son pass\u00e9<\/span><\/div>\n<\/div>\n<\/div>\n<p><span class=\"post-views-label\">Post Views:<\/span> <span class=\"post-views-count\">71<\/span><\/p>\n<p>Auteur: Anis Khecheba<br \/>\n<a href=\"https:\/\/www.elwatan.com\/regions\/ouest\/actu-ouest\/nouvelles-de-louest-99-06-05-2019\">Cliquez ici pour lire l&rsquo;article depuis sa source.<\/a><\/p>\n","protected":false},"excerpt":{"rendered":"<p>\u2013 D\u00e9mant\u00e8lement d\u2019un atelier de fabrication de poudre noire \u00e0 Mostaganem La brigade de la Gendarmerie nationale de Stidia, 9 km \u00e0 l\u2019ouest de Mostaganem, a d\u00e9mantel\u00e9 un atelier clandestin de fabrication de poudre noire, en plus d\u2019un vaste r\u00e9seau sp\u00e9cialis\u00e9 dans la fabrication de ce produit, a-t-on appris de sources concordantes. Agissant sur information, [&hellip;]<\/p>\n","protected":false},"author":1743,"featured_media":0,"comment_status":"closed","ping_status":"closed","sticky":false,"template":"","format":"standard","meta":{"fifu_image_url":"","fifu_image_alt":"","footnotes":""},"categories":[73,53],"tags":[],"class_list":["post-32573","post","type-post","status-publish","format-standard","hentry","category-actualite","category-algerie"],"_links":{"self":[{"href":"https:\/\/linitiative.ca\/International\/wp-json\/wp\/v2\/posts\/32573","targetHints":{"allow":["GET"]}}],"collection":[{"href":"https:\/\/linitiative.ca\/International\/wp-json\/wp\/v2\/posts"}],"about":[{"href":"https:\/\/linitiative.ca\/International\/wp-json\/wp\/v2\/types\/post"}],"author":[{"embeddable":true,"href":"https:\/\/linitiative.ca\/International\/wp-json\/wp\/v2\/users\/1743"}],"replies":[{"embeddable":true,"href":"https:\/\/linitiative.ca\/International\/wp-json\/wp\/v2\/comments?post=32573"}],"version-history":[{"count":0,"href":"https:\/\/linitiative.ca\/International\/wp-json\/wp\/v2\/posts\/32573\/revisions"}],"wp:attachment":[{"href":"https:\/\/linitiative.ca\/International\/wp-json\/wp\/v2\/media?parent=32573"}],"wp:term":[{"taxonomy":"category","embeddable":true,"href":"https:\/\/linitiative.ca\/International\/wp-json\/wp\/v2\/categories?post=32573"},{"taxonomy":"post_tag","embeddable":true,"href":"https:\/\/linitiative.ca\/International\/wp-json\/wp\/v2\/tags?post=32573"}],"curies":[{"name":"wp","href":"https:\/\/api.w.org\/{rel}","templated":true}]}}