{"id":32574,"date":"2019-05-06T05:00:42","date_gmt":"2019-05-06T09:00:42","guid":{"rendered":"https:\/\/linitiative.ca\/International\/bouira-des-eaux-usees-a-ciel-ouvert-a-saharidj\/"},"modified":"2019-05-06T05:00:42","modified_gmt":"2019-05-06T09:00:42","slug":"bouira-des-eaux-usees-a-ciel-ouvert-a-saharidj","status":"publish","type":"post","link":"https:\/\/linitiative.ca\/International\/bouira-des-eaux-usees-a-ciel-ouvert-a-saharidj\/","title":{"rendered":"Bouira :\u00a0Des eaux us\u00e9es \u00e0 ciel ouvert \u00e0 Saharidj"},"content":{"rendered":"<h4 class=\"title-14\"\/>\n<p class=\"p4\"><span class=\"s1\"><strong>U<\/strong><\/span><span class=\"s2\">n dommage caus\u00e9 depuis un mois au r\u00e9seau d\u2019assainissement du chef-lieu de la commune de Saharidj, \u00e0 50 km au nord-est de Bouira, n\u2019a pas \u00e9t\u00e9 r\u00e9par\u00e9. Les eaux us\u00e9es se d\u00e9versent continuellement sur la voie publique, causant d\u2019\u00e9normes d\u00e9sagr\u00e9ments \u00e0 la population.<\/span><\/p>\n<p class=\"p4\"><span class=\"s2\">\u00ab<em>Ces eaux us\u00e9es qui coulent jour et nuit ont atteint plusieurs quartiers de la ville. L\u2019odeur qui s\u2019y d\u00e9gage est insupportable. Chaque ann\u00e9e, des d\u00e9g\u00e2ts sur le r\u00e9seau surviennent au m\u00eame endroit. Les services de l\u2019APC doivent agir rapidement et engager des travaux de r\u00e9paration<\/em> \u00bb, dira un r\u00e9sident du chef-lieu.<\/span><\/p>\n<p class=\"p4\"><span class=\"s2\">De leur c\u00f4t\u00e9, des parents d\u2019\u00e9l\u00e8ves tirent la sonnette d\u2019alarme. \u00ab<em>Toutes les routes menant aux \u00e9tablissements scolaires sont inond\u00e9es par les eaux us\u00e9es. Les \u00e9coliers y passent quotidiennement. C\u2019est un danger pour leur sant\u00e9. Jusqu\u2019\u00e0 quand perdurera ce laisser-aller de l\u2019APC ?<\/em>\u00bb, s\u2019interrogent-ils.<\/span><\/p>\n<p class=\"p4\"><span class=\"s2\">Contact\u00e9 \u00e0 ce sujet, le P\/APC de Saharidj dira que la canalisation du r\u00e9seau en question est bouch\u00e9e. \u00ab<em>Nous l\u2019avons nettoy\u00e9e \u00e0 trois reprises, mais sans r\u00e9sultat. Ce qu\u2019il nous faut, c\u2019est un camion hydrocureur puissant pour d\u00e9boucher le r\u00e9seau. Malheureusement, toute la wilaya de Bouira ne dispose que d\u2019un seul engin qui appartient \u00e0 l\u2019Office national de l\u2019assainissement et que m\u00eame les travailleurs de cet organisme sont en gr\u00e8ve. D\u00e8s qu\u2019ils reprendront le travail, le point noir du r\u00e9seau d\u2019assainissement de Saharidj sera r\u00e9solu<\/em>\u00bb, a-t-il promis.\u00a0<\/span><\/p>\n<div class=\"yuzo_related_post style-1\" data-version=\"5.12.88\">\n<p><h3>Related Post<\/h3>\n<\/p>\n<div class=\"yuzo_wraps\">\n<div class=\"relatedthumb relatedpost-479427 c10\"><a href=\"https:\/\/www.elwatan.com\/regions\/sud\/actu-sud\/le-sud-en-bref-2-03-03-2015\"\/><\/p>\n<p><span class=\"yuzo__text--title c9\">Le sud en bref :<\/span><\/div>\n<div class=\"relatedthumb relatedpost-443676 c10\"><a href=\"https:\/\/www.elwatan.com\/regions\/sud\/actu-sud\/touggourt-les-restrictions-de-lonil-penalisent-lunique-laiterie-de-la-region-2-19-12-2013\"\/><\/p>\n<p><span class=\"yuzo__text--title c9\">Touggourt : les restrictions de l\u2019ONIL p\u00e9nalisent &#8230;<\/span><\/div>\n<div class=\"relatedthumb relatedpost-569922 c10\"><a href=\"https:\/\/www.elwatan.com\/edition\/culture\/chanson-kabyle-slimane-chabi-revient-avec-deux-albums-15-04-2019\"\/><\/p>\n<p><span class=\"yuzo__text--title c9\">Chanson kabyle :\u00a0Slimane Chabi revient avec deux a&#8230;<\/span><\/div>\n<div class=\"relatedthumb relatedpost-557093 c10\"><a href=\"https:\/\/www.elwatan.com\/regions\/kabylie\/bouira\/chorfa-la-salle-polyvalente-de-toughza-en-litige-07-02-2019\"\/><\/p>\n<p><span class=\"yuzo__text--title c9\">Chorfa :\u00a0La salle polyvalente de Toughza en litige&#8230;<\/span><\/div>\n<\/div>\n<\/div>\n<p><span class=\"post-views-label\">Post Views:<\/span> <span class=\"post-views-count\">8<\/span><\/p>\n<p>Auteur: Anis Khecheba<br \/>\n<a href=\"https:\/\/www.elwatan.com\/regions\/kabylie\/bouira\/bouira-des-eaux-usees-a-ciel-ouvert-a-saharidj-06-05-2019\">Cliquez ici pour lire l&rsquo;article depuis sa source.<\/a><\/p>\n","protected":false},"excerpt":{"rendered":"<p>Un dommage caus\u00e9 depuis un mois au r\u00e9seau d\u2019assainissement du chef-lieu de la commune de Saharidj, \u00e0 50 km au nord-est de Bouira, n\u2019a pas \u00e9t\u00e9 r\u00e9par\u00e9. Les eaux us\u00e9es se d\u00e9versent continuellement sur la voie publique, causant d\u2019\u00e9normes d\u00e9sagr\u00e9ments \u00e0 la population. \u00abCes eaux us\u00e9es qui coulent jour et nuit ont atteint plusieurs quartiers [&hellip;]<\/p>\n","protected":false},"author":1743,"featured_media":0,"comment_status":"closed","ping_status":"closed","sticky":false,"template":"","format":"standard","meta":{"fifu_image_url":"","fifu_image_alt":"","footnotes":""},"categories":[73,53],"tags":[],"class_list":["post-32574","post","type-post","status-publish","format-standard","hentry","category-actualite","category-algerie"],"_links":{"self":[{"href":"https:\/\/linitiative.ca\/International\/wp-json\/wp\/v2\/posts\/32574","targetHints":{"allow":["GET"]}}],"collection":[{"href":"https:\/\/linitiative.ca\/International\/wp-json\/wp\/v2\/posts"}],"about":[{"href":"https:\/\/linitiative.ca\/International\/wp-json\/wp\/v2\/types\/post"}],"author":[{"embeddable":true,"href":"https:\/\/linitiative.ca\/International\/wp-json\/wp\/v2\/users\/1743"}],"replies":[{"embeddable":true,"href":"https:\/\/linitiative.ca\/International\/wp-json\/wp\/v2\/comments?post=32574"}],"version-history":[{"count":0,"href":"https:\/\/linitiative.ca\/International\/wp-json\/wp\/v2\/posts\/32574\/revisions"}],"wp:attachment":[{"href":"https:\/\/linitiative.ca\/International\/wp-json\/wp\/v2\/media?parent=32574"}],"wp:term":[{"taxonomy":"category","embeddable":true,"href":"https:\/\/linitiative.ca\/International\/wp-json\/wp\/v2\/categories?post=32574"},{"taxonomy":"post_tag","embeddable":true,"href":"https:\/\/linitiative.ca\/International\/wp-json\/wp\/v2\/tags?post=32574"}],"curies":[{"name":"wp","href":"https:\/\/api.w.org\/{rel}","templated":true}]}}