{"id":32575,"date":"2019-05-06T05:00:43","date_gmt":"2019-05-06T09:00:43","guid":{"rendered":"https:\/\/linitiative.ca\/International\/draa-el-mizan-colere-des-handicapes\/"},"modified":"2019-05-06T05:00:43","modified_gmt":"2019-05-06T09:00:43","slug":"draa-el-mizan-colere-des-handicapes","status":"publish","type":"post","link":"https:\/\/linitiative.ca\/International\/draa-el-mizan-colere-des-handicapes\/","title":{"rendered":"Dr\u00e2a El Mizan :\u00a0Col\u00e8re des handicap\u00e9s"},"content":{"rendered":"<h4 class=\"title-14\"\/>\n<p class=\"p3\"><span class=\"s2\"><strong>L<\/strong><\/span><span class=\"s3\">a distribution de logements dans la commune de Dr\u00e2a El Mizan, qui a eu lieu il y a quelques jours, a provoqu\u00e9 une profonde protestation parmi les demandeurs, notamment les non-voyants et les handicap\u00e9s. On signale \u00e0 ce sujet que 114 personnes pr\u00e9sentant des handicaps divers ont d\u00e9pos\u00e9 des demandes et \u00ab<em>un seul postulant non-voyant parmi nous a b\u00e9n\u00e9fici\u00e9 d\u2019un logement et 113 en ont \u00e9t\u00e9 exclus<\/em>\u00bb, t\u00e9moigne Lounnas<span class=\"Apple-converted-space\">\u00a0<\/span> Fodhil.<\/span><\/p>\n<p class=\"p3\"><span class=\"s3\">Ce dernier, un trentenaire non-voyant, r\u00e9sidant au village Sanana, commune de Dr\u00e2a El Mizan, crie sa col\u00e8re : <em>\u00abJe suis aveugle \u00e0 100 %, sans activit\u00e9 salari\u00e9e, ni commerciale. Je per\u00e7ois l\u2019allocation forfaitaire de solidarit\u00e9<\/em> (<em>AFS), d\u2019un montant mensuel de 4000,00 DA pour vivre. Je suis h\u00e9berg\u00e9 chez mes parents, et je n\u2019ai jamais b\u00e9n\u00e9fici\u00e9 d\u2019aucune aide le l\u2019Etat li\u00e9e au logement. J\u2019ai d\u00e9pos\u00e9 une demande de logement social aupr\u00e8s de la da\u00efra de Dr\u00e2a El Mizan le 14 d\u00e9cembre 2012, enregistr\u00e9e sous le n\u00b0 818, et voil\u00e0 que je suis exclu de la liste des b\u00e9n\u00e9ficiaires.<\/em><\/span><\/p>\n<p class=\"p3\"><span class=\"s3\"><em>C\u2019est injuste, c\u2019est de la hogra.<\/em>\u00bb De nombreuses voix ont constat\u00e9 les irr\u00e9gularit\u00e9s dans la distribution des logements sociaux, situ\u00e9s \u00e0 la cit\u00e9 des 1000 Logements Cosider.<br \/>M. Lounnas, titulaire d\u2019un Master II en journalisme et sans perspectives d\u2019emploi, d\u00e9nonce : \u00ab<em>Les b\u00e9n\u00e9ficiaires sont en majorit\u00e9 des c\u00e9libataires, hommes et femmes, des gens nantis et disposant de biens immobiliers, des cas non prioritaires.<\/em><\/span><\/p>\n<p class=\"p3\"><span class=\"s3\"><em>La liste \u00e9labor\u00e9e par l\u2019APC pr\u00e9c\u00e9dente est dict\u00e9e par le passe-droit, le favoritisme et le client\u00e9lisme qui ont \u00e9t\u00e9 \u00e9rig\u00e9s en crit\u00e8res de s\u00e9lection au lieu que ce soit le nombre de points qui doit d\u00e9terminer le droit au logement.<\/em>\u00bb<\/span><\/p>\n<p class=\"p3\"><span class=\"s3\">Ce groupe de demandeurs exclus de la liste des b\u00e9n\u00e9ficiaires s\u2019organise, soutient-on, pour porter leurs revendications devant les autorit\u00e9s locales et d\u00e9plorent: <em>\u00abLe non-respect des personnes souffrant d\u2019handicaps<span class=\"Apple-converted-space\">\u00a0<\/span> m\u00e9ritent une prise en charge par l\u2019Etat et r\u00e9clament un traitement plus \u00e9quitable des dossiers.<\/em>\u00bb<span class=\"Apple-converted-space\">\u00a0\u00a0<\/span><\/span><\/p>\n<div class=\"yuzo_related_post style-1\" data-version=\"5.12.88\">\n<p><h3>Related Post<\/h3>\n<\/p>\n<div class=\"yuzo_wraps\">\n<div class=\"relatedthumb relatedpost-556099 c10\"><a href=\"https:\/\/www.elwatan.com\/regions\/ouest\/chlef\/un-centre-regional-du-materiel-inaugure-par-le-dgsn-02-02-2019\"\/><\/p>\n<p><span class=\"yuzo__text--title c9\">Un centre r\u00e9gional du mat\u00e9riel inaugur\u00e9 par le DGS&#8230;<\/span><\/div>\n<div class=\"relatedthumb relatedpost-364081 c10\"><a href=\"https:\/\/www.elwatan.com\/edition\/international\/violents-combats-a-mogadiscio-29-07-2011\"\/><\/p>\n<p><span class=\"yuzo__text--title c9\">Violents combats \u00e0 Mogadiscio<\/span><\/div>\n<div class=\"relatedthumb relatedpost-564240 c10\"><a href=\"https:\/\/www.elwatan.com\/edition\/actualite\/louisa-hanoune-bouteflika-doit-partir-a-la-fin-de-son-4e-mandat-17-03-2019\"\/><\/p>\n<p><span class=\"yuzo__text--title c9\">Louisa Hanoune : Bouteflika doit partir \u00e0 la fin d&#8230;<\/span><\/div>\n<div class=\"relatedthumb relatedpost-384556 c10\"><a href=\"https:\/\/www.elwatan.com\/edition\/sports\/et-de-deux-pour-le-csc-et-lusmba-28-12-2018\"\/><\/p>\n<p><span class=\"yuzo__text--title c9\">Et de deux pour le CSC et l\u2019USMBA<\/span><\/div>\n<\/div>\n<\/div>\n<p><span class=\"post-views-label\">Post Views:<\/span> <span class=\"post-views-count\">32<\/span><\/p>\n<p>Auteur: Anis Khecheba<br \/>\n<a href=\"https:\/\/www.elwatan.com\/regions\/kabylie\/tizi-ouzou\/draa-el-mizan-colere-des-handicapes-06-05-2019\">Cliquez ici pour lire l&rsquo;article depuis sa source.<\/a><\/p>\n","protected":false},"excerpt":{"rendered":"<p>La distribution de logements dans la commune de Dr\u00e2a El Mizan, qui a eu lieu il y a quelques jours, a provoqu\u00e9 une profonde protestation parmi les demandeurs, notamment les non-voyants et les handicap\u00e9s. On signale \u00e0 ce sujet que 114 personnes pr\u00e9sentant des handicaps divers ont d\u00e9pos\u00e9 des demandes et \u00abun seul postulant non-voyant [&hellip;]<\/p>\n","protected":false},"author":1743,"featured_media":0,"comment_status":"closed","ping_status":"closed","sticky":false,"template":"","format":"standard","meta":{"fifu_image_url":"","fifu_image_alt":"","footnotes":""},"categories":[73,53],"tags":[],"class_list":["post-32575","post","type-post","status-publish","format-standard","hentry","category-actualite","category-algerie"],"_links":{"self":[{"href":"https:\/\/linitiative.ca\/International\/wp-json\/wp\/v2\/posts\/32575","targetHints":{"allow":["GET"]}}],"collection":[{"href":"https:\/\/linitiative.ca\/International\/wp-json\/wp\/v2\/posts"}],"about":[{"href":"https:\/\/linitiative.ca\/International\/wp-json\/wp\/v2\/types\/post"}],"author":[{"embeddable":true,"href":"https:\/\/linitiative.ca\/International\/wp-json\/wp\/v2\/users\/1743"}],"replies":[{"embeddable":true,"href":"https:\/\/linitiative.ca\/International\/wp-json\/wp\/v2\/comments?post=32575"}],"version-history":[{"count":0,"href":"https:\/\/linitiative.ca\/International\/wp-json\/wp\/v2\/posts\/32575\/revisions"}],"wp:attachment":[{"href":"https:\/\/linitiative.ca\/International\/wp-json\/wp\/v2\/media?parent=32575"}],"wp:term":[{"taxonomy":"category","embeddable":true,"href":"https:\/\/linitiative.ca\/International\/wp-json\/wp\/v2\/categories?post=32575"},{"taxonomy":"post_tag","embeddable":true,"href":"https:\/\/linitiative.ca\/International\/wp-json\/wp\/v2\/tags?post=32575"}],"curies":[{"name":"wp","href":"https:\/\/api.w.org\/{rel}","templated":true}]}}