{"id":32576,"date":"2019-05-06T05:00:45","date_gmt":"2019-05-06T09:00:45","guid":{"rendered":"https:\/\/linitiative.ca\/International\/ivehlal-aghbalou-manque-dinfrastructures-de-jeunes\/"},"modified":"2019-05-06T05:00:45","modified_gmt":"2019-05-06T09:00:45","slug":"ivehlal-aghbalou-manque-dinfrastructures-de-jeunes","status":"publish","type":"post","link":"https:\/\/linitiative.ca\/International\/ivehlal-aghbalou-manque-dinfrastructures-de-jeunes\/","title":{"rendered":"(Ivehlal)\u00a0Aghbalou :\u00a0Manque d\u2019infrastructures de jeunes"},"content":{"rendered":"<h4 class=\"title-14\"\/>\n<p class=\"p4\"><span class=\"s2\"><strong>L<\/strong><\/span><span class=\"s3\">a localit\u00e9 d\u2019Ivahlal (commune d\u2019Aghbalou), \u00e0 55 km \u00e0 l\u2019est de Bouira, accuse un manque en infrastructures de jeunes et de loisirs. Pourtant, des projets ont \u00e9t\u00e9 lanc\u00e9s dans le pass\u00e9, mais ils n\u2019ont pas vu le jour. C\u2019est le cas d\u2019un stade de football, dont les travaux de terrassement ont \u00e9t\u00e9 lanc\u00e9s durant les ann\u00e9es 1990, mais abandonn\u00e9s.<\/span><\/p>\n<p class=\"p4\"><span class=\"s3\">\u00ab<em>Les travaux ont co\u00fbt\u00e9 100 millions de centimes. Aujourd\u2019hui, cette aire de jeu n\u2019est m\u00eame pas cl\u00f4tur\u00e9e<\/em>\u00bb, dira Khaled Chili, membre du comit\u00e9 du village. Une promesse a \u00e9t\u00e9 faite par le P\/APW de Bouira, lors d\u2019une visite effectu\u00e9e dans la r\u00e9gion, de construire une salle polyvalente \u00e0 la place du terrain de football. Mais, sans suite.<\/span><\/p>\n<p class=\"p4\"><span class=\"s3\">Par ailleurs, gr\u00e2ce \u00e0 la solidarit\u00e9 citoyenne, une m\u00e9diath\u00e8que a \u00e9t\u00e9 construite l\u2019ann\u00e9e derni\u00e8re. N\u00e9anmoins, l\u2019infrastructure n\u2019arrive pas \u00e0 contenir le nombre de jeunes qui fr\u00e9quentent l\u2019\u00e9tablissement, notamment durant les week-ends. \u00ab<em>Cet espace est tout le temps anim\u00e9.<\/em><\/span><\/p>\n<p class=\"p4\"><span class=\"s3\"><em>On y trouve plusieurs activit\u00e9s, comme le th\u00e9\u00e2tre, la musique, l\u2019informatique, etc. Des b\u00e9n\u00e9voles prodiguent des cours de soutien aux \u00e9l\u00e8ves. Nous disposons aussi d\u2019une biblioth\u00e8que de 4000 livres. Nous avons besoin d\u2019autres espaces similaires pour notre jeunesse<\/em>\u00bb, dira Salah Chalhi, directeur de la m\u00e9diath\u00e8que. Parmi les projets que compte lancer le comit\u00e9 du village, l\u2019am\u00e9nagement d\u2019un man\u00e8ge pour les enfants de la localit\u00e9 peupl\u00e9e de plus de 4000 habitants.\u00a0<\/span><\/p>\n<div class=\"yuzo_related_post style-1\" data-version=\"5.12.88\">\n<p><h3>Related Post<\/h3>\n<\/p>\n<div class=\"yuzo_wraps\">\n<div class=\"relatedthumb relatedpost-570131 c10\"><a href=\"https:\/\/www.elwatan.com\/edition\/actualite\/il-devait-animer-une-conference-debat-mustapha-bouchachi-interdit-dacces-a-luniversite-de-blida-16-04-2019\"\/><\/p>\n<p><span class=\"yuzo__text--title c9\">Il devait animer une conf\u00e9rence-d\u00e9bat : Mustapha B&#8230;<\/span><\/div>\n<div class=\"relatedthumb relatedpost-566567 c10\"><a href=\"https:\/\/www.elwatan.com\/edition\/actualite\/taj-pollue-lenvironnement-29-03-2019\"\/><\/p>\n<p><span class=\"yuzo__text--title c9\">Taj pollue l\u2019environnement !<\/span><\/div>\n<div class=\"relatedthumb relatedpost-576436 c10\"><a href=\"https:\/\/www.elwatan.com\/regions\/kabylie\/bejaia\/sidi-aich-du-gaz-pour-bouzermane-05-05-2019\"\/><\/p>\n<p><span class=\"yuzo__text--title c9\">Sidi A\u00eech : Du gaz pour Bouzermane<\/span><\/div>\n<div class=\"relatedthumb relatedpost-383852 c10\"><a href=\"https:\/\/www.elwatan.com\/regions\/sud\/actu-sud\/touggourt-formation-a-leducation-environnementale-22-01-2012\"\/><\/p>\n<p><span class=\"yuzo__text--title c9\">Touggourt. Formation \u00e0 l\u2019\u00e9ducation environnemental&#8230;<\/span><\/div>\n<\/div>\n<\/div>\n<p><span class=\"post-views-label\">Post Views:<\/span> <span class=\"post-views-count\">30<\/span><\/p>\n<p>Auteur: Anis Khecheba<br \/>\n<a href=\"https:\/\/www.elwatan.com\/regions\/kabylie\/bouira\/ivehlal-aghbalou-manque-dinfrastructures-de-jeunes-06-05-2019\">Cliquez ici pour lire l&rsquo;article depuis sa source.<\/a><\/p>\n","protected":false},"excerpt":{"rendered":"<p>La localit\u00e9 d\u2019Ivahlal (commune d\u2019Aghbalou), \u00e0 55 km \u00e0 l\u2019est de Bouira, accuse un manque en infrastructures de jeunes et de loisirs. Pourtant, des projets ont \u00e9t\u00e9 lanc\u00e9s dans le pass\u00e9, mais ils n\u2019ont pas vu le jour. C\u2019est le cas d\u2019un stade de football, dont les travaux de terrassement ont \u00e9t\u00e9 lanc\u00e9s durant les [&hellip;]<\/p>\n","protected":false},"author":1743,"featured_media":0,"comment_status":"closed","ping_status":"closed","sticky":false,"template":"","format":"standard","meta":{"fifu_image_url":"","fifu_image_alt":"","footnotes":""},"categories":[73,53],"tags":[],"class_list":["post-32576","post","type-post","status-publish","format-standard","hentry","category-actualite","category-algerie"],"_links":{"self":[{"href":"https:\/\/linitiative.ca\/International\/wp-json\/wp\/v2\/posts\/32576","targetHints":{"allow":["GET"]}}],"collection":[{"href":"https:\/\/linitiative.ca\/International\/wp-json\/wp\/v2\/posts"}],"about":[{"href":"https:\/\/linitiative.ca\/International\/wp-json\/wp\/v2\/types\/post"}],"author":[{"embeddable":true,"href":"https:\/\/linitiative.ca\/International\/wp-json\/wp\/v2\/users\/1743"}],"replies":[{"embeddable":true,"href":"https:\/\/linitiative.ca\/International\/wp-json\/wp\/v2\/comments?post=32576"}],"version-history":[{"count":0,"href":"https:\/\/linitiative.ca\/International\/wp-json\/wp\/v2\/posts\/32576\/revisions"}],"wp:attachment":[{"href":"https:\/\/linitiative.ca\/International\/wp-json\/wp\/v2\/media?parent=32576"}],"wp:term":[{"taxonomy":"category","embeddable":true,"href":"https:\/\/linitiative.ca\/International\/wp-json\/wp\/v2\/categories?post=32576"},{"taxonomy":"post_tag","embeddable":true,"href":"https:\/\/linitiative.ca\/International\/wp-json\/wp\/v2\/tags?post=32576"}],"curies":[{"name":"wp","href":"https:\/\/api.w.org\/{rel}","templated":true}]}}