{"id":32577,"date":"2019-05-06T05:00:51","date_gmt":"2019-05-06T09:00:51","guid":{"rendered":"https:\/\/linitiative.ca\/International\/adrar-les-fonctionnaires-de-la-direction-de-lemploi-manifestent\/"},"modified":"2019-05-06T05:00:51","modified_gmt":"2019-05-06T09:00:51","slug":"adrar-les-fonctionnaires-de-la-direction-de-lemploi-manifestent","status":"publish","type":"post","link":"https:\/\/linitiative.ca\/International\/adrar-les-fonctionnaires-de-la-direction-de-lemploi-manifestent\/","title":{"rendered":"Adrar : Les fonctionnaires de la direction de l\u2019emploi manifestent"},"content":{"rendered":"<h4 class=\"title-14\"\/>\n<div class=\"featured_image\">\n<p><img loading=\"lazy\" decoding=\"async\" width=\"800\" height=\"599\" src=\"https:\/\/www.elwatan.com\/wp-content\/uploads\/2019\/05\/manifestatnts.jpg\" class=\"attachment-post-thumbnail size-post-thumbnail wp-post-image\" alt=\"\" srcset=\"https:\/\/www.elwatan.com\/wp-content\/uploads\/2019\/05\/manifestatnts.jpg 800w, https:\/\/www.elwatan.com\/wp-content\/uploads\/2019\/05\/manifestatnts-300x225.jpg 300w, https:\/\/www.elwatan.com\/wp-content\/uploads\/2019\/05\/manifestatnts-768x575.jpg 768w\" sizes=\"auto, (max-width: 800px) 100vw, 800px\"\/><\/p>\n<\/div>\n<p class=\"p3\"><span class=\"s4\">Les fonctionnaires de la direction de l\u2019emploi d\u2019Adrar ont observ\u00e9, hier, un sit-in pour d\u00e9noncer la gestion de leur directeur.<\/span><\/p>\n<p class=\"p3\"><span class=\"s5\"><strong>P<\/strong><\/span><span class=\"s4\">r\u00e8s d\u2019une quarantaine de fonctionnaires de la direction de l\u2019emploi ont tenu, durant la journ\u00e9e d\u2019hier, un sit-in devant l\u2019entr\u00e9e de leur institution, et cela en guise de protestation contre la gestion et le comportement qu\u2019ils qualifient d\u2019 \u00abintol\u00e9rables\u00bb de la part de leur premier responsable. C\u2019est ainsi qu\u2019ils ont bloqu\u00e9 l\u2019acc\u00e8s aux citoyens demandeurs d\u2019emploi.<\/span><\/p>\n<p class=\"p3\"><span class=\"s4\">En effet, dans une requ\u00eate qu\u2019ils auraient adress\u00e9e \u00e0 leur ministre et dont une copie nous a \u00e9t\u00e9 remise, ces fonctionnaires d\u00e9noncent point par point toute une s\u00e9rie de d\u00e9cisions prises par leur responsable \u00e0 l\u2019encontre du personnel et qu\u2019ils jugent <em>\u00abtr\u00e8s abusives et non conformes au r\u00e8glement int\u00e9rieur de l\u2019administration, ainsi qu\u2019au statut g\u00e9n\u00e9ral de la Fonction publique\u00bb<\/em>.<\/span><\/p>\n<p class=\"p3\"><span class=\"s4\">Ils lui reprochent surtout l\u2019agressivit\u00e9 de son comportement et la pression \u00e0 laquelle ils sont soumis au quotidien. Ils ne supportent plus ses agissements. Selon leur porte-parole, ces fonctionnaires ont souvent fait les frais du caract\u00e8re impulsif de leur gestionnaire, auquel il arrive d\u2019\u00e9corcher leur dignit\u00e9. Dans ce sens, il nous lan\u00e7a\u00a0: <em>\u00abCe directeur, qui n\u2019est encore qu\u2019un int\u00e9rimaire, car il n\u2019est pas nomm\u00e9 officiellement, se permet de prendre des d\u00e9cisions et de prononcer des sanctions souvent s\u00e9v\u00e8res et non r\u00e9glementaires.<\/em><\/span><\/p>\n<p class=\"p3\"><span class=\"s4\"><em>Il a, par exemple, proc\u00e9d\u00e9 \u00e0 des mutations unilat\u00e9ralement d\u2019agents en poste. Il exerce des pressions inacceptables sur des agents en exercice, et cela en pr\u00e9sence m\u00eame de citoyens. Il nous menace de faire appel aux services de s\u00e9curit\u00e9. Il ne respecte m\u00eame pas la valeur des grades dans la hi\u00e9rarchie administrative et met tous les fonctionnaires dans le m\u00eame panier.\u00bb<\/em> Pour finir, les protestataires nous affirment qu\u2019ils reprendront leur service lundi, en attendant la r\u00e9ponse de leur tutelle, pour voir si leur plainte \u00e9t\u00e9 prise en consid\u00e9ration ou non, avant de d\u00e9cider d\u2019une autre action.\u00a0<\/span><\/p>\n<div class=\"yuzo_related_post style-1\" data-version=\"5.12.88\">\n<p><h3>Related Post<\/h3>\n<\/p>\n<div class=\"yuzo_wraps\">\n<div class=\"relatedthumb relatedpost-297036 c10\"><a href=\"https:\/\/www.elwatan.com\/pages-hebdo\/multimedia\/la-caravane-dal-fadjr-au-plus-proche-des-lecteurs-07-08-2009\"\/><\/p>\n<p><span class=\"yuzo__text--title c9\">La caravane d\u2019Al Fadjr, au plus proche des lecteu&#8230;<\/span><\/div>\n<div class=\"relatedthumb relatedpost-553255 c10\"><a href=\"https:\/\/www.elwatan.com\/edition\/sports\/usm-alger-un-match-a-ne-pas-rater-15-01-2019\"\/><\/p>\n<p><span class=\"yuzo__text--title c9\">USM Alger :\u00a0Un match \u00e0 ne pas rater<\/span><\/div>\n<div class=\"relatedthumb relatedpost-572118 c10\"><a href=\"https:\/\/www.elwatan.com\/regions\/ouest\/actu-ouest\/maghnia-redouane-lahneche-un-mecene-au-service-des-sports-23-04-2019\"\/><\/p>\n<p><span class=\"yuzo__text--title c9\">Maghnia\u00a0:\u00a0Redouane Lahn\u00e8che, un m\u00e9c\u00e8ne au service &#8230;<\/span><\/div>\n<\/div>\n<\/div>\n<p><span class=\"post-views-label\">Post Views:<\/span> <span class=\"post-views-count\">66<\/span><\/p>\n<p>Auteur: Anis Khecheba<br \/>\n<a href=\"https:\/\/www.elwatan.com\/regions\/ouest\/actu-ouest\/adrar-les-fonctionnaires-de-la-direction-de-lemploi-manifestent-06-05-2019\">Cliquez ici pour lire l&rsquo;article depuis sa source.<\/a><\/p>\n","protected":false},"excerpt":{"rendered":"<p>Les fonctionnaires de la direction de l\u2019emploi d\u2019Adrar ont observ\u00e9, hier, un sit-in pour d\u00e9noncer la gestion de leur directeur. Pr\u00e8s d\u2019une quarantaine de fonctionnaires de la direction de l\u2019emploi ont tenu, durant la journ\u00e9e d\u2019hier, un sit-in devant l\u2019entr\u00e9e de leur institution, et cela en guise de protestation contre la gestion et le comportement [&hellip;]<\/p>\n","protected":false},"author":1743,"featured_media":32578,"comment_status":"closed","ping_status":"closed","sticky":false,"template":"","format":"standard","meta":{"fifu_image_url":"","fifu_image_alt":"","footnotes":""},"categories":[73,53],"tags":[],"class_list":["post-32577","post","type-post","status-publish","format-standard","has-post-thumbnail","hentry","category-actualite","category-algerie"],"_links":{"self":[{"href":"https:\/\/linitiative.ca\/International\/wp-json\/wp\/v2\/posts\/32577","targetHints":{"allow":["GET"]}}],"collection":[{"href":"https:\/\/linitiative.ca\/International\/wp-json\/wp\/v2\/posts"}],"about":[{"href":"https:\/\/linitiative.ca\/International\/wp-json\/wp\/v2\/types\/post"}],"author":[{"embeddable":true,"href":"https:\/\/linitiative.ca\/International\/wp-json\/wp\/v2\/users\/1743"}],"replies":[{"embeddable":true,"href":"https:\/\/linitiative.ca\/International\/wp-json\/wp\/v2\/comments?post=32577"}],"version-history":[{"count":0,"href":"https:\/\/linitiative.ca\/International\/wp-json\/wp\/v2\/posts\/32577\/revisions"}],"wp:featuredmedia":[{"embeddable":true,"href":"https:\/\/linitiative.ca\/International\/wp-json\/"}],"wp:attachment":[{"href":"https:\/\/linitiative.ca\/International\/wp-json\/wp\/v2\/media?parent=32577"}],"wp:term":[{"taxonomy":"category","embeddable":true,"href":"https:\/\/linitiative.ca\/International\/wp-json\/wp\/v2\/categories?post=32577"},{"taxonomy":"post_tag","embeddable":true,"href":"https:\/\/linitiative.ca\/International\/wp-json\/wp\/v2\/tags?post=32577"}],"curies":[{"name":"wp","href":"https:\/\/api.w.org\/{rel}","templated":true}]}}