{"id":32579,"date":"2019-05-06T05:00:52","date_gmt":"2019-05-06T09:00:52","guid":{"rendered":"https:\/\/linitiative.ca\/International\/le-theatre-de-verdure-bientot-receptionne\/"},"modified":"2019-05-06T05:00:52","modified_gmt":"2019-05-06T09:00:52","slug":"le-theatre-de-verdure-bientot-receptionne","status":"publish","type":"post","link":"https:\/\/linitiative.ca\/International\/le-theatre-de-verdure-bientot-receptionne\/","title":{"rendered":"Le Th\u00e9\u00e2tre de verdure bient\u00f4t r\u00e9ceptionn\u00e9"},"content":{"rendered":"<h4 class=\"title-14\">Infrastructures culturelles \u00e0 Tizi Ouzou<\/h4>\n<div class=\"featured_image\">\n<p><img loading=\"lazy\" decoding=\"async\" width=\"800\" height=\"600\" src=\"https:\/\/www.elwatan.com\/wp-content\/uploads\/2019\/05\/The%CC%81atre.jpg\" class=\"attachment-post-thumbnail size-post-thumbnail wp-post-image\" alt=\"\" srcset=\"https:\/\/www.elwatan.com\/wp-content\/uploads\/2019\/05\/The\u0301atre.jpg 800w, https:\/\/www.elwatan.com\/wp-content\/uploads\/2019\/05\/The\u0301atre-300x225.jpg 300w, https:\/\/www.elwatan.com\/wp-content\/uploads\/2019\/05\/The\u0301atre-768x576.jpg 768w\" sizes=\"auto, (max-width: 800px) 100vw, 800px\"\/><\/p>\n<\/div>\n<p class=\"p5\"><span class=\"s3\"><strong>Ce b\u00e2timent, r\u00e9nov\u00e9 et d\u2019une capacit\u00e9 de 900 places, existe depuis plusieurs ann\u00e9es. Les sept biblioth\u00e8ques communales, r\u00e9ceptionn\u00e9es depuis 2017, manquent de personnel.<\/strong><\/span><\/p>\n<p class=\"p5\"><span class=\"s4\"><strong>L<\/strong><\/span><span class=\"s3\">e Th\u00e9\u00e2tre de verdure de la ville de Tizi Ouzou sera op\u00e9rationnel au cours de la saison estivale prochaine.<\/span> <span class=\"s3\">\u00ab<em>Le projet est achev\u00e9 \u00e0 100%, l\u2019\u00e9quipement sera disponible incessamment et sa mise en exploitation interviendra durant l\u2019\u00e9t\u00e9 2019.<\/em>\u00bb C\u2019est ce qu\u2019a indiqu\u00e9 \u00e0 <em>El Watan<\/em> la directrice de la culture de la wilaya de Tizi Ouzou, Nabila Goumeziene. Cette nouvelle structure, d\u2019une capacit\u00e9 d\u2019accueil de 900 places, est une extension de l\u2019ancien th\u00e9\u00e2tre de plein air implant\u00e9 \u00e0 c\u00f4t\u00e9 de la maison de la culture Mouloud Mammeri, \u00e0 l\u2019abandon depuis plusieurs ann\u00e9es.<\/span><\/p>\n<p class=\"p5\"><span class=\"s3\">Elle est dot\u00e9e d\u2019espaces destin\u00e9s \u00e0 la promotion de l\u2019activit\u00e9 culturelle, dont une galerie d\u2019art et d\u2019expositions, des boutiques pour produits artisanaux et des structures d\u2019accompagnement. La direction locale de la culture compte l\u2019ouvrir au public d\u00e8s cet \u00e9t\u00e9 \u00ab<em>pour abriter diverses activit\u00e9s, dont des galas artistiques, des repr\u00e9sentations th\u00e9\u00e2trales, des r\u00e9citals po\u00e9tiques, voire des festivals qu\u2019accueillait jusque-l\u00e0 la grande salle de spectacles de la Maison de la culture<\/em>\u00bb, a-t-on indiqu\u00e9. Le projet, qui devait \u00eatre inaugur\u00e9 en 2016, a connu de nombreuses p\u00e9rip\u00e9ties ayant retard\u00e9 la cadence des travaux, notamment le confortement des gradins de cette structure qui date des ann\u00e9es 1970. \u00ab<em>Nous sommes satisfaits de la qualit\u00e9 des travaux entrepris. Ce projet est un acquis pour le secteur de la culture.<\/em><\/span><\/p>\n<p class=\"p5\"><span class=\"s3\"><em>A son ouverture, le th\u00e9\u00e2tre de verdure de la ville de Tizi Ouzou viendra en appui aux structures r\u00e9ceptionn\u00e9es depuis 2016, l\u2019objectif \u00e9tant de redynamiser l\u2019action culturelle, aussi bien au chef-lieu de la wilaya qu\u2019\u00e0 travers les communes<\/em>\u00bb, indique la directrice de la culture.<\/span><\/p>\n<p class=\"p5\"><span class=\"s3\">M<sup>me<\/sup> Goumeziene a rappel\u00e9 aussi que le secteur de la culture dans la wilaya de Tizi Ouzou a b\u00e9n\u00e9fici\u00e9 de nombreux projets, citant la biblioth\u00e8que principale de lecture publique implant\u00e9e<span class=\"Apple-converted-space\">\u00a0<\/span> sur le boulevard Stiti et qui offre des espaces de lecture \u00e0 quelque 7000 adh\u00e9rents. M<sup>me<\/sup> Goumeziene signale que cet \u00e9tablissement, dot\u00e9 de plus de 9000 ouvrages, prend en charge toutes les franges de la soci\u00e9t\u00e9, y compris les non-voyants, avec un atelier de braille.<\/span><\/p>\n<p class=\"p5\"><span class=\"s3\">D\u2019autres biblioth\u00e8ques de lecture publique ont \u00e9t\u00e9 r\u00e9ceptionn\u00e9es et \u00e9quip\u00e9es depuis 2017 dans<span class=\"Apple-converted-space\">\u00a0<\/span> des communes rurales, \u00e0 l\u2019instar de celle d\u2019Illilt\u00e8ne, la salle de lecture Ziad Mohand Sa\u00efd, \u00e0<span class=\"Apple-converted-space\">\u00a0<\/span> Mekla, et cinq autres biblioth\u00e8ques \u00e0 Ath Khelili, Ath Douala, Tigzirt, Tizi Ghenif et Makouda, a soulign\u00e9 la directrice de la culture de Tizi Ouzou. Il est \u00e0 signaler un manque de personnel encadreur au niveau des biblioth\u00e8ques communales, comme au niveau de la biblioth\u00e8que principale de lecture publique, inaugur\u00e9e en 2017.<\/span><\/p>\n<p class=\"p5\"><span class=\"s3\">Pour l\u2019am\u00e9lioration de l\u2019exploitation des biblioth\u00e8ques, la direction locale de la culture a entrepris des cycles de formation au niveau de cette structure en vue de donner des notions de base sur la gestion et le fonctionnement de ces espaces. Une demande a, par ailleurs, \u00e9t\u00e9 introduite dans le cadre du pr\u00e9emploi en vue de pourvoir certaines salles de lecture en encadreurs.<\/span><\/p>\n<div class=\"yuzo_related_post style-1\" data-version=\"5.12.88\">\n<p><h3>Related Post<\/h3>\n<\/p>\n<div class=\"yuzo_wraps\">\n<div class=\"relatedthumb relatedpost-379076 c10\"><a href=\"https:\/\/www.elwatan.com\/edition\/international\/israel-olmert-inculpe-de-corruption-06-01-2012\"\/><\/p>\n<p><span class=\"yuzo__text--title c9\">Isra\u00ebl. Olmert inculp\u00e9 de corruption<\/span><\/div>\n<div class=\"relatedthumb relatedpost-154200 c10\"><a href=\"https:\/\/www.elwatan.com\/edition\/sports\/usm-alger-0-mc-alger-0-un-nul-qui-narrange-personne-07-10-2018\"\/><\/p>\n<p><span class=\"yuzo__text--title c9\">USM Alger 0 \u2013 MC Alger 0 : Un nul qui n\u2019arrange pe&#8230;<\/span><\/div>\n<div class=\"relatedthumb relatedpost-562804 c10\"><a href=\"https:\/\/www.elwatan.com\/edition\/sports\/angleterre-30e-journee-arsenal-manchester-united-pour-une-place-en-c1-09-03-2019\"\/><\/p>\n<p><span class=\"yuzo__text--title c9\">Angleterre \u2013 30e journ\u00e9e :\u00a0Arsenal \u2013 Manches&#8230;<\/span><\/div>\n<div class=\"relatedthumb relatedpost-500084 c10\"><a href=\"https:\/\/www.elwatan.com\/edition\/sports\/mo-bejaia-bouazza-4e-recrue-08-01-2019\"\/><\/p>\n<p><span class=\"yuzo__text--title c9\">MO B\u00e9ja\u00efa : Bouazza, 4e recrue<\/span><\/div>\n<\/div>\n<\/div>\n<p><span class=\"post-views-label\">Post Views:<\/span> <span class=\"post-views-count\">398<\/span><\/p>\n<p>Auteur: Anis Khecheba<br \/>\n<a href=\"https:\/\/www.elwatan.com\/regions\/kabylie\/bouira\/le-theatre-de-verdure-bientot-receptionne-06-05-2019\">Cliquez ici pour lire l&rsquo;article depuis sa source.<\/a><\/p>\n","protected":false},"excerpt":{"rendered":"<p>Infrastructures culturelles \u00e0 Tizi Ouzou Ce b\u00e2timent, r\u00e9nov\u00e9 et d\u2019une capacit\u00e9 de 900 places, existe depuis plusieurs ann\u00e9es. Les sept biblioth\u00e8ques communales, r\u00e9ceptionn\u00e9es depuis 2017, manquent de personnel. Le Th\u00e9\u00e2tre de verdure de la ville de Tizi Ouzou sera op\u00e9rationnel au cours de la saison estivale prochaine. \u00abLe projet est achev\u00e9 \u00e0 100%, l\u2019\u00e9quipement sera [&hellip;]<\/p>\n","protected":false},"author":1743,"featured_media":32580,"comment_status":"closed","ping_status":"closed","sticky":false,"template":"","format":"standard","meta":{"fifu_image_url":"","fifu_image_alt":"","footnotes":""},"categories":[73,53],"tags":[],"class_list":["post-32579","post","type-post","status-publish","format-standard","has-post-thumbnail","hentry","category-actualite","category-algerie"],"_links":{"self":[{"href":"https:\/\/linitiative.ca\/International\/wp-json\/wp\/v2\/posts\/32579","targetHints":{"allow":["GET"]}}],"collection":[{"href":"https:\/\/linitiative.ca\/International\/wp-json\/wp\/v2\/posts"}],"about":[{"href":"https:\/\/linitiative.ca\/International\/wp-json\/wp\/v2\/types\/post"}],"author":[{"embeddable":true,"href":"https:\/\/linitiative.ca\/International\/wp-json\/wp\/v2\/users\/1743"}],"replies":[{"embeddable":true,"href":"https:\/\/linitiative.ca\/International\/wp-json\/wp\/v2\/comments?post=32579"}],"version-history":[{"count":0,"href":"https:\/\/linitiative.ca\/International\/wp-json\/wp\/v2\/posts\/32579\/revisions"}],"wp:featuredmedia":[{"embeddable":true,"href":"https:\/\/linitiative.ca\/International\/wp-json\/"}],"wp:attachment":[{"href":"https:\/\/linitiative.ca\/International\/wp-json\/wp\/v2\/media?parent=32579"}],"wp:term":[{"taxonomy":"category","embeddable":true,"href":"https:\/\/linitiative.ca\/International\/wp-json\/wp\/v2\/categories?post=32579"},{"taxonomy":"post_tag","embeddable":true,"href":"https:\/\/linitiative.ca\/International\/wp-json\/wp\/v2\/tags?post=32579"}],"curies":[{"name":"wp","href":"https:\/\/api.w.org\/{rel}","templated":true}]}}