{"id":32581,"date":"2019-05-06T05:52:25","date_gmt":"2019-05-06T09:52:25","guid":{"rendered":"https:\/\/linitiative.ca\/International\/mobilisation-a-paris-la-justice-doit-dire-au-peuple-ce-quelle-fait-exactement\/"},"modified":"2019-05-06T05:52:25","modified_gmt":"2019-05-06T09:52:25","slug":"mobilisation-a-paris-la-justice-doit-dire-au-peuple-ce-quelle-fait-exactement","status":"publish","type":"post","link":"https:\/\/linitiative.ca\/International\/mobilisation-a-paris-la-justice-doit-dire-au-peuple-ce-quelle-fait-exactement\/","title":{"rendered":"Mobilisation \u00e0 Paris :\u00a0\u00ab\u00a0La justice doit dire au peuple ce qu\u2019elle fait\u00a0exactement \u00bb"},"content":{"rendered":"<h4 class=\"title-14\"\/>\n<div class=\"featured_image\">\n<p><img loading=\"lazy\" decoding=\"async\" width=\"1000\" height=\"643\" src=\"https:\/\/www.elwatan.com\/wp-content\/uploads\/2019\/05\/IMG-3112.jpg\" class=\"attachment-post-thumbnail size-post-thumbnail wp-post-image\" alt=\"\" srcset=\"https:\/\/www.elwatan.com\/wp-content\/uploads\/2019\/05\/IMG-3112.jpg 1000w, https:\/\/www.elwatan.com\/wp-content\/uploads\/2019\/05\/IMG-3112-300x193.jpg 300w, https:\/\/www.elwatan.com\/wp-content\/uploads\/2019\/05\/IMG-3112-768x494.jpg 768w\" sizes=\"auto, (max-width: 1000px) 100vw, 1000px\"\/><\/p>\n<\/div>\n<p>Onzi\u00e8me dimanche de mobilisation \u00e0 Paris\u00a0et dans de nombreuses villes d\u2019Europe et d\u2019Am\u00e9rique.\u00a0La diaspora alg\u00e9rienne est sortie en masse, malgr\u00e9 le mauvais temps,\u00a0\u00a0pour demander le d\u00e9part de tous les visages du syst\u00e8me sans exception.<\/p>\n<p>Dimanche \u00e0 la place de la R\u00e9publique, les manifestants se sont r\u00e9jouis de voir Said Bouteflika et les g\u00e9n\u00e9raux Toufik M\u00e9di\u00e8ne et Bachir Tartag derri\u00e8re les barreaux.<\/p>\n<p>Mais ils ont demand\u00e9 aussi le d\u00e9part de Gaid Salah, du gouvernement Bedoui ainsi que du pr\u00e9sident par int\u00e9rim Abdelkader Bensalah.<\/p>\n<p>Muni d\u2019une pancarte sur lequel est \u00e9crit \u00ab\u00a0<em>d\u00e9gagez tous<\/em>\u00a0\u00bb,\u00a0\u00a0Nabil, un \u00e9tudiant alg\u00e9rien, revendique un \u00ab\u00a0 <em>nettoyage\u00a0<\/em>\u00bb total de la classe politique \u00ab\u00a0<em>corrompue et qui a suc\u00e9 le sang des alg\u00e9riens depuis l\u2019ind\u00e9pendance<\/em>\u00a0\u00bb\u00a0\u00a0selon lui.<\/p>\n<p>\u00ab\u00a0<em>En v\u00e9rit\u00e9, ces arrestations, bien qu\u2019elles soient positives, ne r\u00e8gleront pas le probl\u00e8me central qui est l\u2019arriv\u00e9e d\u2019une nouvelle Alg\u00e9rie d\u00e9mocratique et libre<\/em>\u00a0\u00bb a-t-il expliqu\u00e9 pour El Watan. \u00ab\u00a0<em>Certes, Le peuple suit de pr\u00e8s ce qui se passe mais refuse de se satisfaire uniquement de ces t\u00eates qui tombent. Ce qu\u2019il veut, c\u2019est qu\u2019ils partent tous et qu\u2019une nouvelle classe politique cultiv\u00e9e et d\u00e9mocrate arrive\u00a0\u00a0au pouvoir, organise de vraies \u00e9lections pr\u00e9sidentielles et l\u00e9gislatives et s\u2019att\u00e8le ensuite au red\u00e9marrage de l\u2019\u00e9conomie nationale. Ce que fait Gaid Salah n\u2019est que repl\u00e2trage et poudre aux yeux<\/em>\u00a0\u00bb.<\/p>\n<p><strong><em>\u00ab\u00a0Vous ne\u00a0\u00a0pourrez pas nous diviser\u00a0\u00bb<\/em><\/strong><\/p>\n<p>Les manifestants ont cette fois- ci concentr\u00e9 leurs critiques sur Gaid Salah et B\u00e9doui. Tous les deux doivent partir, ont \u2013ils cri\u00e9 \u00e0 gorges d\u00e9ploy\u00e9es. \u00ab\u00a0<em>Vous devez partir. Vous ne\u00a0\u00a0pourrez pas nous diviser. Notre force est dans notre unit\u00e9<\/em>\u00a0\u00bb, ont \u2013il clam\u00e9.<\/p>\n<p>Lors d\u2019une prise de parole, un autre manifestant a comment\u00e9 l\u2019actualit\u00e9 des derniers jours, notamment les interventions du vice-ministre de la d\u00e9fense. \u00ab\u00a0<em>Le chef de l\u2019\u2019\u00e9tat major a adress\u00e9 deux discours. Il nous demande d\u2019aller voter le 4 juillet prochain et de \u00a0discuter. Mais nous on lui dit, \u00a0avec qui discuter. Avec des voleurs. Des corrompus. Le peuple refuse le dialogue avec tous les r\u00e9sidus du syst\u00e8me<\/em>\u00a0\u00bb.<\/p>\n<p>Les manifestants ont \u00e9galement demand\u00e9 \u00e0 l\u2019institution judiciaire de dire au peuple \u00ab\u00a0<em>ce qu\u2019elle fait\u00a0exactement<\/em>\u00bb. \u00ab\u00a0<em>Le peuple est souverain. La justice doit donc nous dire ce qu\u2019elle fait. Nous refusons de jeter en p\u00e2ture telle ou telle personne. Nous demandons des images, de voir si ceux qui ont \u00e9t\u00e9 arr\u00eat\u00e9s, l\u2019ont \u00e9t\u00e9 vraiment<\/em>\u00a0\u00bb. Et de s\u2019interroger\u00a0: \u00ab\u00a0 <em>Qui peut nous assurer que Ali Haddad est \u00e0 la prison d\u2019El Harrach. On n\u2019a rien vu. Peut-\u00eatre qu\u2019il est au Club des pins ou en Espagne, dans ses h\u00f4tels<\/em>\u00a0\u00bb.<\/p>\n<p><strong>\u00ab\u00a0<em>L\u2019histoire a r\u00e9serv\u00e9 une mauvaise place pour Gaid Salah\u00a0\u00bb<\/em><\/strong><\/p>\n<p>Un jeune venu de Tizi-Ouzou a pris le micro pour rendre hommage aux martyrs de la guerre de lib\u00e9ration, avant de se lancer dans un discours fleuve\u00a0: \u00ab\u00a0<em>Je m\u2019en fiche des langues, des orientations religieuses ou sexuelles des Alg\u00e9riens. La seule chose qui nous unit, c\u2019est notre alg\u00e9rianit\u00e9. Ils ont vol\u00e9 vingt ans de ma vie. Dix ans de terrorisme et dix ans de Bouteflika. Le temps est venu pour qu\u2019ils d\u00e9gagent tous<\/em>\u00a0\u00bb.<\/p>\n<p>Un autre s\u2019adressant directement \u00e0 Gaid Salah lui dit\u00a0: \u00ab\u00a0<em>Pas d\u2019\u00e9lections avec la bande de voleurs.\u00a0Tu ne peux plus guider le peuple comme tu veux. Ce n\u2019est pas le moment de changer un pion avec un autre. Vous devez tous partir. L\u2019histoire est en train de s\u2019\u00e9crire en te r\u00e9servant une mauvaise place\u00a0<\/em>\u00bb.<\/p>\n<p>Une jeune fille tr\u00e8s applaudie par la foule a pris tout le monde \u00e0 contrepieds. Elle a d\u00e9nonc\u00e9 le comportement de certains commer\u00e7ants qui profitent du mois de Ramadan pour augmenter les prix de fruits et l\u00e9gumes. \u00ab\u00a0<em>La corruption ne touche pas uniquement les hommes politiques et le syst\u00e8me. Elle touche aussi le peuple. La preuve, Regardez comment les prix ont commenc\u00e9 \u00e0 flamber. Avant de critiquer les autres, il faut se critique soi -m\u00eame d\u2019abord<\/em>\u00a0\u00bb. Applaudissements nourris\u2026<\/p>\n<p><span class=\"post-views-label\">Post Views:<\/span> <span class=\"post-views-count\">2\u00a0144<\/span><\/p>\n<p>Auteur: Mourad Hachid<br \/>\n<a href=\"https:\/\/www.elwatan.com\/edition\/actualite\/mobilisation-a-paris-la-justice-doit-dire-au-peuple-ce-quelle-fait-exactement-06-05-2019\">Cliquez ici pour lire l&rsquo;article depuis sa source.<\/a><\/p>\n","protected":false},"excerpt":{"rendered":"<p>Onzi\u00e8me dimanche de mobilisation \u00e0 Paris\u00a0et dans de nombreuses villes d\u2019Europe et d\u2019Am\u00e9rique.\u00a0La diaspora alg\u00e9rienne est sortie en masse, malgr\u00e9 le mauvais temps,\u00a0\u00a0pour demander le d\u00e9part de tous les visages du syst\u00e8me sans exception. Dimanche \u00e0 la place de la R\u00e9publique, les manifestants se sont r\u00e9jouis de voir Said Bouteflika et les g\u00e9n\u00e9raux Toufik M\u00e9di\u00e8ne [&hellip;]<\/p>\n","protected":false},"author":1743,"featured_media":32582,"comment_status":"closed","ping_status":"closed","sticky":false,"template":"","format":"standard","meta":{"fifu_image_url":"","fifu_image_alt":"","footnotes":""},"categories":[73,53],"tags":[],"class_list":["post-32581","post","type-post","status-publish","format-standard","has-post-thumbnail","hentry","category-actualite","category-algerie"],"_links":{"self":[{"href":"https:\/\/linitiative.ca\/International\/wp-json\/wp\/v2\/posts\/32581","targetHints":{"allow":["GET"]}}],"collection":[{"href":"https:\/\/linitiative.ca\/International\/wp-json\/wp\/v2\/posts"}],"about":[{"href":"https:\/\/linitiative.ca\/International\/wp-json\/wp\/v2\/types\/post"}],"author":[{"embeddable":true,"href":"https:\/\/linitiative.ca\/International\/wp-json\/wp\/v2\/users\/1743"}],"replies":[{"embeddable":true,"href":"https:\/\/linitiative.ca\/International\/wp-json\/wp\/v2\/comments?post=32581"}],"version-history":[{"count":0,"href":"https:\/\/linitiative.ca\/International\/wp-json\/wp\/v2\/posts\/32581\/revisions"}],"wp:featuredmedia":[{"embeddable":true,"href":"https:\/\/linitiative.ca\/International\/wp-json\/"}],"wp:attachment":[{"href":"https:\/\/linitiative.ca\/International\/wp-json\/wp\/v2\/media?parent=32581"}],"wp:term":[{"taxonomy":"category","embeddable":true,"href":"https:\/\/linitiative.ca\/International\/wp-json\/wp\/v2\/categories?post=32581"},{"taxonomy":"post_tag","embeddable":true,"href":"https:\/\/linitiative.ca\/International\/wp-json\/wp\/v2\/tags?post=32581"}],"curies":[{"name":"wp","href":"https:\/\/api.w.org\/{rel}","templated":true}]}}