{"id":32583,"date":"2019-05-06T07:04:04","date_gmt":"2019-05-06T11:04:04","guid":{"rendered":"https:\/\/linitiative.ca\/International\/affaire-somik-skikda-des-peines-de-02-a-07-ans-de-prison-prononcees\/"},"modified":"2019-05-06T07:04:04","modified_gmt":"2019-05-06T11:04:04","slug":"affaire-somik-skikda-des-peines-de-02-a-07-ans-de-prison-prononcees","status":"publish","type":"post","link":"https:\/\/linitiative.ca\/International\/affaire-somik-skikda-des-peines-de-02-a-07-ans-de-prison-prononcees\/","title":{"rendered":"Affaire Somik Skikda : Des peines de 02 \u00e0 07 ans de prison prononc\u00e9es"},"content":{"rendered":"<h4 class=\"title-14\"\/>\n<p>Des peines de prison ferme allant de deux (02) \u00e0 sept (07) ans ont \u00e9t\u00e9 prononc\u00e9es hier par le tribunal correctionnel de Skikda contre les 30 personnes, dont deux anciens PDG et des cadres poursuivies dans le cadre l\u2019affaire de la soci\u00e9t\u00e9 de maintenance industrielle Somik, une filiale de Sonatrach. Deux autres accus\u00e9s poursuivis dans cette m\u00eame affaire ont \u00e9t\u00e9 acquitt\u00e9es.<\/p>\n<p>Des peines d\u2019exclusion des march\u00e9s publics pour une dur\u00e9e de cinq ann\u00e9es ont \u00e9galement \u00e9t\u00e9 retenues contre plusieurs entreprises ayant op\u00e9r\u00e9 en tant que sous-traitants au profit de la Somik et les entreprises \u00e9trang\u00e8res cit\u00e9es dans cette affaire ont \u00e9cop\u00e9 pour leur part d\u2019une amande de 2 millions de dinars.<\/p>\n<p>Les 30 personnes, dont deux anciens PDG et des cadres de la filiale, comparaissaient pour une affaire de <em>\u00ab\u00a0<\/em><em>dilapidation, usage de faux, abus de fonction et octroi de biens indus\u00a0\u00bb<\/em> en relation avec l\u2019attribution de march\u00e9s\u00a0 engag\u00e9s dans le cadre de la construction du m\u00e9ga-train GNL dans la plateforme p\u00e9trochimique de Skikda.<\/p>\n<p>L\u2019enqu\u00eate diligent\u00e9e\u00a0 par la section de recherche de la gendarmerie en 2012 avait r\u00e9v\u00e9l\u00e9 <em>\u00ab\u00a0 une dilapidation de 248 milliards de centimes\u00a0\u00bb<\/em>selon les d\u00e9bats de l\u2019audience.L\u2019enqu\u00eate des gendarmes a concern\u00e9 dans un premier temps 55 personnes, dont 11 femmes et quatre repr\u00e9sentants de soci\u00e9t\u00e9s fran\u00e7aises, anglaises et japonaises.<\/p>\n<p><span class=\"post-views-label\">Post Views:<\/span> <span class=\"post-views-count\">1\u00a0225<\/span><\/p>\n<p>Auteur: Mourad Hachid<br \/>\n<a href=\"https:\/\/www.elwatan.com\/regions\/est\/skikda\/affaire-somik-skikda-des-peines-de-02-a-07-ans-de-prison-prononcees-06-05-2019\">Cliquez ici pour lire l&rsquo;article depuis sa source.<\/a><\/p>\n","protected":false},"excerpt":{"rendered":"<p>Des peines de prison ferme allant de deux (02) \u00e0 sept (07) ans ont \u00e9t\u00e9 prononc\u00e9es hier par le tribunal correctionnel de Skikda contre les 30 personnes, dont deux anciens PDG et des cadres poursuivies dans le cadre l\u2019affaire de la soci\u00e9t\u00e9 de maintenance industrielle Somik, une filiale de Sonatrach. Deux autres accus\u00e9s poursuivis dans [&hellip;]<\/p>\n","protected":false},"author":1743,"featured_media":0,"comment_status":"closed","ping_status":"closed","sticky":false,"template":"","format":"standard","meta":{"fifu_image_url":"","fifu_image_alt":"","footnotes":""},"categories":[73,53],"tags":[],"class_list":["post-32583","post","type-post","status-publish","format-standard","hentry","category-actualite","category-algerie"],"_links":{"self":[{"href":"https:\/\/linitiative.ca\/International\/wp-json\/wp\/v2\/posts\/32583","targetHints":{"allow":["GET"]}}],"collection":[{"href":"https:\/\/linitiative.ca\/International\/wp-json\/wp\/v2\/posts"}],"about":[{"href":"https:\/\/linitiative.ca\/International\/wp-json\/wp\/v2\/types\/post"}],"author":[{"embeddable":true,"href":"https:\/\/linitiative.ca\/International\/wp-json\/wp\/v2\/users\/1743"}],"replies":[{"embeddable":true,"href":"https:\/\/linitiative.ca\/International\/wp-json\/wp\/v2\/comments?post=32583"}],"version-history":[{"count":0,"href":"https:\/\/linitiative.ca\/International\/wp-json\/wp\/v2\/posts\/32583\/revisions"}],"wp:attachment":[{"href":"https:\/\/linitiative.ca\/International\/wp-json\/wp\/v2\/media?parent=32583"}],"wp:term":[{"taxonomy":"category","embeddable":true,"href":"https:\/\/linitiative.ca\/International\/wp-json\/wp\/v2\/categories?post=32583"},{"taxonomy":"post_tag","embeddable":true,"href":"https:\/\/linitiative.ca\/International\/wp-json\/wp\/v2\/tags?post=32583"}],"curies":[{"name":"wp","href":"https:\/\/api.w.org\/{rel}","templated":true}]}}