{"id":32585,"date":"2019-05-06T12:29:31","date_gmt":"2019-05-06T16:29:31","guid":{"rendered":"https:\/\/linitiative.ca\/International\/nehassia-reprend-son-poste-a-la-tete-de-la-federation-algerienne-de-boxe\/"},"modified":"2019-05-06T12:29:31","modified_gmt":"2019-05-06T16:29:31","slug":"nehassia-reprend-son-poste-a-la-tete-de-la-federation-algerienne-de-boxe","status":"publish","type":"post","link":"https:\/\/linitiative.ca\/International\/nehassia-reprend-son-poste-a-la-tete-de-la-federation-algerienne-de-boxe\/","title":{"rendered":"Nehassia reprend son poste \u00e0 la t\u00eate de la F\u00e9d\u00e9ration alg\u00e9rienne de boxe"},"content":{"rendered":"<h4 class=\"title-14\"\/>\n<p>Le pr\u00e9sident de la F\u00e9d\u00e9ration alg\u00e9rienne de boxe (FAB)\u00a0\u00a0Abdelmadjid Nehassia, suspendu\u00a0 arbitrairement\u00a0 par l\u2019ancien ministre de la jeunesse et des sports El Hadi Ould Ali, a \u00e9t\u00e9 r\u00e9habilit\u00e9\u00a0aujourd\u2019hui\u00a0dans son poste par le nouveau\u00a0ministre\u00a0Raouf\u00a0Bernaoui.<\/p>\n<p>Le minist\u00e8re de la Jeunesse\u00a0 et des sports a appliqu\u00e9 la d\u00e9cision du Tribunal des r\u00e8glements des litiges sportifs (TARLS ) o\u00f9 Nehassia avait gagn\u00e9\u00a0 son proc\u00e8s\u00a0contre le d\u00e9partement\u00a0 Ould\u00a0 Ali qui avait\u00a0refus\u00e9 d\u2019appliquer la\u00a0 d\u00e9cision\u00a0 du TARSL.\u00a0 Nehassia pensait que le successeur\u00a0de Ould Ali,\u00a0 \u00e0 savoir\u00a0 Mohamed Hattab allait appliquer la d\u00e9cision du TARLS stipulant l\u2019annulation de sa \u00ab\u00a0suspension temporaire\u00a0\u00bb, mais en vain.<\/p>\n<p>Pour rappel, cet\u00a0 \u00e9ni\u00e8me\u00a0 scandale dans le sport alg\u00e9rien avait cr\u00e9\u00e9 un conflit entre la FAB et\u00a0l\u2019association internationale de boxe amateur (AIBA).<\/p>\n<div class=\"yuzo_related_post style-1\" data-version=\"5.12.88\">\n<p><h3>Related Post<\/h3>\n<\/p>\n<div class=\"yuzo_wraps\">\n<div class=\"relatedthumb relatedpost-151708 c10\"><a href=\"https:\/\/www.elwatan.com\/edition\/sports\/federation-algerienne-de-boxe-a-quand-la-reintegration-de-nahasia-25-09-2018\"\/><\/p>\n<p><span class=\"yuzo__text--title c9\">F\u00e9d\u00e9ration alg\u00e9rienne de Boxe : A quand la r\u00e9int\u00e9g&#8230;<\/span><\/div>\n<div class=\"relatedthumb relatedpost-145133 c10\"><a href=\"https:\/\/www.elwatan.com\/edition\/sports\/mondiaux-2018-juniors-le-boxeur-maouche-qualifie-aux-quarts-de-finale-24-08-2018\"\/><\/p>\n<p><span class=\"yuzo__text--title c9\">Mondiaux 2018 juniors : Le boxeur Maouche qualifi\u00e9&#8230;<\/span><\/div>\n<div class=\"relatedthumb relatedpost-568951 c10\"><a href=\"https:\/\/www.elwatan.com\/edition\/championnat-du-monde-de-boxe-professionnelle-a-singapour-malaisie-rachid-hamani-pretendant-au-titre-10-04-2019\"\/><\/p>\n<p><span class=\"yuzo__text--title c9\">Championnat du monde de boxe professionnelle \u00e0 Sin&#8230;<\/span><\/div>\n<div class=\"relatedthumb relatedpost-143605 c10\"><a href=\"https:\/\/www.elwatan.com\/regions\/est\/constantine\/portrait-adel-zemouli-jeune-boxeur-de-lasr-constantine-un-battant-sur-le-ring-13-08-2018\"\/><\/p>\n<p><span class=\"yuzo__text--title c9\">Adel Zemouli, jeune boxeur de l\u2019ASR Constantine : &#8230;<\/span><\/div>\n<\/div>\n<\/div>\n<p><span class=\"post-views-label\">Post Views:<\/span> <span class=\"post-views-count\">106<\/span><\/p>\n<p>Auteur: Farouk Djouadi<br \/>\n<a href=\"https:\/\/www.elwatan.com\/edition\/sports\/nehassia-reprend-son-poste-a-la-tete-de-la-federation-algerienne-de-boxe-06-05-2019\">Cliquez ici pour lire l&rsquo;article depuis sa source.<\/a><\/p>\n","protected":false},"excerpt":{"rendered":"<p>Le pr\u00e9sident de la F\u00e9d\u00e9ration alg\u00e9rienne de boxe (FAB)\u00a0\u00a0Abdelmadjid Nehassia, suspendu\u00a0 arbitrairement\u00a0 par l\u2019ancien ministre de la jeunesse et des sports El Hadi Ould Ali, a \u00e9t\u00e9 r\u00e9habilit\u00e9\u00a0aujourd\u2019hui\u00a0dans son poste par le nouveau\u00a0ministre\u00a0Raouf\u00a0Bernaoui. Le minist\u00e8re de la Jeunesse\u00a0 et des sports a appliqu\u00e9 la d\u00e9cision du Tribunal des r\u00e8glements des litiges sportifs (TARLS ) o\u00f9 [&hellip;]<\/p>\n","protected":false},"author":1743,"featured_media":0,"comment_status":"closed","ping_status":"closed","sticky":false,"template":"","format":"standard","meta":{"fifu_image_url":"","fifu_image_alt":"","footnotes":""},"categories":[73,53],"tags":[],"class_list":["post-32585","post","type-post","status-publish","format-standard","hentry","category-actualite","category-algerie"],"_links":{"self":[{"href":"https:\/\/linitiative.ca\/International\/wp-json\/wp\/v2\/posts\/32585","targetHints":{"allow":["GET"]}}],"collection":[{"href":"https:\/\/linitiative.ca\/International\/wp-json\/wp\/v2\/posts"}],"about":[{"href":"https:\/\/linitiative.ca\/International\/wp-json\/wp\/v2\/types\/post"}],"author":[{"embeddable":true,"href":"https:\/\/linitiative.ca\/International\/wp-json\/wp\/v2\/users\/1743"}],"replies":[{"embeddable":true,"href":"https:\/\/linitiative.ca\/International\/wp-json\/wp\/v2\/comments?post=32585"}],"version-history":[{"count":0,"href":"https:\/\/linitiative.ca\/International\/wp-json\/wp\/v2\/posts\/32585\/revisions"}],"wp:attachment":[{"href":"https:\/\/linitiative.ca\/International\/wp-json\/wp\/v2\/media?parent=32585"}],"wp:term":[{"taxonomy":"category","embeddable":true,"href":"https:\/\/linitiative.ca\/International\/wp-json\/wp\/v2\/categories?post=32585"},{"taxonomy":"post_tag","embeddable":true,"href":"https:\/\/linitiative.ca\/International\/wp-json\/wp\/v2\/tags?post=32585"}],"curies":[{"name":"wp","href":"https:\/\/api.w.org\/{rel}","templated":true}]}}