{"id":32588,"date":"2019-05-06T06:51:00","date_gmt":"2019-05-06T10:51:00","guid":{"rendered":"https:\/\/linitiative.ca\/International\/nouvelle-peugeot-508-la-berline-radicale-photos\/"},"modified":"2019-05-06T06:51:00","modified_gmt":"2019-05-06T10:51:00","slug":"nouvelle-peugeot-508-la-berline-radicale-photos","status":"publish","type":"post","link":"https:\/\/linitiative.ca\/International\/nouvelle-peugeot-508-la-berline-radicale-photos\/","title":{"rendered":"Nouvelle PEUGEOT 508: La berline radicale ! (Photos)"},"content":{"rendered":"<p>La nouvelle PEUGEOT 508 change tout. Nouvelle architecture basse et compacte, nouveau design ext\u00e9rieur ac\u00e9r\u00e9 et muscl\u00e9, int\u00e9rieur spectaculaire int\u00e9grant une interpr\u00e9tation in\u00e9dite du PEUGEOT i-Cockpit\u00ae, la nouvelle PEUGEOT 508 est une promesse de sensations intenses. Son comportement routier exemplaire, ses nouvelles motorisations, sa large dotation technologique mais aussi le saut g\u00e9n\u00e9rationnel en qualit\u00e9 font de la nouvelle PEUGEOT 508 le porte-\u00e9tendard mondial de la mont\u00e9e en gamme de la marque.<\/p>\n<p><a href=\"\/uploads\/FCK_files\/PEUGEOT_508_0218InfoPresse_FR.pdf\" target=\"_blank\" rel=\"noopener noreferrer\">T\u00e9l\u00e9charger le communiquer<\/a><\/p>\n<p>Auteur:<br \/>\n<a href=\"https:\/\/www.leaders.com.tn\/article\/27049-nouvelle-peugeot-508-la-berline-radicale\">Cliquez ici pour lire l&rsquo;article depuis sa source.<\/a><\/p>\n","protected":false},"excerpt":{"rendered":"<p>La nouvelle PEUGEOT 508 change tout. Nouvelle architecture basse et compacte, nouveau design ext\u00e9rieur ac\u00e9r\u00e9 et muscl\u00e9, int\u00e9rieur spectaculaire int\u00e9grant une interpr\u00e9tation in\u00e9dite du PEUGEOT i-Cockpit\u00ae, la nouvelle PEUGEOT 508 est une promesse de sensations intenses. Son comportement routier exemplaire, ses nouvelles motorisations, sa large dotation technologique mais aussi le saut g\u00e9n\u00e9rationnel en qualit\u00e9 font [&hellip;]<\/p>\n","protected":false},"author":1772,"featured_media":0,"comment_status":"closed","ping_status":"closed","sticky":false,"template":"","format":"standard","meta":{"fifu_image_url":"","fifu_image_alt":"","footnotes":""},"categories":[73,55],"tags":[],"class_list":["post-32588","post","type-post","status-publish","format-standard","hentry","category-actualite","category-tunisie"],"_links":{"self":[{"href":"https:\/\/linitiative.ca\/International\/wp-json\/wp\/v2\/posts\/32588","targetHints":{"allow":["GET"]}}],"collection":[{"href":"https:\/\/linitiative.ca\/International\/wp-json\/wp\/v2\/posts"}],"about":[{"href":"https:\/\/linitiative.ca\/International\/wp-json\/wp\/v2\/types\/post"}],"author":[{"embeddable":true,"href":"https:\/\/linitiative.ca\/International\/wp-json\/wp\/v2\/users\/1772"}],"replies":[{"embeddable":true,"href":"https:\/\/linitiative.ca\/International\/wp-json\/wp\/v2\/comments?post=32588"}],"version-history":[{"count":0,"href":"https:\/\/linitiative.ca\/International\/wp-json\/wp\/v2\/posts\/32588\/revisions"}],"wp:attachment":[{"href":"https:\/\/linitiative.ca\/International\/wp-json\/wp\/v2\/media?parent=32588"}],"wp:term":[{"taxonomy":"category","embeddable":true,"href":"https:\/\/linitiative.ca\/International\/wp-json\/wp\/v2\/categories?post=32588"},{"taxonomy":"post_tag","embeddable":true,"href":"https:\/\/linitiative.ca\/International\/wp-json\/wp\/v2\/tags?post=32588"}],"curies":[{"name":"wp","href":"https:\/\/api.w.org\/{rel}","templated":true}]}}