{"id":32604,"date":"2019-05-06T06:00:00","date_gmt":"2019-05-06T10:00:00","guid":{"rendered":"https:\/\/linitiative.ca\/International\/la-liste-istn-sallonge\/"},"modified":"2019-05-06T06:00:00","modified_gmt":"2019-05-06T10:00:00","slug":"la-liste-istn-sallonge","status":"publish","type":"post","link":"https:\/\/linitiative.ca\/International\/la-liste-istn-sallonge\/","title":{"rendered":"La liste ISTN s\u2019allonge"},"content":{"rendered":"<p>On apprend qu\u2019une liste d\u2019une centaine de personnes vient d\u2019\u00eatre rajout\u00e9e \u00e0 celle de ceux frapp\u00e9s par une interdiction de sortie du territoire (ISTN).\u00a0<br \/>\nSelon des indiscr\u00e9tions, cette liste comprend des cadres de l\u2019Etat et des hommes d\u2019affaires.<\/p>\n<p>Auteur:<br \/>\n<a href=\"https:\/\/www.lesoirdalgerie.com\/periscoop\/la-liste-istn-sallonge-23378\">Cliquez ici pour lire l&rsquo;article depuis sa source.<\/a><\/p>\n","protected":false},"excerpt":{"rendered":"<p>On apprend qu\u2019une liste d\u2019une centaine de personnes vient d\u2019\u00eatre rajout\u00e9e \u00e0 celle de ceux frapp\u00e9s par une interdiction de sortie du territoire (ISTN).\u00a0 Selon des indiscr\u00e9tions, cette liste comprend des cadres de l\u2019Etat et des hommes d\u2019affaires. Auteur: Cliquez ici pour lire l&rsquo;article depuis sa source.<\/p>\n","protected":false},"author":1741,"featured_media":0,"comment_status":"closed","ping_status":"closed","sticky":false,"template":"","format":"standard","meta":{"fifu_image_url":"","fifu_image_alt":"","footnotes":""},"categories":[73,53],"tags":[],"class_list":["post-32604","post","type-post","status-publish","format-standard","hentry","category-actualite","category-algerie"],"_links":{"self":[{"href":"https:\/\/linitiative.ca\/International\/wp-json\/wp\/v2\/posts\/32604","targetHints":{"allow":["GET"]}}],"collection":[{"href":"https:\/\/linitiative.ca\/International\/wp-json\/wp\/v2\/posts"}],"about":[{"href":"https:\/\/linitiative.ca\/International\/wp-json\/wp\/v2\/types\/post"}],"author":[{"embeddable":true,"href":"https:\/\/linitiative.ca\/International\/wp-json\/wp\/v2\/users\/1741"}],"replies":[{"embeddable":true,"href":"https:\/\/linitiative.ca\/International\/wp-json\/wp\/v2\/comments?post=32604"}],"version-history":[{"count":0,"href":"https:\/\/linitiative.ca\/International\/wp-json\/wp\/v2\/posts\/32604\/revisions"}],"wp:attachment":[{"href":"https:\/\/linitiative.ca\/International\/wp-json\/wp\/v2\/media?parent=32604"}],"wp:term":[{"taxonomy":"category","embeddable":true,"href":"https:\/\/linitiative.ca\/International\/wp-json\/wp\/v2\/categories?post=32604"},{"taxonomy":"post_tag","embeddable":true,"href":"https:\/\/linitiative.ca\/International\/wp-json\/wp\/v2\/tags?post=32604"}],"curies":[{"name":"wp","href":"https:\/\/api.w.org\/{rel}","templated":true}]}}