{"id":32605,"date":"2019-05-06T06:00:00","date_gmt":"2019-05-06T10:00:00","guid":{"rendered":"https:\/\/linitiative.ca\/International\/hamel-le-hangar-et-le-wali\/"},"modified":"2019-05-06T06:00:00","modified_gmt":"2019-05-06T10:00:00","slug":"hamel-le-hangar-et-le-wali","status":"publish","type":"post","link":"https:\/\/linitiative.ca\/International\/hamel-le-hangar-et-le-wali\/","title":{"rendered":"Hamel, le hangar et le wali"},"content":{"rendered":"<p>Parmi les griefs retenus contre l\u2019ex-patron de la DGSN, Abdelghani El Hamel, figure l\u2019affaire de ce hangar de plusieurs centaines de m\u00e8tres carr\u00e9s situ\u00e9 \u00e0 Mascara.\u00a0<br \/>Cette b\u00e2tisse \u00e9tait la propri\u00e9t\u00e9 de la DGSN puis elle a \u00e9t\u00e9 r\u00e9troc\u00e9d\u00e9e \u00e0 la wilaya de Mascara, laquelle, enfin, l\u2019a c\u00e9d\u00e9e \u00e0 son tour au fils de l\u2019ex-DGSN.<\/p>\n<p>Auteur:<br \/>\n<a href=\"https:\/\/www.lesoirdalgerie.com\/periscoop\/hamel-le-hangar-et-le-wali-23377\">Cliquez ici pour lire l&rsquo;article depuis sa source.<\/a><\/p>\n","protected":false},"excerpt":{"rendered":"<p>Parmi les griefs retenus contre l\u2019ex-patron de la DGSN, Abdelghani El Hamel, figure l\u2019affaire de ce hangar de plusieurs centaines de m\u00e8tres carr\u00e9s situ\u00e9 \u00e0 Mascara.\u00a0Cette b\u00e2tisse \u00e9tait la propri\u00e9t\u00e9 de la DGSN puis elle a \u00e9t\u00e9 r\u00e9troc\u00e9d\u00e9e \u00e0 la wilaya de Mascara, laquelle, enfin, l\u2019a c\u00e9d\u00e9e \u00e0 son tour au fils de l\u2019ex-DGSN. Auteur: [&hellip;]<\/p>\n","protected":false},"author":1741,"featured_media":0,"comment_status":"closed","ping_status":"closed","sticky":false,"template":"","format":"standard","meta":{"fifu_image_url":"","fifu_image_alt":"","footnotes":""},"categories":[73,53],"tags":[],"class_list":["post-32605","post","type-post","status-publish","format-standard","hentry","category-actualite","category-algerie"],"_links":{"self":[{"href":"https:\/\/linitiative.ca\/International\/wp-json\/wp\/v2\/posts\/32605","targetHints":{"allow":["GET"]}}],"collection":[{"href":"https:\/\/linitiative.ca\/International\/wp-json\/wp\/v2\/posts"}],"about":[{"href":"https:\/\/linitiative.ca\/International\/wp-json\/wp\/v2\/types\/post"}],"author":[{"embeddable":true,"href":"https:\/\/linitiative.ca\/International\/wp-json\/wp\/v2\/users\/1741"}],"replies":[{"embeddable":true,"href":"https:\/\/linitiative.ca\/International\/wp-json\/wp\/v2\/comments?post=32605"}],"version-history":[{"count":0,"href":"https:\/\/linitiative.ca\/International\/wp-json\/wp\/v2\/posts\/32605\/revisions"}],"wp:attachment":[{"href":"https:\/\/linitiative.ca\/International\/wp-json\/wp\/v2\/media?parent=32605"}],"wp:term":[{"taxonomy":"category","embeddable":true,"href":"https:\/\/linitiative.ca\/International\/wp-json\/wp\/v2\/categories?post=32605"},{"taxonomy":"post_tag","embeddable":true,"href":"https:\/\/linitiative.ca\/International\/wp-json\/wp\/v2\/tags?post=32605"}],"curies":[{"name":"wp","href":"https:\/\/api.w.org\/{rel}","templated":true}]}}