{"id":32607,"date":"2019-05-06T06:00:00","date_gmt":"2019-05-06T10:00:00","guid":{"rendered":"https:\/\/linitiative.ca\/International\/aller-voter-quand-et-pour-qui\/"},"modified":"2019-05-06T06:00:00","modified_gmt":"2019-05-06T10:00:00","slug":"aller-voter-quand-et-pour-qui","status":"publish","type":"post","link":"https:\/\/linitiative.ca\/International\/aller-voter-quand-et-pour-qui\/","title":{"rendered":"Aller voter quand et pour qui ?"},"content":{"rendered":"<p class=\"c3\">J\u2019ai parl\u00e9, il y a quelques jours, de la pr\u00e9sidentielle que les responsables du pays tiennent \u00e0 tout prix \u00e0 organiser, \u00e0 la date convenue par eux. Pour en assurer le bon d\u00e9roulement, on pr\u00e9f\u00e8re que Abdelkader Bensalah soit aux commandes, que les choses soient conduites par le chef de l\u2019Etat par int\u00e9rim. Soit ! Admettons que cela soit r\u00e9alisable, que les Alg\u00e9riens se calment et finissent par se ranger \u00e0 l\u2019avis des d\u00e9cideurs qui veillent au grain. Lui ou quelqu\u2019un d\u2019autre, autant que ce soit quelqu\u2019un de l\u2019int\u00e9rieur du syst\u00e8me qui veille \u00e0 ce qu\u2019aucune voix ne se perde au profit d\u2019un inconnu, de quelqu\u2019un qui pourrait mener le pays l\u00e0 o\u00f9 les forces en coulisses n\u2019ont pas envie de le voir aller. A ce que ces derni\u00e8res consid\u00e8rent comme une\u00a0 d\u00e9rive. Comme si ce n\u2019\u00e9tait pas d\u00e9j\u00e0 le cas. Comme si tout se passait \u00e0 merveille l\u00e0 o\u00f9 la rue n\u2019arr\u00eate pas de r\u00e9clamer le changement !\u00a0<br \/>La Constitution que Bouteflika et son entourage ont tripot\u00e9e \u00e0 leur guise, et que ces derniers, jusqu\u2019\u00e0 la derni\u00e8re minute, ont voulu manipuler \u00e0 souhait, est devenue, depuis le mouvement citoyen du 22 f\u00e9vrier, le moyen incontournable, voire le seul instrument qui garantisse le respect des lois de la R\u00e9publique. On est tellement certain de parvenir \u00e0 imposer un scrutin \u00e0 une opinion r\u00e9fractaire, dont on se refuse \u00e0 entendre le rejet, que l\u2019on ne se soucie pas de ce qui se passera au lendemain du rendez-vous \u00e9lectoral.\u00a0\u00a0<br \/>La fin du mandat de Abdelkader Bensalah est programm\u00e9e pour le 9 juillet. Autrement dit, 5 jours apr\u00e8s le vote. Qui va assurer la suite ? Le second tour, par exemple, personne n\u2019en parle !\u00a0<br \/>A moins que l\u2019on ait d\u00e9cid\u00e9, \u00e0 l\u2019avance, comme je l\u2019ai entendu expliquer par un observateur, celui-l\u00e0, effectivement, averti, qu\u2019il n\u2019y aurait pas de second tour ?\u00a0<br \/>A moins que l\u2019on ait d\u00e9cid\u00e9 que le 4 juillet au soir, tout serait pli\u00e9 et que le lendemain l\u2019Alg\u00e9rie se r\u00e9veillerait avec un nouveau pr\u00e9sident que d\u2019aucuns auraient choisi au pays ? Une \u00e9lection sans second tour est-elle possible ? Personne n\u2019a \u00e9voqu\u00e9 l\u2019apr\u00e8s, comme s\u2019il \u00e9tait \u00e9vident que tout soit pli\u00e9 en un tour en faveur d\u2019un candidat qui assure la continuit\u00e9. Affaire \u00e0 suivre ?\u00a0<br \/><em><strong>M. B.<\/strong><\/em><\/p>\n<p>Auteur:<br \/>\n<a href=\"https:\/\/www.lesoirdalgerie.com\/soit-dit-en-passant\/aller-voter-quand-et-pour-qui-23375\">Cliquez ici pour lire l&rsquo;article depuis sa source.<\/a><\/p>\n","protected":false},"excerpt":{"rendered":"<p>J\u2019ai parl\u00e9, il y a quelques jours, de la pr\u00e9sidentielle que les responsables du pays tiennent \u00e0 tout prix \u00e0 organiser, \u00e0 la date convenue par eux. Pour en assurer le bon d\u00e9roulement, on pr\u00e9f\u00e8re que Abdelkader Bensalah soit aux commandes, que les choses soient conduites par le chef de l\u2019Etat par int\u00e9rim. Soit ! [&hellip;]<\/p>\n","protected":false},"author":1741,"featured_media":0,"comment_status":"closed","ping_status":"closed","sticky":false,"template":"","format":"standard","meta":{"fifu_image_url":"","fifu_image_alt":"","footnotes":""},"categories":[73,53],"tags":[],"class_list":["post-32607","post","type-post","status-publish","format-standard","hentry","category-actualite","category-algerie"],"_links":{"self":[{"href":"https:\/\/linitiative.ca\/International\/wp-json\/wp\/v2\/posts\/32607","targetHints":{"allow":["GET"]}}],"collection":[{"href":"https:\/\/linitiative.ca\/International\/wp-json\/wp\/v2\/posts"}],"about":[{"href":"https:\/\/linitiative.ca\/International\/wp-json\/wp\/v2\/types\/post"}],"author":[{"embeddable":true,"href":"https:\/\/linitiative.ca\/International\/wp-json\/wp\/v2\/users\/1741"}],"replies":[{"embeddable":true,"href":"https:\/\/linitiative.ca\/International\/wp-json\/wp\/v2\/comments?post=32607"}],"version-history":[{"count":0,"href":"https:\/\/linitiative.ca\/International\/wp-json\/wp\/v2\/posts\/32607\/revisions"}],"wp:attachment":[{"href":"https:\/\/linitiative.ca\/International\/wp-json\/wp\/v2\/media?parent=32607"}],"wp:term":[{"taxonomy":"category","embeddable":true,"href":"https:\/\/linitiative.ca\/International\/wp-json\/wp\/v2\/categories?post=32607"},{"taxonomy":"post_tag","embeddable":true,"href":"https:\/\/linitiative.ca\/International\/wp-json\/wp\/v2\/tags?post=32607"}],"curies":[{"name":"wp","href":"https:\/\/api.w.org\/{rel}","templated":true}]}}